{"id":712,"date":"2024-04-02T09:59:46","date_gmt":"2024-04-02T12:59:46","guid":{"rendered":"https:\/\/guialimeira.com.br\/2024\/04\/02\/ibama-cria-plataforma-para-acompanhar-recuperacao-ambiental\/"},"modified":"2024-04-02T09:59:46","modified_gmt":"2024-04-02T12:59:46","slug":"ibama-cria-plataforma-para-acompanhar-recuperacao-ambiental","status":"publish","type":"post","link":"https:\/\/guialimeira.com.br\/news\/ibama-cria-plataforma-para-acompanhar-recuperacao-ambiental\/","title":{"rendered":"Ibama cria plataforma para acompanhar recupera\u00e7\u00e3o ambiental"},"content":{"rendered":"<p> <br \/>\n<\/p>\n<div>\n<p>O Instituto Brasileiro do Meio Ambiente e dos Recursos Naturais Renov\u00e1veis (Ibama) criou a Plataforma de Acompanhamento da Recupera\u00e7\u00e3o Ambiental (Recooperar), que reunir\u00e1 dados de \u00e1reas degradadas ou alteradas para desenvolvimento de projetos ambientais. A norma que institui a ferramenta foi publicada nesta ter\u00e7a-feira (2) no <a href=\"http:\/\/in.gov.br\/web\/dou\/-\/instrucao-normativa-ibama-n-9-de-25-de-marco-de-2024-551196121\" target=\"_blank\" rel=\"noopener\"><em>Di\u00e1rio Oficial da Uni\u00e3o<\/em><\/a> e come\u00e7ar\u00e1 a vigorar no pr\u00f3ximo dia 15.<img data-recalc-dims=\"1\" decoding=\"async\" src=\"https:\/\/i0.wp.com\/agenciabrasil.ebc.com.br\/ebc.png?w=696&#038;ssl=1\" style=\"width:1px; height:1px; display:inline;\"\/><img data-recalc-dims=\"1\" decoding=\"async\" src=\"https:\/\/i0.wp.com\/agenciabrasil.ebc.com.br\/ebc.gif?w=696&#038;ssl=1\" style=\"width:1px; height:1px; display:inline;\"\/><\/p>\n<p>Al\u00e9m das a\u00e7\u00f5es de recupera\u00e7\u00e3o ambiental promovidas pelo Ibama, a Recooperar reunir\u00e1 processos administrativos, inclusive municipais e estaduais, sobre \u00e1reas degradadas e dados geogr\u00e1ficos como bioma e informa\u00e7\u00f5es hidrogr\u00e1ficas, al\u00e9m de defini\u00e7\u00f5es como a destina\u00e7\u00e3o dada, se pertence a uma unidade de conserva\u00e7\u00e3o, territ\u00f3rios quilombolas, terras ind\u00edgenas, ou se possui Cadastro Ambiental Rural (CAR).<\/p>\n<p>De acordo com a institui\u00e7\u00e3o, foram incorporadas informa\u00e7\u00f5es sobre \u00e1reas embargadas, sobre Planos de Recupera\u00e7\u00e3o de \u00c1reas Degradadas (Prads) para repara\u00e7\u00e3o de danos ambientais, projetos de plantio compensat\u00f3rio e reposi\u00e7\u00e3o florestal.<\/p>\n<h2>Plataforma de An\u00e1lise<\/h2>\n<p>Atualmente, o acompanhamento de processos do Ibama \u00e9 feito por meio da <a href=\"https:\/\/pamgia.ibama.gov.br\/home\/\" target=\"_blank\" rel=\"noopener\">Plataforma de An\u00e1lise e Monitoramento Geoespacial da Informa\u00e7\u00e3o Ambiental (Pamgia)<\/a>, onde est\u00e3o dispon\u00edveis apenas consultas de processos por estado, munic\u00edpio, data de cadastro, origem ou n\u00famero do processo administrativo. Para a nova plataforma ser\u00e3o migrados os dados de outras plataformas do \u00f3rg\u00e3o, como o Cadastro Simplificado de Vetores do Ibama (CASV).<\/p>\n<p>Segundo as normas, o Ibama disponibilizar\u00e1 tamb\u00e9m instru\u00e7\u00f5es aos usu\u00e1rios para acesso \u00e0 nova plataforma, cadastro de perfil e consulta \u00e0s funcionalidades.<\/p>\n<p>A iniciativa \u00e9 uma estrat\u00e9gia de implementa\u00e7\u00e3o da Pol\u00edtica Nacional de Recupera\u00e7\u00e3o da Vegeta\u00e7\u00e3o Nativa, tamb\u00e9m alinhada aos acordos internacionais assumidos pelo Brasil, como o Desafio de Bonn e a Iniciativa 20&#215;20, que t\u00eam como meta restaurar 12 milh\u00f5es de hectares de \u00e1reas degradadas at\u00e9 2030.<\/p>\n<\/p><\/div>\n<p><br \/>\n<br \/><a href=\"https:\/\/agenciabrasil.ebc.com.br\/geral\/noticia\/2024-04\/ibama-cria-plataforma-para-acompanhar-recuperacao-ambiental\" rel=\"noopener\">Ag\u00eancia Brasil<\/a><\/p>\n","protected":false},"excerpt":{"rendered":"<p>O Instituto Brasileiro do Meio Ambiente e dos Recursos Naturais Renov\u00e1veis (Ibama) criou a Plataforma de Acompanhamento da Recupera\u00e7\u00e3o Ambiental (Recooperar), que reunir\u00e1 dados de \u00e1reas degradadas ou alteradas para desenvolvimento de projetos ambientais. A norma que institui a ferramenta foi publicada nesta ter\u00e7a-feira (2) no Di\u00e1rio Oficial da Uni\u00e3o e come\u00e7ar\u00e1 a vigorar no [&hellip;]<\/p>\n","protected":false},"author":1,"featured_media":713,"comment_status":"open","ping_status":"open","sticky":false,"template":"","format":"standard","meta":{"_jetpack_newsletter_access":"","_jetpack_dont_email_post_to_subs":false,"_jetpack_newsletter_tier_id":0,"_jetpack_memberships_contains_paywalled_content":false,"_mbp_banners":[],"_jetpack_feature_clip_id":0,"_jetpack_memberships_contains_paid_content":false,"footnotes":"","jetpack_publicize_message":"","jetpack_publicize_feature_enabled":true,"jetpack_social_post_already_shared":true,"jetpack_social_options":{"image_generator_settings":{"template":"highway","default_image_id":0,"font":"","enabled":false},"version":2},"jetpack_post_was_ever_published":false},"categories":[1],"tags":[],"class_list":["post-712","post","type-post","status-publish","format-standard","has-post-thumbnail","category-geral"],"jetpack_publicize_connections":[],"jetpack-related-posts":[],"jetpack_shortlink":"https:\/\/wp.me\/p7Eq1F-bu","jetpack_sharing_enabled":true,"jetpack_featured_media_url":"https:\/\/i0.wp.com\/guialimeira.com.br\/news\/wp-content\/uploads\/2024\/04\/1095537-vacpto__25.10.17_16.jpg?fit=1600%2C800&ssl=1","_links":{"self":[{"href":"https:\/\/guialimeira.com.br\/news\/wp-json\/wp\/v2\/posts\/712","targetHints":{"allow":["GET"]}}],"collection":[{"href":"https:\/\/guialimeira.com.br\/news\/wp-json\/wp\/v2\/posts"}],"about":[{"href":"https:\/\/guialimeira.com.br\/news\/wp-json\/wp\/v2\/types\/post"}],"author":[{"embeddable":true,"href":"https:\/\/guialimeira.com.br\/news\/wp-json\/wp\/v2\/users\/1"}],"replies":[{"embeddable":true,"href":"https:\/\/guialimeira.com.br\/news\/wp-json\/wp\/v2\/comments?post=712"}],"version-history":[{"count":0,"href":"https:\/\/guialimeira.com.br\/news\/wp-json\/wp\/v2\/posts\/712\/revisions"}],"wp:featuredmedia":[{"embeddable":true,"href":"https:\/\/guialimeira.com.br\/news\/wp-json\/wp\/v2\/media\/713"}],"wp:attachment":[{"href":"https:\/\/guialimeira.com.br\/news\/wp-json\/wp\/v2\/media?parent=712"}],"wp:term":[{"taxonomy":"category","embeddable":true,"href":"https:\/\/guialimeira.com.br\/news\/wp-json\/wp\/v2\/categories?post=712"},{"taxonomy":"post_tag","embeddable":true,"href":"https:\/\/guialimeira.com.br\/news\/wp-json\/wp\/v2\/tags?post=712"}],"curies":[{"name":"wp","href":"https:\/\/api.w.org\/{rel}","templated":true}]}}