{"id":71157,"date":"2026-07-02T15:07:09","date_gmt":"2026-07-02T18:07:09","guid":{"rendered":"https:\/\/guialimeira.com.br\/ubs-nova-limeira-reforca-prevencao-a-violencia-contra-pessoas-idosas-com-demencia\/"},"modified":"2026-07-02T15:07:09","modified_gmt":"2026-07-02T18:07:09","slug":"ubs-nova-limeira-reforca-prevencao-a-violencia-contra-pessoas-idosas-com-demencia","status":"publish","type":"post","link":"https:\/\/guialimeira.com.br\/news\/ubs-nova-limeira-reforca-prevencao-a-violencia-contra-pessoas-idosas-com-demencia\/","title":{"rendered":"UBS Nova Limeira refor\u00e7a preven\u00e7\u00e3o \u00e0 viol\u00eancia contra pessoas idosas com dem\u00eancia"},"content":{"rendered":"<p> <br \/>\n<\/p>\n<div>\n                <main class=\"\">&#13;<br \/>\n                    &#13;<br \/>\n&#13;<br \/>\n&#13;<br \/>\n&#13;<br \/>\n&#13;<br \/>\n&#13;<br \/>\n    <img data-recalc-dims=\"1\" decoding=\"async\" src=\"https:\/\/i0.wp.com\/ecrie.com.br\/sistema\/conteudos\/imagem\/m_137_0_1_02072026145737.jpeg?w=696&#038;ssl=1\" alt=\"UBS Nova Limeira refor\u00e7a preven\u00e7\u00e3o \u00e0 viol\u00eancia contra pessoas idosas com dem\u00eancia\"\/>&#13;<br \/>\n&#13;<br \/>\n&#13;<\/p>\n<p style=\"text-align: justify;\">A UBS Nova Limeira promoveu uma palestra sobre o tema &#8220;Viol\u00eancia Contra a Pessoa Idosa com Dem\u00eancia&#8221;, com o objetivo de conscientizar a popula\u00e7\u00e3o sobre a preven\u00e7\u00e3o e a identifica\u00e7\u00e3o precoce das diversas formas de viol\u00eancia contra idosos.<br \/>O encontro destacou a situa\u00e7\u00e3o das pessoas que vivem com dem\u00eancia, condi\u00e7\u00e3o que aumenta a vulnerabilidade social, emocional, f\u00edsica e financeira e exige aten\u00e7\u00e3o redobrada da fam\u00edlia, dos cuidadores e da rede de apoio.<\/p>\n<p>&#13;<\/p>\n<p style=\"text-align: justify;\">A palestra foi ministrada pela geront\u00f3loga Dra. D\u00e9bora Lee Vianna Paulo, formada pela Universidade de S\u00e3o Paulo, especialista em Neurologia do Adulto pelo Hospital Israelita Albert Einstein, mestra em Gerontologia pela Universidade Estadual de Campinas (Unicamp) e doutoranda em Gerontologia pela mesma institui\u00e7\u00e3o, onde desenvolve pesquisa voltada ao impacto de interven\u00e7\u00f5es cognitivas e tecnol\u00f3gicas na sa\u00fade da pessoa idosa.<\/p>\n<p>&#13;<\/p>\n<p style=\"text-align: justify;\">Durante o encontro, foram abordados os principais tipos de viol\u00eancia que podem atingir a pessoa idosa, como viol\u00eancia f\u00edsica, psicol\u00f3gica, patrimonial, financeira, neglig\u00eancia e abandono, al\u00e9m da import\u00e2ncia da identifica\u00e7\u00e3o precoce dessas situa\u00e7\u00f5es e do fortalecimento da rede de apoio familiar e comunit\u00e1ria.<\/p>\n<p>&#13;<\/p>\n<p style=\"text-align: justify;\">A atividade reuniu idosos atendidos pela UBS Nova Limeira e participantes do grupo de idosos da unidade, proporcionando um espa\u00e7o para orienta\u00e7\u00e3o, troca de experi\u00eancias e esclarecimento de d\u00favidas sobre os direitos da pessoa idosa e os canais de den\u00fancia em casos de viol\u00eancia.<\/p>\n<p>&#13;<\/p>\n<p style=\"text-align: justify;\">A iniciativa integra as a\u00e7\u00f5es de promo\u00e7\u00e3o da sa\u00fade desenvolvidas pela Secretaria de Sa\u00fade de Limeira, fortalecendo o cuidado integral \u00e0 pessoa idosa e incentivando o envelhecimento saud\u00e1vel, seguro e com qualidade de vida.<\/p>\n<p>&#13;<br \/>\n&#13;<br \/>\n&#13;<br \/>\n&#13;<\/p>\n<article class=\"conteudo-relacionado no-print\">&#13;<br \/>\n        &#13;<br \/>\n&#13;<br \/>\n        &#13;<br \/>\n    <\/article>\n<p>&#13;<br \/>\n&#13;<br \/>\n                <\/main><\/p><\/div>\n<p><br \/>\n<br \/><a href=\"https:\/\/limeira.sp.gov.br\/ubs-nova-limeira-reforca-prevencao-a-violencia-contra-pessoas-idosas-com-demencia\" rel=\"noopener\">Informa\u00e7\u00f5es da PML <\/a><\/p>\n","protected":false},"excerpt":{"rendered":"<p>&#13; &#13; &#13; &#13; &#13; &#13; &#13; &#13; &#13; &#13; A UBS Nova Limeira promoveu uma palestra sobre o tema &#8220;Viol\u00eancia Contra a Pessoa Idosa com Dem\u00eancia&#8221;, com o objetivo de conscientizar a popula\u00e7\u00e3o sobre a preven\u00e7\u00e3o e a identifica\u00e7\u00e3o precoce das diversas formas de viol\u00eancia contra idosos.O encontro destacou a situa\u00e7\u00e3o das pessoas que [&hellip;]<\/p>\n","protected":false},"author":1,"featured_media":71158,"comment_status":"","ping_status":"open","sticky":false,"template":"","format":"standard","meta":{"_jetpack_newsletter_access":"","_jetpack_dont_email_post_to_subs":false,"_jetpack_newsletter_tier_id":0,"_jetpack_memberships_contains_paywalled_content":false,"_mbp_banners":[],"_jetpack_feature_clip_id":0,"_jetpack_memberships_contains_paid_content":false,"footnotes":"","jetpack_publicize_message":"","jetpack_publicize_feature_enabled":true,"jetpack_social_post_already_shared":true,"jetpack_social_options":{"image_generator_settings":{"template":"highway","default_image_id":0,"font":"","enabled":false},"version":2},"jetpack_post_was_ever_published":false},"categories":[16],"tags":[],"class_list":["post-71157","post","type-post","status-publish","format-standard","has-post-thumbnail","category-local"],"jetpack_publicize_connections":[],"jetpack-related-posts":[],"jetpack_shortlink":"https:\/\/wp.me\/p7Eq1F-ivH","jetpack_sharing_enabled":true,"jetpack_featured_media_url":"https:\/\/i0.wp.com\/guialimeira.com.br\/news\/wp-content\/uploads\/2026\/07\/m_137_0_1_02072026145737.jpeg?fit=1024%2C576&ssl=1","_links":{"self":[{"href":"https:\/\/guialimeira.com.br\/news\/wp-json\/wp\/v2\/posts\/71157","targetHints":{"allow":["GET"]}}],"collection":[{"href":"https:\/\/guialimeira.com.br\/news\/wp-json\/wp\/v2\/posts"}],"about":[{"href":"https:\/\/guialimeira.com.br\/news\/wp-json\/wp\/v2\/types\/post"}],"author":[{"embeddable":true,"href":"https:\/\/guialimeira.com.br\/news\/wp-json\/wp\/v2\/users\/1"}],"replies":[{"embeddable":true,"href":"https:\/\/guialimeira.com.br\/news\/wp-json\/wp\/v2\/comments?post=71157"}],"version-history":[{"count":0,"href":"https:\/\/guialimeira.com.br\/news\/wp-json\/wp\/v2\/posts\/71157\/revisions"}],"wp:featuredmedia":[{"embeddable":true,"href":"https:\/\/guialimeira.com.br\/news\/wp-json\/wp\/v2\/media\/71158"}],"wp:attachment":[{"href":"https:\/\/guialimeira.com.br\/news\/wp-json\/wp\/v2\/media?parent=71157"}],"wp:term":[{"taxonomy":"category","embeddable":true,"href":"https:\/\/guialimeira.com.br\/news\/wp-json\/wp\/v2\/categories?post=71157"},{"taxonomy":"post_tag","embeddable":true,"href":"https:\/\/guialimeira.com.br\/news\/wp-json\/wp\/v2\/tags?post=71157"}],"curies":[{"name":"wp","href":"https:\/\/api.w.org\/{rel}","templated":true}]}}