{"id":71153,"date":"2026-07-02T15:02:09","date_gmt":"2026-07-02T18:02:09","guid":{"rendered":"https:\/\/guialimeira.com.br\/superacao-sp-amplia-rede-de-apoio-a-familias-em-situacao-de-vulnerabilidade-em-limeira\/"},"modified":"2026-07-02T15:02:09","modified_gmt":"2026-07-02T18:02:09","slug":"superacao-sp-amplia-rede-de-apoio-a-familias-em-situacao-de-vulnerabilidade-em-limeira","status":"publish","type":"post","link":"https:\/\/guialimeira.com.br\/news\/superacao-sp-amplia-rede-de-apoio-a-familias-em-situacao-de-vulnerabilidade-em-limeira\/","title":{"rendered":"SuperA\u00e7\u00e3o SP amplia rede de apoio a fam\u00edlias em situa\u00e7\u00e3o de vulnerabilidade em Limeira"},"content":{"rendered":"<p> <br \/>\n<\/p>\n<div id=\"\">&#13;<br \/>\n                    &#13;<br \/>\n&#13;<br \/>\n&#13;<br \/>\n&#13;<br \/>\n&#13;<br \/>\n&#13;<br \/>\n    <img data-recalc-dims=\"1\" decoding=\"async\" src=\"https:\/\/i0.wp.com\/ecrie.com.br\/sistema\/conteudos\/imagem\/m_137_0_1_02072026150046.jpg?w=696&#038;ssl=1\" alt=\"SuperA\u00e7\u00e3o SP amplia rede de apoio a fam\u00edlias em situa\u00e7\u00e3o de vulnerabilidade em Limeira\"\/>&#13;<br \/>\n&#13;<br \/>\n&#13;<\/p>\n<p>\u00a0<\/p>\n<p>&#13;<\/p>\n<p style=\"text-align: justify;\">A Prefeitura de Limeira realizou, nesta quarta-feira (1\u00ba), a primeira reuni\u00e3o presencial do Comit\u00ea Intersetorial do Programa SuperA\u00e7\u00e3o SP, que acompanha fam\u00edlias em situa\u00e7\u00e3o de vulnerabilidade social e facilita o acesso a servi\u00e7os p\u00fablicos, cursos de qualifica\u00e7\u00e3o profissional e oportunidades de gera\u00e7\u00e3o de renda. O programa \u00e9 destinado a fam\u00edlias inscritas no Cadastro \u00danico (Cad\u00danico) com renda familiar per capita inferior a meio sal\u00e1rio m\u00ednimo (R$ 759).<\/p>\n<p>&#13;<\/p>\n<p style=\"text-align: justify;\">Durante a reuni\u00e3o, foram apresentados os primeiros resultados da implanta\u00e7\u00e3o do programa no munic\u00edpio e discutidas estrat\u00e9gias para fortalecer a atua\u00e7\u00e3o integrada entre as diferentes \u00e1reas da administra\u00e7\u00e3o p\u00fablica. O comit\u00ea re\u00fane representantes de diversas secretarias para articular a\u00e7\u00f5es nas \u00e1reas de assist\u00eancia social, sa\u00fade, educa\u00e7\u00e3o, qualifica\u00e7\u00e3o profissional, empregabilidade e gera\u00e7\u00e3o de renda.<\/p>\n<p>&#13;<\/p>\n<p style=\"text-align: justify;\">O encontro ocorreu na sede da Secretaria de Promo\u00e7\u00e3o Social (Seprosom) e reuniu a secret\u00e1ria da pasta e presidente do Comit\u00ea Municipal Intersetorial do SuperA\u00e7\u00e3o SP, Const\u00e2ncia F\u00e9lix; a presidente do Fundo Social de Limeira, Carla Kalid; a diretora de Prote\u00e7\u00e3o Social, Rebeca Basso, a supervisora do programa em Limeira, Julia Rocha; a coordenadora institucional do programa, Maria Brant; a coordenadora regional, Ana L\u00facia da Silva Batista; representantes das secretarias de Sa\u00fade, Desenvolvimento Econ\u00f4mico, Habita\u00e7\u00e3o e Educa\u00e7\u00e3o, t\u00e9cnicas da Seprosom, agentes de desenvolvimento social, entre outros.<\/p>\n<p>&#13;<\/p>\n<p style=\"text-align: justify;\">Para Const\u00e2ncia F\u00e9lix, a integra\u00e7\u00e3o entre as diferentes pol\u00edticas p\u00fablicas \u00e9 essencial para que o programa alcance seus objetivos. &#8220;O SuperA\u00e7\u00e3o SP prop\u00f5e um olhar integral para cada fam\u00edlia. Quando assist\u00eancia social, sa\u00fade, educa\u00e7\u00e3o e demais \u00e1reas trabalham de forma articulada, conseguimos oferecer um atendimento mais humanizado e criar oportunidades reais para que essas fam\u00edlias conquistem autonomia e melhorem a qualidade de vida&#8221;, destacou.<\/p>\n<p>&#13;<\/p>\n<p style=\"text-align: justify;\"><strong>Alcance do programa<\/strong><\/p>\n<p>&#13;<\/p>\n<p style=\"text-align: justify;\">Limeira integra o grupo de 48 munic\u00edpios paulistas participantes do SuperA\u00e7\u00e3o SP. A implanta\u00e7\u00e3o do programa teve in\u00edcio ap\u00f3s a ades\u00e3o formalizada em agosto de 2025, e os atendimentos come\u00e7aram em 17 de mar\u00e7o deste ano, no Cras Casa das Fam\u00edlias. Nesta primeira etapa, foram selecionadas 516 fam\u00edlias dos bairros Jd. Aeroporto, Residencial Las Palmas, Residencial Luiz Regitano, Jd. Odecio Degan e Recanto dos P\u00e1ssaros., das quais 55 j\u00e1 aderiram ao programa e recebem acompanhamento das equipes.<\/p>\n<p>&#13;<\/p>\n<p style=\"text-align: justify;\">Criado pelo Governo do Estado e coordenado pela Secretaria de Desenvolvimento Social de S\u00e3o Paulo, o SuperA\u00e7\u00e3o SP promove o acompanhamento individualizado de fam\u00edlias em situa\u00e7\u00e3o de vulnerabilidade, com foco na autonomia e na inclus\u00e3o produtiva. Cada n\u00facleo familiar recebe um plano de desenvolvimento elaborado por visitadoras sociais, que orientam o acesso a pol\u00edticas p\u00fablicas, \u00e0 qualifica\u00e7\u00e3o profissional e a oportunidades de gera\u00e7\u00e3o de renda, conforme as necessidades e potencialidades de cada fam\u00edlia.<\/p>\n<p>&#13;<\/p>\n<p style=\"text-align: justify;\">Al\u00e9m do acompanhamento t\u00e9cnico, o programa oferece incentivos financeiros para estimular a participa\u00e7\u00e3o nas a\u00e7\u00f5es previstas. Entre eles est\u00e1 um aux\u00edlio de R$ 1.200 para apoiar a participa\u00e7\u00e3o em cursos de qualifica\u00e7\u00e3o profissional, contribuindo para a prepara\u00e7\u00e3o dos participantes para o mercado de trabalho.<\/p>\n<p>&#13;<br \/>\n&#13;<br \/>\n&#13;<br \/>\n&#13;<\/p>\n<article class=\"conteudo-relacionado no-print\">&#13;<br \/>\n        &#13;<br \/>\n&#13;<br \/>\n        &#13;<br \/>\n    <\/article>\n<p>&#13;<br \/>\n&#13;\n                <\/p><\/div>\n<p><br \/>\n<br \/><a href=\"https:\/\/limeira.sp.gov.br\/superacao-sp-amplia-rede-de-apoio-a-familias-em-situacao-de-vulnerabilidade-em-limeira\" rel=\"noopener\">Informa\u00e7\u00f5es da PML <\/a><\/p>\n","protected":false},"excerpt":{"rendered":"<p>&#13; &#13; &#13; &#13; &#13; &#13; &#13; &#13; &#13; &#13; \u00a0 &#13; A Prefeitura de Limeira realizou, nesta quarta-feira (1\u00ba), a primeira reuni\u00e3o presencial do Comit\u00ea Intersetorial do Programa SuperA\u00e7\u00e3o SP, que acompanha fam\u00edlias em situa\u00e7\u00e3o de vulnerabilidade social e facilita o acesso a servi\u00e7os p\u00fablicos, cursos de qualifica\u00e7\u00e3o profissional e oportunidades de gera\u00e7\u00e3o de [&hellip;]<\/p>\n","protected":false},"author":1,"featured_media":71154,"comment_status":"","ping_status":"open","sticky":false,"template":"","format":"standard","meta":{"_jetpack_newsletter_access":"","_jetpack_dont_email_post_to_subs":false,"_jetpack_newsletter_tier_id":0,"_jetpack_memberships_contains_paywalled_content":false,"_mbp_banners":[],"_jetpack_feature_clip_id":0,"_jetpack_memberships_contains_paid_content":false,"footnotes":"","jetpack_publicize_message":"","jetpack_publicize_feature_enabled":true,"jetpack_social_post_already_shared":true,"jetpack_social_options":{"image_generator_settings":{"template":"highway","default_image_id":0,"font":"","enabled":false},"version":2},"jetpack_post_was_ever_published":false},"categories":[16],"tags":[],"class_list":["post-71153","post","type-post","status-publish","format-standard","has-post-thumbnail","category-local"],"jetpack_publicize_connections":[],"jetpack-related-posts":[],"jetpack_shortlink":"https:\/\/wp.me\/p7Eq1F-ivD","jetpack_sharing_enabled":true,"jetpack_featured_media_url":"https:\/\/i0.wp.com\/guialimeira.com.br\/news\/wp-content\/uploads\/2026\/07\/m_137_0_1_02072026150046.jpg?fit=1024%2C575&ssl=1","_links":{"self":[{"href":"https:\/\/guialimeira.com.br\/news\/wp-json\/wp\/v2\/posts\/71153","targetHints":{"allow":["GET"]}}],"collection":[{"href":"https:\/\/guialimeira.com.br\/news\/wp-json\/wp\/v2\/posts"}],"about":[{"href":"https:\/\/guialimeira.com.br\/news\/wp-json\/wp\/v2\/types\/post"}],"author":[{"embeddable":true,"href":"https:\/\/guialimeira.com.br\/news\/wp-json\/wp\/v2\/users\/1"}],"replies":[{"embeddable":true,"href":"https:\/\/guialimeira.com.br\/news\/wp-json\/wp\/v2\/comments?post=71153"}],"version-history":[{"count":0,"href":"https:\/\/guialimeira.com.br\/news\/wp-json\/wp\/v2\/posts\/71153\/revisions"}],"wp:featuredmedia":[{"embeddable":true,"href":"https:\/\/guialimeira.com.br\/news\/wp-json\/wp\/v2\/media\/71154"}],"wp:attachment":[{"href":"https:\/\/guialimeira.com.br\/news\/wp-json\/wp\/v2\/media?parent=71153"}],"wp:term":[{"taxonomy":"category","embeddable":true,"href":"https:\/\/guialimeira.com.br\/news\/wp-json\/wp\/v2\/categories?post=71153"},{"taxonomy":"post_tag","embeddable":true,"href":"https:\/\/guialimeira.com.br\/news\/wp-json\/wp\/v2\/tags?post=71153"}],"curies":[{"name":"wp","href":"https:\/\/api.w.org\/{rel}","templated":true}]}}