{"id":71136,"date":"2026-07-02T12:10:19","date_gmt":"2026-07-02T15:10:19","guid":{"rendered":"https:\/\/guialimeira.com.br\/prefeitura-antecipa-pagamento-dos-servidores-e-injeta-r-36-milhoes-na-economia\/"},"modified":"2026-07-02T12:10:19","modified_gmt":"2026-07-02T15:10:19","slug":"prefeitura-antecipa-pagamento-dos-servidores-e-injeta-r-36-milhoes-na-economia","status":"publish","type":"post","link":"https:\/\/guialimeira.com.br\/news\/prefeitura-antecipa-pagamento-dos-servidores-e-injeta-r-36-milhoes-na-economia\/","title":{"rendered":"Prefeitura antecipa pagamento dos servidores e injeta R$ 36 milh\u00f5es na economia"},"content":{"rendered":"<p> <br \/>\n<\/p>\n<div id=\"\">&#13;<br \/>\n                    &#13;<br \/>\n&#13;<br \/>\n&#13;<br \/>\n&#13;<\/p>\n<header class=\"list-header\">&#13;<br \/>\n    &#13;<br \/>\n&#13;<\/p>\n<nav class=\"breadcrumbs__container no-print\">&#13;<br \/>\n    <a class=\"breadcrumbs__item\" href=\"https:\/\/limeira.sp.gov.br\/\" rel=\"noopener\">In\u00edcio<\/a>&#13;<br \/>\n&#13;<br \/>\n&#13;<br \/>\n&#13;<br \/>\n<\/nav>\n<p>&#13;<br \/>\n&#13;<br \/>\n    &#13;<br \/>\n&#13;<\/p>\n<p class=\"page-description\">&#13;<br \/>\n            Cerca de 7 mil servidores recebem j\u00e1 nesta sexta-feira (3), refor\u00e7ando o com\u00e9rcio e os servi\u00e7os antes do fim de semana&#13;\n        <\/p>\n<p>&#13;<br \/>\n&#13;<br \/>\n    &#13;<br \/>\n<\/header>\n<p>&#13;<br \/>\n&#13;<br \/>\n    <img data-recalc-dims=\"1\" decoding=\"async\" src=\"https:\/\/i0.wp.com\/ecrie.com.br\/sistema\/conteudos\/imagem\/m_137_0_1_02072026120635.jpeg?w=696&#038;ssl=1\" alt=\"Prefeitura antecipa pagamento dos servidores e injeta R$ 36 milh\u00f5es na economia\"\/>&#13;<br \/>\n&#13;<br \/>\n&#13;<\/p>\n<p style=\"text-align: justify;\">A Prefeitura de Limeira antecipa para esta sexta-feira (3) o pagamento de 7.139 servidores p\u00fablicos municipais, referente ao sal\u00e1rio do m\u00eas de junho. A medida injeta antecipadamente R$ 36,3 milh\u00f5es na economia da cidade e permite que o dinheiro circule mais cedo pelo com\u00e9rcio, pelos servi\u00e7os e pelas fam\u00edlias limeirenses.<\/p>\n<p>&#13;<\/p>\n<p style=\"text-align: justify;\">&#8220;Mais um m\u00eas conseguimos antecipar o sal\u00e1rio dos nossos servidores, uma decis\u00e3o que s\u00f3 \u00e9 poss\u00edvel gra\u00e7as ao equil\u00edbrio das contas p\u00fablicas que constru\u00edmos ao longo da gest\u00e3o. Essa antecipa\u00e7\u00e3o tem efeito imediato: aquece o com\u00e9rcio, movimenta os servi\u00e7os e chega direto no bolso de quem mais precisa. \u00c9 dinheiro p\u00fablico sendo devolvido \u00e0 cidade, gerando renda e dando mais tranquilidade para as fam\u00edlias no fim de semana&#8221;, afirma o prefeito Murilo F\u00e9lix.<\/p>\n<p>&#13;<\/p>\n<p style=\"text-align: justify;\">O sal\u00e1rio j\u00e1 ser\u00e1 creditado com a segunda parte do reajuste aprovado durante a negocia\u00e7\u00e3o sindical deste ano. Para viabilizar o pagamento antecipado j\u00e1 com o novo valor, o Departamento de Gest\u00e3o de Pessoas fez uma for\u00e7a-tarefa para conferir e processar toda a folha. &#8220;Foi um esfor\u00e7o conjunto da nossa equipe para garantir que o reajuste chegasse aos servidores dentro do prazo e sem nenhum tipo de inconsist\u00eancia&#8221;, explica o secret\u00e1rio de Administra\u00e7\u00e3o, Thiago Guimar\u00e3es.<\/p>\n<p>&#13;<br \/>\n&#13;<br \/>\n&#13;<br \/>\n&#13;<\/p>\n<article class=\"conteudo-relacionado no-print\">&#13;<\/p>\n<header class=\"list-header\">&#13;<\/p>\n<h4>Conte\u00fados Relacionados<\/h4>\n<p>&#13;<br \/>\n        <\/header>\n<p>&#13;<br \/>\n&#13;<br \/>\n        &#13;<br \/>\n    <\/article>\n<p>&#13;<br \/>\n&#13;\n                <\/p><\/div>\n<p><br \/>\n<br \/><a href=\"https:\/\/limeira.sp.gov.br\/prefeitura-antecipa-pagamento-dos-servidores-e-injeta-r-36-milhoes-na-economia\" rel=\"noopener\">Informa\u00e7\u00f5es da PML <\/a><\/p>\n","protected":false},"excerpt":{"rendered":"<p>&#13; &#13; &#13; &#13; &#13; &#13; &#13; &#13; &#13; In\u00edcio&#13; &#13; &#13; &#13; &#13; &#13; &#13; &#13; &#13; Cerca de 7 mil servidores recebem j\u00e1 nesta sexta-feira (3), refor\u00e7ando o com\u00e9rcio e os servi\u00e7os antes do fim de semana&#13; &#13; &#13; &#13; &#13; &#13; &#13; &#13; &#13; A Prefeitura de Limeira antecipa para esta sexta-feira [&hellip;]<\/p>\n","protected":false},"author":1,"featured_media":71137,"comment_status":"","ping_status":"open","sticky":false,"template":"","format":"standard","meta":{"_jetpack_newsletter_access":"","_jetpack_dont_email_post_to_subs":false,"_jetpack_newsletter_tier_id":0,"_jetpack_memberships_contains_paywalled_content":false,"_mbp_banners":[],"_jetpack_feature_clip_id":0,"_jetpack_memberships_contains_paid_content":false,"footnotes":"","jetpack_publicize_message":"","jetpack_publicize_feature_enabled":true,"jetpack_social_post_already_shared":true,"jetpack_social_options":{"image_generator_settings":{"template":"highway","default_image_id":0,"font":"","enabled":false},"version":2},"jetpack_post_was_ever_published":false},"categories":[16],"tags":[],"class_list":["post-71136","post","type-post","status-publish","format-standard","has-post-thumbnail","category-local"],"jetpack_publicize_connections":[],"jetpack-related-posts":[],"jetpack_shortlink":"https:\/\/wp.me\/p7Eq1F-ivm","jetpack_sharing_enabled":true,"jetpack_featured_media_url":"https:\/\/i0.wp.com\/guialimeira.com.br\/news\/wp-content\/uploads\/2026\/07\/m_137_0_1_02072026120635.jpeg?fit=1024%2C767&ssl=1","_links":{"self":[{"href":"https:\/\/guialimeira.com.br\/news\/wp-json\/wp\/v2\/posts\/71136","targetHints":{"allow":["GET"]}}],"collection":[{"href":"https:\/\/guialimeira.com.br\/news\/wp-json\/wp\/v2\/posts"}],"about":[{"href":"https:\/\/guialimeira.com.br\/news\/wp-json\/wp\/v2\/types\/post"}],"author":[{"embeddable":true,"href":"https:\/\/guialimeira.com.br\/news\/wp-json\/wp\/v2\/users\/1"}],"replies":[{"embeddable":true,"href":"https:\/\/guialimeira.com.br\/news\/wp-json\/wp\/v2\/comments?post=71136"}],"version-history":[{"count":0,"href":"https:\/\/guialimeira.com.br\/news\/wp-json\/wp\/v2\/posts\/71136\/revisions"}],"wp:featuredmedia":[{"embeddable":true,"href":"https:\/\/guialimeira.com.br\/news\/wp-json\/wp\/v2\/media\/71137"}],"wp:attachment":[{"href":"https:\/\/guialimeira.com.br\/news\/wp-json\/wp\/v2\/media?parent=71136"}],"wp:term":[{"taxonomy":"category","embeddable":true,"href":"https:\/\/guialimeira.com.br\/news\/wp-json\/wp\/v2\/categories?post=71136"},{"taxonomy":"post_tag","embeddable":true,"href":"https:\/\/guialimeira.com.br\/news\/wp-json\/wp\/v2\/tags?post=71136"}],"curies":[{"name":"wp","href":"https:\/\/api.w.org\/{rel}","templated":true}]}}