{"id":71124,"date":"2026-07-02T11:18:11","date_gmt":"2026-07-02T14:18:11","guid":{"rendered":"https:\/\/guialimeira.com.br\/limeira-promove-plantao-de-vacinacao-e-testes-rapidos-neste-sabado-4\/"},"modified":"2026-07-02T11:18:11","modified_gmt":"2026-07-02T14:18:11","slug":"limeira-promove-plantao-de-vacinacao-e-testes-rapidos-neste-sabado-4","status":"publish","type":"post","link":"https:\/\/guialimeira.com.br\/news\/limeira-promove-plantao-de-vacinacao-e-testes-rapidos-neste-sabado-4\/","title":{"rendered":"Limeira promove plant\u00e3o de vacina\u00e7\u00e3o e testes r\u00e1pidos neste s\u00e1bado (4)"},"content":{"rendered":"<p> <br \/>\n<\/p>\n<div id=\"\">&#13;<br \/>\n                    &#13;<br \/>\n&#13;<br \/>\n&#13;<br \/>\n&#13;<br \/>\n&#13;<br \/>\n&#13;<br \/>\n    <img data-recalc-dims=\"1\" decoding=\"async\" src=\"https:\/\/i0.wp.com\/ecrie.com.br\/sistema\/conteudos\/imagem\/m_137_0_1_02072026111204.jpg?w=696&#038;ssl=1\" alt=\"Limeira promove plant\u00e3o de vacina\u00e7\u00e3o e testes r\u00e1pidos neste s\u00e1bado (4)\"\/>&#13;<br \/>\n&#13;<br \/>\n&#13;<\/p>\n<p style=\"text-align: justify;\">A Prefeitura de Limeira realiza neste s\u00e1bado (4) mais uma a\u00e7\u00e3o para ampliar a cobertura vacinal e facilitar o acesso da popula\u00e7\u00e3o aos imunizantes. O plant\u00e3o acontece na UBS Campo Belo e no drive-thru do Parque Cidade, com atendimento voltado a diferentes p\u00fablicos e vacinas previstas no calend\u00e1rio nacional.<\/p>\n<p>&#13;<\/p>\n<p style=\"text-align: justify;\">Na UBS Campo Belo, ser\u00e1 realizada uma multivacina\u00e7\u00e3o destinada \u00e0 popula\u00e7\u00e3o em geral, com aplica\u00e7\u00e3o das vacinas dispon\u00edveis no calend\u00e1rio vacinal, incluindo os imunizantes contra a gripe e a dengue para adolescentes, conforme os crit\u00e9rios estabelecidos pelo Minist\u00e9rio da Sa\u00fade.<\/p>\n<p>&#13;<\/p>\n<p style=\"text-align: justify;\">Durante o plant\u00e3o, a unidade tamb\u00e9m oferecer\u00e1 testes r\u00e1pidos para hepatites B e C, em alus\u00e3o ao Julho Amarelo, campanha de conscientiza\u00e7\u00e3o sobre a preven\u00e7\u00e3o, o diagn\u00f3stico precoce e o tratamento das hepatites virais.<\/p>\n<p>&#13;<\/p>\n<p style=\"text-align: justify;\">J\u00e1 o drive-thru do Parque Cidade ser\u00e3o disponibilizas vacinas contra febre amarela, gripe, Covid-19 e dengue para adolescentes, de acordo com os p\u00fablicos aptos para cada imunizante.<\/p>\n<p>&#13;<\/p>\n<p style=\"text-align: justify;\">A Secretaria de Sa\u00fade orienta que os moradores apresentem documento com foto, CPF, Cart\u00e3o SUS, carteirinha de vacina\u00e7\u00e3o e comprovante de resid\u00eancia. A iniciativa busca ampliar a cobertura vacinal, atualizar o esquema de imuniza\u00e7\u00e3o da popula\u00e7\u00e3o e refor\u00e7ar a preven\u00e7\u00e3o de doen\u00e7as imunopreven\u00edveis.<\/p>\n<p>&#13;<\/p>\n<p style=\"text-align: justify;\">A iniciativa est\u00e1 alinhada ao Objetivo de Desenvolvimento Sustent\u00e1vel (ODS) 3, da Organiza\u00e7\u00e3o das Na\u00e7\u00f5es Unidas (ONU), que visa assegurar uma vida saud\u00e1vel e promover o bem-estar para todas as pessoas, em todas as idades, por meio da preven\u00e7\u00e3o de doen\u00e7as, da amplia\u00e7\u00e3o do acesso aos servi\u00e7os de sa\u00fade e do fortalecimento da vacina\u00e7\u00e3o.<\/p>\n<p>&#13;<\/p>\n<p>\u00a0<\/p>\n<p>&#13;<\/p>\n<p style=\"text-align: justify;\"><strong>SERVI\u00c7O<\/strong><\/p>\n<p>&#13;<\/p>\n<p style=\"text-align: justify;\">UBS Campo Belo &#8211; das 8h \u00e0s 13h<\/p>\n<p>&#13;<\/p>\n<p style=\"text-align: justify;\">Multivacina\u00e7\u00e3o,doses contra gripe, dengue para adolescentes e testes r\u00e1pidos para hepatites B e C.<\/p>\n<p>&#13;<\/p>\n<p style=\"text-align: justify;\">Endere\u00e7o: Avenida Pedro Perissotto, 1.973<\/p>\n<p>&#13;<\/p>\n<p style=\"text-align: justify;\">Drive-thru Parque Cidade<\/p>\n<p>&#13;<\/p>\n<p style=\"text-align: justify;\">Vacina\u00e7\u00e3o contra febre amarela, gripe, Covid-19 e dengue para adolescentes.<\/p>\n<p>&#13;<\/p>\n<p style=\"text-align: justify;\">Endere\u00e7o: ao lado da pista de skate<\/p>\n<p>&#13;<\/p>\n<p style=\"text-align: justify;\">Port\u00e3o A (Anel Vi\u00e1rio) \u2013 Via Ant\u00f4nio Cru\u00e3nes Filho, s\/n\u00ba<\/p>\n<p>&#13;<\/p>\n<p>\u00a0<\/p>\n<p>&#13;<\/p>\n<p style=\"text-align: justify;\"><strong>Confira a indica\u00e7\u00e3o das vacinas:<\/strong><\/p>\n<p>&#13;<\/p>\n<p style=\"text-align: justify;\">GRIPE<\/p>\n<p>&#13;<\/p>\n<p style=\"text-align: justify;\">&#8211; Para a toda a popula\u00e7\u00e3o acima dos 6 meses.<\/p>\n<p>&#13;<\/p>\n<p style=\"text-align: justify;\">DENGUE (adolescentes)<\/p>\n<p>&#13;<\/p>\n<p style=\"text-align: justify;\">&#8211; Para crian\u00e7as e adolescentes de 10 a 14 anos;<\/p>\n<p>&#13;<\/p>\n<p style=\"text-align: justify;\">COVID-19<\/p>\n<p>&#13;<\/p>\n<p style=\"text-align: justify;\">Atualmente, a vacina contra covid-19 \u00e9 voltada a gestantes, pessoas imunocomprometidas e idosos (60 anos ou mais), que devem ser vacinados a cada seis meses. Crian\u00e7as de 6 meses a 4 anos, 11 meses e 29 dias devem receber duas doses da vacina, com intervalo de quatro semanas entre elas. Pessoas de 5 a 59 anos, sem comorbidades e j\u00e1 vacinadas anteriormente, n\u00e3o precisam receber novas doses. Nessa faixa et\u00e1ria, o imunizante \u00e9 destinado apenas aos grupos especiais, que devem receber uma dose anualmente. S\u00e3o eles: pessoas vivendo em institui\u00e7\u00f5es de longa perman\u00eancia, ind\u00edgenas, ribeirinhos, quilombolas, pu\u00e9rperas, trabalhadores da sa\u00fade, pessoas com defici\u00eancia permanente, pessoas com comorbidades, pessoas privadas de liberdade, funcion\u00e1rios do sistema de priva\u00e7\u00e3o de liberdade, adolescentes e jovens cumprindo medidas socioeducativas, pessoas em situa\u00e7\u00e3o de rua e trabalhadores dos Correios.<\/p>\n<p>&#13;<\/p>\n<p style=\"text-align: justify;\">FEBRE AMARELA<\/p>\n<p>&#13;<\/p>\n<p style=\"text-align: justify;\">&#8211; Crian\u00e7as a partir de 9 meses de idade que ainda n\u00e3o foram vacinadas e aquelas que n\u00e3o completaram o esquema vacinal de duas doses.<\/p>\n<p>&#13;<\/p>\n<p style=\"text-align: justify;\">&#8211; Pessoas que receberam apenas uma dose antes de completar 5 anos de idade dever\u00e3o tomar a dose adicional, independentemente da idade.<\/p>\n<p>&#13;<\/p>\n<p style=\"text-align: justify;\">&#8211; Pessoas de qualquer idade que n\u00e3o sabem se j\u00e1 foram vacinadas.<\/p>\n<p>&#13;<\/p>\n<p style=\"text-align: justify;\">&#8211; Pessoas com 60 anos ou mais devem apresentar recomenda\u00e7\u00e3o m\u00e9dica por escrito para receber a vacina.<\/p>\n<p>&#13;<br \/>\n&#13;<br \/>\n&#13;<br \/>\n&#13;<\/p>\n<article class=\"conteudo-relacionado no-print\">&#13;<br \/>\n        &#13;<br \/>\n&#13;<br \/>\n        &#13;<br \/>\n    <\/article>\n<p>&#13;<br \/>\n&#13;\n                <\/p><\/div>\n<p><br \/>\n<br \/><a href=\"https:\/\/limeira.sp.gov.br\/limeira-promove-plantao-de-vacinacao-e-testes-rapidos-neste-sabado-4\" rel=\"noopener\">Informa\u00e7\u00f5es da PML <\/a><\/p>\n","protected":false},"excerpt":{"rendered":"<p>&#13; &#13; &#13; &#13; &#13; &#13; &#13; &#13; &#13; &#13; A Prefeitura de Limeira realiza neste s\u00e1bado (4) mais uma a\u00e7\u00e3o para ampliar a cobertura vacinal e facilitar o acesso da popula\u00e7\u00e3o aos imunizantes. O plant\u00e3o acontece na UBS Campo Belo e no drive-thru do Parque Cidade, com atendimento voltado a diferentes p\u00fablicos e vacinas [&hellip;]<\/p>\n","protected":false},"author":1,"featured_media":71125,"comment_status":"","ping_status":"open","sticky":false,"template":"","format":"standard","meta":{"_jetpack_newsletter_access":"","_jetpack_dont_email_post_to_subs":false,"_jetpack_newsletter_tier_id":0,"_jetpack_memberships_contains_paywalled_content":false,"_mbp_banners":[],"_jetpack_feature_clip_id":0,"_jetpack_memberships_contains_paid_content":false,"footnotes":"","jetpack_publicize_message":"","jetpack_publicize_feature_enabled":true,"jetpack_social_post_already_shared":true,"jetpack_social_options":{"image_generator_settings":{"template":"highway","default_image_id":0,"font":"","enabled":false},"version":2},"jetpack_post_was_ever_published":false},"categories":[16],"tags":[],"class_list":["post-71124","post","type-post","status-publish","format-standard","has-post-thumbnail","category-local"],"jetpack_publicize_connections":[],"jetpack-related-posts":[],"jetpack_shortlink":"https:\/\/wp.me\/p7Eq1F-iva","jetpack_sharing_enabled":true,"jetpack_featured_media_url":"https:\/\/i0.wp.com\/guialimeira.com.br\/news\/wp-content\/uploads\/2026\/07\/m_137_0_1_02072026111204.jpg?fit=1024%2C681&ssl=1","_links":{"self":[{"href":"https:\/\/guialimeira.com.br\/news\/wp-json\/wp\/v2\/posts\/71124","targetHints":{"allow":["GET"]}}],"collection":[{"href":"https:\/\/guialimeira.com.br\/news\/wp-json\/wp\/v2\/posts"}],"about":[{"href":"https:\/\/guialimeira.com.br\/news\/wp-json\/wp\/v2\/types\/post"}],"author":[{"embeddable":true,"href":"https:\/\/guialimeira.com.br\/news\/wp-json\/wp\/v2\/users\/1"}],"replies":[{"embeddable":true,"href":"https:\/\/guialimeira.com.br\/news\/wp-json\/wp\/v2\/comments?post=71124"}],"version-history":[{"count":0,"href":"https:\/\/guialimeira.com.br\/news\/wp-json\/wp\/v2\/posts\/71124\/revisions"}],"wp:featuredmedia":[{"embeddable":true,"href":"https:\/\/guialimeira.com.br\/news\/wp-json\/wp\/v2\/media\/71125"}],"wp:attachment":[{"href":"https:\/\/guialimeira.com.br\/news\/wp-json\/wp\/v2\/media?parent=71124"}],"wp:term":[{"taxonomy":"category","embeddable":true,"href":"https:\/\/guialimeira.com.br\/news\/wp-json\/wp\/v2\/categories?post=71124"},{"taxonomy":"post_tag","embeddable":true,"href":"https:\/\/guialimeira.com.br\/news\/wp-json\/wp\/v2\/tags?post=71124"}],"curies":[{"name":"wp","href":"https:\/\/api.w.org\/{rel}","templated":true}]}}