{"id":71023,"date":"2026-07-01T16:55:12","date_gmt":"2026-07-01T19:55:12","guid":{"rendered":"https:\/\/guialimeira.com.br\/novas-vagas-de-estacionamento-no-entorno-da-praca-toledo-barros-recebem-sinalizacao\/"},"modified":"2026-07-01T16:55:12","modified_gmt":"2026-07-01T19:55:12","slug":"novas-vagas-de-estacionamento-no-entorno-da-praca-toledo-barros-recebem-sinalizacao","status":"publish","type":"post","link":"https:\/\/guialimeira.com.br\/news\/novas-vagas-de-estacionamento-no-entorno-da-praca-toledo-barros-recebem-sinalizacao\/","title":{"rendered":"Novas vagas de estacionamento no entorno da Pra\u00e7a Toledo Barros recebem sinaliza\u00e7\u00e3o"},"content":{"rendered":"<p> <br \/>\n<br \/><img data-recalc-dims=\"1\" decoding=\"async\" src=\"https:\/\/i0.wp.com\/ecrie.com.br\/sistema\/conteudos\/imagem\/m_137_0_1_01072026165233.jpg?w=696&#038;ssl=1\" \/><\/p>\n<p style=\"text-align: justify\">A Secretaria dos Transportes e Mobilidade Urbana de Limeira informa que as vagas localizadas no entorno da Pra&ccedil;a Toledo Barros estar&atilde;o interditadas entre 22h desta quarta-feira (1&ordm;) e 7h de quinta-feira (2) para a pintura da sinaliza&ccedil;&atilde;o horizontal das novas &aacute;reas de estacionamento rotativo. Ao todo, foram criadas 30 vagas para ampliar a oferta na regi&atilde;o central e facilitar o acesso ao com&eacute;rcio e aos servi&ccedil;os do entorno.<\/p>\n<p style=\"text-align: justify\">A implanta&ccedil;&atilde;o das 30 vagas integra um conjunto de melhorias de mobilidade urbana realizadas recentemente na Pra&ccedil;a Toledo Barros. Entre as interven&ccedil;&otilde;es est&atilde;o a instala&ccedil;&atilde;o de duas faixas elevadas para travessia de pedestres nas ruas Carlos Gomes e Senador Vergueiro, a reorganiza&ccedil;&atilde;o dos pontos de t&aacute;xi para as laterais internas da pra&ccedil;a, o refor&ccedil;o da sinaliza&ccedil;&atilde;o vi&aacute;ria e a implanta&ccedil;&atilde;o de &aacute;reas de espera para motociclistas junto aos sem&aacute;foros.<\/p>\n<p style=\"text-align: justify\">As a&ccedil;&otilde;es foram planejadas para ampliar a seguran&ccedil;a dos pedestres, melhorar a fluidez do tr&acirc;nsito e tornar mais eficiente o uso dos espa&ccedil;os p&uacute;blicos na regi&atilde;o central.<\/p>\n<p><br \/>\n<br \/><a href=\"https:\/\/limeira.sp.gov.br\/novas-vagas-de-estacionamento-no-entorno-da-praca-toledo-barros-recebem-sinalizacao\" rel=\"noopener\">Informa\u00e7\u00f5es da PML <\/a><\/p>\n","protected":false},"excerpt":{"rendered":"<p>A Secretaria dos Transportes e Mobilidade Urbana de Limeira informa que as vagas localizadas no entorno da Pra&ccedil;a Toledo Barros estar&atilde;o interditadas entre 22h desta quarta-feira (1&ordm;) e 7h de quinta-feira (2) para a pintura da sinaliza&ccedil;&atilde;o horizontal das novas &aacute;reas de estacionamento rotativo. Ao todo, foram criadas 30 vagas para ampliar a oferta na [&hellip;]<\/p>\n","protected":false},"author":1,"featured_media":71024,"comment_status":"","ping_status":"open","sticky":false,"template":"","format":"standard","meta":{"_jetpack_newsletter_access":"","_jetpack_dont_email_post_to_subs":false,"_jetpack_newsletter_tier_id":0,"_jetpack_memberships_contains_paywalled_content":false,"_mbp_banners":[],"_jetpack_feature_clip_id":0,"_jetpack_memberships_contains_paid_content":false,"footnotes":"","jetpack_publicize_message":"","jetpack_publicize_feature_enabled":true,"jetpack_social_post_already_shared":true,"jetpack_social_options":{"image_generator_settings":{"template":"highway","default_image_id":0,"font":"","enabled":false},"version":2},"jetpack_post_was_ever_published":false},"categories":[16],"tags":[],"class_list":["post-71023","post","type-post","status-publish","format-standard","has-post-thumbnail","category-local"],"jetpack_publicize_connections":[],"jetpack-related-posts":[],"jetpack_shortlink":"https:\/\/wp.me\/p7Eq1F-itx","jetpack_sharing_enabled":true,"jetpack_featured_media_url":"https:\/\/i0.wp.com\/guialimeira.com.br\/news\/wp-content\/uploads\/2026\/07\/m_137_0_1_01072026165233.jpg?fit=1024%2C576&ssl=1","_links":{"self":[{"href":"https:\/\/guialimeira.com.br\/news\/wp-json\/wp\/v2\/posts\/71023","targetHints":{"allow":["GET"]}}],"collection":[{"href":"https:\/\/guialimeira.com.br\/news\/wp-json\/wp\/v2\/posts"}],"about":[{"href":"https:\/\/guialimeira.com.br\/news\/wp-json\/wp\/v2\/types\/post"}],"author":[{"embeddable":true,"href":"https:\/\/guialimeira.com.br\/news\/wp-json\/wp\/v2\/users\/1"}],"replies":[{"embeddable":true,"href":"https:\/\/guialimeira.com.br\/news\/wp-json\/wp\/v2\/comments?post=71023"}],"version-history":[{"count":0,"href":"https:\/\/guialimeira.com.br\/news\/wp-json\/wp\/v2\/posts\/71023\/revisions"}],"wp:featuredmedia":[{"embeddable":true,"href":"https:\/\/guialimeira.com.br\/news\/wp-json\/wp\/v2\/media\/71024"}],"wp:attachment":[{"href":"https:\/\/guialimeira.com.br\/news\/wp-json\/wp\/v2\/media?parent=71023"}],"wp:term":[{"taxonomy":"category","embeddable":true,"href":"https:\/\/guialimeira.com.br\/news\/wp-json\/wp\/v2\/categories?post=71023"},{"taxonomy":"post_tag","embeddable":true,"href":"https:\/\/guialimeira.com.br\/news\/wp-json\/wp\/v2\/tags?post=71023"}],"curies":[{"name":"wp","href":"https:\/\/api.w.org\/{rel}","templated":true}]}}