{"id":71015,"date":"2026-07-01T16:07:09","date_gmt":"2026-07-01T19:07:09","guid":{"rendered":"https:\/\/guialimeira.com.br\/escola-municipal-de-limeira-realiza-8a-feira-do-conhecimento-nos-dias-3-e-4-de-julho\/"},"modified":"2026-07-01T16:07:09","modified_gmt":"2026-07-01T19:07:09","slug":"escola-municipal-de-limeira-realiza-8a-feira-do-conhecimento-nos-dias-3-e-4-de-julho","status":"publish","type":"post","link":"https:\/\/guialimeira.com.br\/news\/escola-municipal-de-limeira-realiza-8a-feira-do-conhecimento-nos-dias-3-e-4-de-julho\/","title":{"rendered":"Escola Municipal de Limeira realiza 8\u00aa Feira do Conhecimento nos dias 3 e 4 de julho"},"content":{"rendered":"<p> <br \/>\n<\/p>\n<div id=\"\">&#13;<br \/>\n                    &#13;<br \/>\n&#13;<br \/>\n&#13;<br \/>\n&#13;<br \/>\n&#13;<br \/>\n&#13;<br \/>\n    <img data-recalc-dims=\"1\" decoding=\"async\" src=\"https:\/\/i0.wp.com\/ecrie.com.br\/sistema\/conteudos\/imagem\/m_137_0_1_01072026160412.jpeg?w=696&#038;ssl=1\" alt=\"Escola Municipal de Limeira realiza 8\u00aa Feira do Conhecimento nos dias 3 e 4 de julho\"\/>&#13;<br \/>\n&#13;<br \/>\n&#13;<\/p>\n<p>A EMEIEF Prof.\u00aa Maria Apparecida De Luca Moore promove, nesta sexta-feira (3) e s\u00e1bado (4), a 8\u00aa edi\u00e7\u00e3o da Feira do Conhecimento. Aberto ao p\u00fablico, o evento re\u00fane exposi\u00e7\u00f5es, atividades interativas e apresenta\u00e7\u00f5es dos projetos desenvolvidos pelos estudantes nas Oficinas de Forma\u00e7\u00e3o Complementar, que integram o programa Escola em Tempo Integral.<\/p>\n<p>&#13;<\/p>\n<p>Cerca de 1.200 alunos participam diariamente das atividades oferecidas pela escola. Durante a feira, a comunidade poder\u00e1 conhecer de perto os trabalhos produzidos ao longo do 1\u00ba semestre, que estimulam o aprendizado por meio da pesquisa, da experimenta\u00e7\u00e3o e da viv\u00eancia pr\u00e1tica.<\/p>\n<p>&#13;<\/p>\n<p>Neste ano, a feira tem como tema &#8220;Sustentabilidade, Responsabilidade Social e Compromisso com a Vida&#8221;. A programa\u00e7\u00e3o aborda assuntos como cuidados e guarda respons\u00e1vel de animais dom\u00e9sticos, preserva\u00e7\u00e3o dos diferentes biomas brasileiros, reciclagem e separa\u00e7\u00e3o correta dos res\u00edduos, degrada\u00e7\u00e3o ambiental e outras iniciativas voltadas \u00e0 conscientiza\u00e7\u00e3o sobre a preserva\u00e7\u00e3o do meio ambiente.<\/p>\n<p>&#13;<\/p>\n<p>Na sexta-feira (3), a visita\u00e7\u00e3o ocorre das 9h \u00e0s 16h. J\u00e1 no s\u00e1bado (4), o evento ser\u00e1 realizado das 9h \u00e0s 13h e contar\u00e1 com um \u201cEncontro de Pets\u201d, em que os visitantes poder\u00e3o levar seus animais de estima\u00e7\u00e3o para um momento de integra\u00e7\u00e3o, troca de experi\u00eancias e um desfile especial.<\/p>\n<p>&#13;<\/p>\n<p>Al\u00e9m das exposi\u00e7\u00f5es, a escola ser\u00e1 ponto de coleta de \u00f3leo de cozinha usado, pilhas e baterias, refor\u00e7ando a\u00e7\u00f5es de educa\u00e7\u00e3o ambiental que fazem parte da rotina da unidade.<\/p>\n<p>&#13;<\/p>\n<p>A edi\u00e7\u00e3o de 2026 conta ainda com a participa\u00e7\u00e3o de importantes parceiros, como profissionais do Museu de Zoologia da Funda\u00e7\u00e3o Herm\u00ednio Ometto (FHO), t\u00e9cnicos da Divis\u00e3o de Zoonoses, equipes do Museu de Diversidade Biol\u00f3gica (MDBio), da Unicamp, do Centro de Divulga\u00e7\u00e3o Cient\u00edfica e Cultural (CDCC) da USP S\u00e3o Carlos e da empresa BRK. Os parceiros levar\u00e3o ao p\u00fablico exposi\u00e7\u00f5es, materiais educativos e atividades voltadas \u00e0 divulga\u00e7\u00e3o cient\u00edfica, \u00e0 preserva\u00e7\u00e3o ambiental e \u00e0s pr\u00e1ticas sustent\u00e1veis.<\/p>\n<p>&#13;<\/p>\n<p>A iniciativa est\u00e1 alinhada aos Objetivos de Desenvolvimento Sustent\u00e1vel (ODS) da Organiza\u00e7\u00e3o das Na\u00e7\u00f5es Unidas (ONU), especialmente ao ODS 4 \u2013 Educa\u00e7\u00e3o de Qualidade, ao promover uma educa\u00e7\u00e3o inclusiva, participativa e voltada \u00e0 forma\u00e7\u00e3o cidad\u00e3. O evento tamb\u00e9m dialoga com o ODS 12 \u2013 Consumo e Produ\u00e7\u00e3o Respons\u00e1veis, por meio das a\u00e7\u00f5es de reciclagem e educa\u00e7\u00e3o ambiental, e com o ODS 15 \u2013 Vida Terrestre, ao incentivar a preserva\u00e7\u00e3o da biodiversidade e o cuidado com os animais e o meio ambiente.<\/p>\n<p>&#13;<br \/>\n&#13;<br \/>\n&#13;<br \/>\n&#13;<\/p>\n<article class=\"conteudo-relacionado no-print\">&#13;<br \/>\n        &#13;<br \/>\n&#13;<br \/>\n        &#13;<br \/>\n    <\/article>\n<p>&#13;<br \/>\n&#13;\n                <\/p><\/div>\n<p><br \/>\n<br \/><a href=\"https:\/\/limeira.sp.gov.br\/escola-municipal-de-limeira-realiza-8-feira-do-conhecimento-nos-dias-3-e-4-de-julho\" rel=\"noopener\">Informa\u00e7\u00f5es da PML <\/a><\/p>\n","protected":false},"excerpt":{"rendered":"<p>&#13; &#13; &#13; &#13; &#13; &#13; &#13; &#13; &#13; &#13; A EMEIEF Prof.\u00aa Maria Apparecida De Luca Moore promove, nesta sexta-feira (3) e s\u00e1bado (4), a 8\u00aa edi\u00e7\u00e3o da Feira do Conhecimento. Aberto ao p\u00fablico, o evento re\u00fane exposi\u00e7\u00f5es, atividades interativas e apresenta\u00e7\u00f5es dos projetos desenvolvidos pelos estudantes nas Oficinas de Forma\u00e7\u00e3o Complementar, que integram [&hellip;]<\/p>\n","protected":false},"author":1,"featured_media":71016,"comment_status":"","ping_status":"open","sticky":false,"template":"","format":"standard","meta":{"_jetpack_newsletter_access":"","_jetpack_dont_email_post_to_subs":false,"_jetpack_newsletter_tier_id":0,"_jetpack_memberships_contains_paywalled_content":false,"_mbp_banners":[],"_jetpack_feature_clip_id":0,"_jetpack_memberships_contains_paid_content":false,"footnotes":"","jetpack_publicize_message":"","jetpack_publicize_feature_enabled":true,"jetpack_social_post_already_shared":true,"jetpack_social_options":{"image_generator_settings":{"template":"highway","default_image_id":0,"font":"","enabled":false},"version":2},"jetpack_post_was_ever_published":false},"categories":[16],"tags":[],"class_list":["post-71015","post","type-post","status-publish","format-standard","has-post-thumbnail","category-local"],"jetpack_publicize_connections":[],"jetpack-related-posts":[],"jetpack_shortlink":"https:\/\/wp.me\/p7Eq1F-itp","jetpack_sharing_enabled":true,"jetpack_featured_media_url":"https:\/\/i0.wp.com\/guialimeira.com.br\/news\/wp-content\/uploads\/2026\/07\/m_137_0_1_01072026160412.jpeg?fit=1024%2C768&ssl=1","_links":{"self":[{"href":"https:\/\/guialimeira.com.br\/news\/wp-json\/wp\/v2\/posts\/71015","targetHints":{"allow":["GET"]}}],"collection":[{"href":"https:\/\/guialimeira.com.br\/news\/wp-json\/wp\/v2\/posts"}],"about":[{"href":"https:\/\/guialimeira.com.br\/news\/wp-json\/wp\/v2\/types\/post"}],"author":[{"embeddable":true,"href":"https:\/\/guialimeira.com.br\/news\/wp-json\/wp\/v2\/users\/1"}],"replies":[{"embeddable":true,"href":"https:\/\/guialimeira.com.br\/news\/wp-json\/wp\/v2\/comments?post=71015"}],"version-history":[{"count":0,"href":"https:\/\/guialimeira.com.br\/news\/wp-json\/wp\/v2\/posts\/71015\/revisions"}],"wp:featuredmedia":[{"embeddable":true,"href":"https:\/\/guialimeira.com.br\/news\/wp-json\/wp\/v2\/media\/71016"}],"wp:attachment":[{"href":"https:\/\/guialimeira.com.br\/news\/wp-json\/wp\/v2\/media?parent=71015"}],"wp:term":[{"taxonomy":"category","embeddable":true,"href":"https:\/\/guialimeira.com.br\/news\/wp-json\/wp\/v2\/categories?post=71015"},{"taxonomy":"post_tag","embeddable":true,"href":"https:\/\/guialimeira.com.br\/news\/wp-json\/wp\/v2\/tags?post=71015"}],"curies":[{"name":"wp","href":"https:\/\/api.w.org\/{rel}","templated":true}]}}