{"id":70999,"date":"2026-07-01T14:20:07","date_gmt":"2026-07-01T17:20:07","guid":{"rendered":"https:\/\/guialimeira.com.br\/limeira-promove-campanha-julho-sem-plastico-com-foco-em-sustentabilidade\/"},"modified":"2026-07-01T14:20:07","modified_gmt":"2026-07-01T17:20:07","slug":"limeira-promove-campanha-julho-sem-plastico-com-foco-em-sustentabilidade","status":"publish","type":"post","link":"https:\/\/guialimeira.com.br\/news\/limeira-promove-campanha-julho-sem-plastico-com-foco-em-sustentabilidade\/","title":{"rendered":"Limeira promove campanha \u201cJulho sem Pl\u00e1stico\u201d com foco em sustentabilidade"},"content":{"rendered":"<p> <br \/>\n<\/p>\n<div id=\"\">&#13;<br \/>\n                    &#13;<br \/>\n&#13;<br \/>\n&#13;<br \/>\n&#13;<br \/>\n&#13;<br \/>\n&#13;<br \/>\n    <img data-recalc-dims=\"1\" decoding=\"async\" src=\"https:\/\/i0.wp.com\/ecrie.com.br\/sistema\/conteudos\/imagem\/m_137_0_1_01072026141426.jpeg?w=696&#038;ssl=1\" alt=\"Limeira promove campanha \u201cJulho sem Pl\u00e1stico\u201d com foco em sustentabilidade\"\/>&#13;<br \/>\n&#13;<br \/>\n&#13;<\/p>\n<p>A Prefeitura de Limeira, por meio da Secretaria de Meio Ambiente e Saneamento, realiza ao longo do m\u00eas de julho uma s\u00e9rie de a\u00e7\u00f5es de conscientiza\u00e7\u00e3o dentro da campanha \u201cJulho sem Pl\u00e1stico\u201d, institu\u00edda pela Lei Municipal n\u00ba 6.349\/2020 e incorporada ao calend\u00e1rio oficial de eventos do munic\u00edpio.<\/p>\n<p>&#13;<\/p>\n<p>O movimento, que acontece em diversos pa\u00edses desde 2011, tem como objetivo alertar a popula\u00e7\u00e3o sobre os impactos da polui\u00e7\u00e3o causada pelos res\u00edduos pl\u00e1sticos e incentivar pr\u00e1ticas mais sustent\u00e1veis no dia a dia. A campanha busca estimular a reflex\u00e3o sobre h\u00e1bitos de consumo, promovendo a redu\u00e7\u00e3o do uso de pl\u00e1sticos descart\u00e1veis e a ado\u00e7\u00e3o de alternativas mais conscientes.<\/p>\n<p>&#13;<\/p>\n<p>Durante o m\u00eas, ser\u00e3o desenvolvidas atividades educativas, a\u00e7\u00f5es de sensibiliza\u00e7\u00e3o e orienta\u00e7\u00f5es voltadas \u00e0 popula\u00e7\u00e3o, refor\u00e7ando a import\u00e2ncia da participa\u00e7\u00e3o de todos na preserva\u00e7\u00e3o do meio ambiente.<\/p>\n<p>&#13;<\/p>\n<p>Segundo o secret\u00e1rio de Meio Ambiente e Saneamento, F\u00e1bio Luccas Rosa J\u00fanior, pequenas mudan\u00e7as de comportamento podem gerar grandes resultados para o futuro da cidade e do planeta. \u201cCada escolha que fazemos no dia a dia tem impacto direto no meio ambiente. A campanha \u00e9 um convite para que a popula\u00e7\u00e3o reflita sobre seus h\u00e1bitos de consumo e adote atitudes simples, como evitar descart\u00e1veis e reutilizar materiais sempre que poss\u00edvel\u201d, destacou o secret\u00e1rio.<\/p>\n<p>&#13;<\/p>\n<p><strong>Primeira a\u00e7\u00e3o<\/strong><\/p>\n<p>&#13;<\/p>\n<p>A primeira atividade da campanha ocorreu nesta quarta-feira (1\u00ba), com um estande de orienta\u00e7\u00f5es instalado na entrada da Prefeitura. No local, os visitantes receberam informa\u00e7\u00f5es sobre reciclagem, gest\u00e3o de res\u00edduos s\u00f3lidos, consumo consciente, preserva\u00e7\u00e3o dos recursos naturais e h\u00eddricos, al\u00e9m dos impactos ambientais gerados por h\u00e1bitos cotidianos. A atividade tamb\u00e9m contou com a distribui\u00e7\u00e3o de materiais educativos, divulga\u00e7\u00e3o de iniciativas ambientais do munic\u00edpio, incentivo a pr\u00e1ticas sustent\u00e1veis, como a compostagem, e esclarecimentos sobre o descarte correto de res\u00edduos.<\/p>\n<p>&#13;<\/p>\n<p>Confira a programa\u00e7\u00e3o completa:<\/p>\n<p>&#13;<\/p>\n<p>02-07 | quinta-feira | 9h30 \u00e0s 11h | TRILHA ECOL\u00d3GICA DAS ABELHAS<br \/>Local: Parque Cidade de Limeira<br \/>Participantes: Estudantes da EMEIEF Prada<\/p>\n<p>&#13;<\/p>\n<p>03-07 | sexta-feira | 9h \u00e0s 10h30 | VISITA MONITORADA \u00c0 CASA ECOL\u00d3GICA &#8211; RES\u00cdDUOS<br \/>Local: Casa Ecol\u00f3gica &#8211; Horto Florestal de Limeira<br \/>Participantes: Estudantes da EMEIEF PROF\u00aa MARIA APARECIDA DEGASPARI<\/p>\n<p>&#13;<\/p>\n<p>06-07 | segunda-feira | 9h30 \u00e0s 11h | TRILHA ECOL\u00d3GICA DA ARBORIZA\u00c7\u00c3O<br \/>Local: Parque Cidade de Limeira<br \/>Participantes: Estudantes com Altas Habilidades do N\u00facleo Minerva<\/p>\n<p>&#13;<\/p>\n<p>08-07 | quarta-feira | 9h \u00e0s 10h30 | VISITA MONITORADA \u00c0 CASA ECOL\u00d3GICA &#8211; RES\u00cdDUOS<br \/>Local: Casa Ecol\u00f3gica &#8211; Horto Florestal de Limeira<br \/>Participantes: Estudantes da EMEIEF PROF\u00aa MARIA APARECIDA DEGASPARI<\/p>\n<p>&#13;<\/p>\n<p>14-07 | ter\u00e7a-feira | 8h30 \u00e0s 9h30 | ESTANDE DE ORIENTA\u00c7\u00d5ES<br \/>Local: Pa\u00e7o Municipal &#8211; Hall de Entrada<br \/>Participantes: Popula\u00e7\u00e3o em geral<\/p>\n<p>&#13;<\/p>\n<p>21-07 | ter\u00e7a-feira | 8h30 \u00e0s 9h30 | ESTANDE DE ORIENTA\u00c7\u00d5ES<br \/>Local: Pa\u00e7o Municipal &#8211; Hall de Entrada<br \/>Participantes: Popula\u00e7\u00e3o em geral<\/p>\n<p>&#13;<\/p>\n<p>24-07 | sexta-feira | 9h \u00e0s 10h30 | BARREIRA EDUCATIVA<br \/>Local: A definir<br \/>Participantes: Popula\u00e7\u00e3o em geral<\/p>\n<p>&#13;<\/p>\n<p>28-07 | ter\u00e7a-feira | 8h30 \u00e0s 9h30 | ESTANDE DE ORIENTA\u00c7\u00d5ES<br \/>Local: Pa\u00e7o Municipal &#8211; Hall de Entrada<br \/>Participantes: Popula\u00e7\u00e3o em geral<\/p>\n<p>&#13;<\/p>\n<p>30-07 | quinta-feira | OFICINA EDUCATIVA<br \/>Local: N\u00facleo Minerva<br \/>Participantes: Estudantes com Altas Habilidades do N\u00facleo Minerva<\/p>\n<p>&#13;<br \/>\n&#13;<br \/>\n&#13;<br \/>\n&#13;<\/p>\n<article class=\"conteudo-relacionado no-print\">&#13;<br \/>\n        &#13;<br \/>\n&#13;<br \/>\n        &#13;<br \/>\n    <\/article>\n<p>&#13;<br \/>\n&#13;\n                <\/p><\/div>\n<p><br \/>\n<br \/><a href=\"https:\/\/limeira.sp.gov.br\/limeira-promove-campanha-julho-sem-plastico-com-foco-em-sustentabilidade-\" rel=\"noopener\">Informa\u00e7\u00f5es da PML <\/a><\/p>\n","protected":false},"excerpt":{"rendered":"<p>&#13; &#13; &#13; &#13; &#13; &#13; &#13; &#13; &#13; &#13; A Prefeitura de Limeira, por meio da Secretaria de Meio Ambiente e Saneamento, realiza ao longo do m\u00eas de julho uma s\u00e9rie de a\u00e7\u00f5es de conscientiza\u00e7\u00e3o dentro da campanha \u201cJulho sem Pl\u00e1stico\u201d, institu\u00edda pela Lei Municipal n\u00ba 6.349\/2020 e incorporada ao calend\u00e1rio oficial de eventos [&hellip;]<\/p>\n","protected":false},"author":1,"featured_media":71000,"comment_status":"","ping_status":"open","sticky":false,"template":"","format":"standard","meta":{"_jetpack_newsletter_access":"","_jetpack_dont_email_post_to_subs":false,"_jetpack_newsletter_tier_id":0,"_jetpack_memberships_contains_paywalled_content":false,"_mbp_banners":[],"_jetpack_feature_clip_id":0,"_jetpack_memberships_contains_paid_content":false,"footnotes":"","jetpack_publicize_message":"","jetpack_publicize_feature_enabled":true,"jetpack_social_post_already_shared":true,"jetpack_social_options":{"image_generator_settings":{"template":"highway","default_image_id":0,"font":"","enabled":false},"version":2},"jetpack_post_was_ever_published":false},"categories":[16],"tags":[],"class_list":["post-70999","post","type-post","status-publish","format-standard","has-post-thumbnail","category-local"],"jetpack_publicize_connections":[],"jetpack-related-posts":[],"jetpack_shortlink":"https:\/\/wp.me\/p7Eq1F-it9","jetpack_sharing_enabled":true,"jetpack_featured_media_url":"https:\/\/i0.wp.com\/guialimeira.com.br\/news\/wp-content\/uploads\/2026\/07\/m_137_0_1_01072026141426.jpeg?fit=1024%2C768&ssl=1","_links":{"self":[{"href":"https:\/\/guialimeira.com.br\/news\/wp-json\/wp\/v2\/posts\/70999","targetHints":{"allow":["GET"]}}],"collection":[{"href":"https:\/\/guialimeira.com.br\/news\/wp-json\/wp\/v2\/posts"}],"about":[{"href":"https:\/\/guialimeira.com.br\/news\/wp-json\/wp\/v2\/types\/post"}],"author":[{"embeddable":true,"href":"https:\/\/guialimeira.com.br\/news\/wp-json\/wp\/v2\/users\/1"}],"replies":[{"embeddable":true,"href":"https:\/\/guialimeira.com.br\/news\/wp-json\/wp\/v2\/comments?post=70999"}],"version-history":[{"count":0,"href":"https:\/\/guialimeira.com.br\/news\/wp-json\/wp\/v2\/posts\/70999\/revisions"}],"wp:featuredmedia":[{"embeddable":true,"href":"https:\/\/guialimeira.com.br\/news\/wp-json\/wp\/v2\/media\/71000"}],"wp:attachment":[{"href":"https:\/\/guialimeira.com.br\/news\/wp-json\/wp\/v2\/media?parent=70999"}],"wp:term":[{"taxonomy":"category","embeddable":true,"href":"https:\/\/guialimeira.com.br\/news\/wp-json\/wp\/v2\/categories?post=70999"},{"taxonomy":"post_tag","embeddable":true,"href":"https:\/\/guialimeira.com.br\/news\/wp-json\/wp\/v2\/tags?post=70999"}],"curies":[{"name":"wp","href":"https:\/\/api.w.org\/{rel}","templated":true}]}}