{"id":70979,"date":"2026-07-01T11:27:55","date_gmt":"2026-07-01T14:27:55","guid":{"rendered":"https:\/\/guialimeira.com.br\/consulta-digital-e-ampliada-e-passa-a-funcionar-em-oito-ubss-em-limeira\/"},"modified":"2026-07-01T11:27:55","modified_gmt":"2026-07-01T14:27:55","slug":"consulta-digital-e-ampliada-e-passa-a-funcionar-em-oito-ubss-em-limeira","status":"publish","type":"post","link":"https:\/\/guialimeira.com.br\/news\/consulta-digital-e-ampliada-e-passa-a-funcionar-em-oito-ubss-em-limeira\/","title":{"rendered":"Consulta Digital \u00e9 ampliada e passa a funcionar em oito UBSs em Limeira"},"content":{"rendered":"<p> <br \/>\n<\/p>\n<div>\n                <main class=\"\">&#13;<br \/>\n                    &#13;<br \/>\n&#13;<br \/>\n&#13;<br \/>\n&#13;<br \/>\n&#13;<br \/>\n&#13;<br \/>\n    <img data-recalc-dims=\"1\" decoding=\"async\" src=\"https:\/\/i0.wp.com\/ecrie.com.br\/sistema\/conteudos\/imagem\/m_137_0_1_01072026112542.jpg?w=696&#038;ssl=1\" alt=\"Consulta Digital \u00e9 ampliada e passa a funcionar em oito UBSs em Limeira\"\/>&#13;<br \/>\n&#13;<br \/>\n&#13;<\/p>\n<p>\u00a0<\/p>\n<p>&#13;<\/p>\n<p style=\"text-align: justify;\">O atendimento da Consulta Digital, servi\u00e7o de telemedicina da Prefeitura de Limeira, ir\u00e1 contemplar mais quatro Unidades B\u00e1sicas de Sa\u00fade (UBSs) a partir desta quarta-feira (1<span style=\"font-family: Times New Roman, serif;\">\u00b0<\/span><span style=\"font-family: Liberation Serif, serif;\">). S\u00e3o elas<\/span>: Graminha, Campo Belo, Nova Europa e Morro Azul. Com a amplia\u00e7\u00e3o, o programa passa a estar dispon\u00edvel em oito unidades da rede municipal.<\/p>\n<p>&#13;<\/p>\n<p style=\"text-align: justify;\">Lan\u00e7ada no fim de maio, a Consulta Digital j\u00e1 est\u00e1 dispon\u00edvel nas UBSs Cecap, Jardim Vista Alegre, Jardim Aeroporto e Ab\u00edlio Pedro. Em apenas 30 dias de funcionamento, a plataforma registrou cerca de 100 agendamentos, ampliando o acesso da popula\u00e7\u00e3o \u00e0s consultas m\u00e9dicas on-line. O servi\u00e7o tem beneficiado, principalmente, idosos, pessoas acamadas e pacientes com dificuldade de locomo\u00e7\u00e3o, que encontram na telemedicina uma alternativa pr\u00e1tica para o acompanhamento da sa\u00fade.<\/p>\n<p>&#13;<\/p>\n<p style=\"text-align: justify;\">A Consulta Digital \u00e9 destinada a atendimentos de cl\u00ednica geral para demandas de baixa complexidade, que n\u00e3o se enquadram como urg\u00eancia ou emerg\u00eancia. Entre os servi\u00e7os oferecidos est\u00e3o a renova\u00e7\u00e3o de receitas, o acompanhamento de pacientes com doen\u00e7as cr\u00f4nicas, como diabetes e hipertens\u00e3o, al\u00e9m de outras situa\u00e7\u00f5es de rotina que n\u00e3o exigem avalia\u00e7\u00e3o presencial.<\/p>\n<p>&#13;<\/p>\n<p style=\"text-align: justify;\">A marca\u00e7\u00e3o da consulta pode ser realizada pelo sistema Agenda F\u00e1cil Sa\u00fade ou diretamente na UBS de refer\u00eancia do paciente. Para utilizar a plataforma, \u00e9 necess\u00e1rio manter o cadastro atualizado.<\/p>\n<p>&#13;<\/p>\n<p style=\"text-align: justify;\">Ap\u00f3s a confirma\u00e7\u00e3o da consulta, o usu\u00e1rio recebe lembretes autom\u00e1ticos e, no hor\u00e1rio agendado, um link \u00e9 enviado por WhatsApp para acesso ao atendimento. Ao final da consulta, receitas m\u00e9dicas e solicita\u00e7\u00f5es de exames, quando necess\u00e1rias, tamb\u00e9m s\u00e3o encaminhadas pelo aplicativo.<\/p>\n<p>&#13;<\/p>\n<p style=\"text-align: justify;\">A Secretaria de Sa\u00fade refor\u00e7a que a Consulta Digital n\u00e3o substitui o atendimento em casos de urg\u00eancia e emerg\u00eancia. Nessas situa\u00e7\u00f5es, a orienta\u00e7\u00e3o \u00e9 que a popula\u00e7\u00e3o procure um dos Prontos Atendimentos do munic\u00edpio ou os hospitais de refer\u00eancia.<\/p>\n<p>&#13;<\/p>\n<p style=\"text-align: justify;\"><strong>Servi\u00e7o<\/strong><\/p>\n<p>&#13;<\/p>\n<p style=\"text-align: justify;\">O Agenda F\u00e1cil Sa\u00fade pode ser acessado pelo link: <a href=\"https:\/\/limeira-portal.ids.inf.br\/portalcidadao\/\" target=\"_new\" rel=\"noopener\">https:\/\/limeira-portal.ids.inf.br\/portalcidadao\/<\/a><\/p>\n<p>&#13;<br \/>\n&#13;<br \/>\n&#13;<br \/>\n&#13;<\/p>\n<article class=\"conteudo-relacionado no-print\">&#13;<br \/>\n        &#13;<br \/>\n&#13;<br \/>\n        &#13;<br \/>\n    <\/article>\n<p>&#13;<br \/>\n&#13;<br \/>\n                <\/main><\/p><\/div>\n<p><br \/>\n<br \/><a href=\"https:\/\/limeira.sp.gov.br\/consulta-digital-e-ampliada-e-passa-a-funcionar-em-oito-ubss-em-limeira\" rel=\"noopener\">Informa\u00e7\u00f5es da PML <\/a><\/p>\n","protected":false},"excerpt":{"rendered":"<p>&#13; &#13; &#13; &#13; &#13; &#13; &#13; &#13; &#13; &#13; \u00a0 &#13; O atendimento da Consulta Digital, servi\u00e7o de telemedicina da Prefeitura de Limeira, ir\u00e1 contemplar mais quatro Unidades B\u00e1sicas de Sa\u00fade (UBSs) a partir desta quarta-feira (1\u00b0). S\u00e3o elas: Graminha, Campo Belo, Nova Europa e Morro Azul. Com a amplia\u00e7\u00e3o, o programa passa a [&hellip;]<\/p>\n","protected":false},"author":1,"featured_media":70980,"comment_status":"","ping_status":"open","sticky":false,"template":"","format":"standard","meta":{"_jetpack_newsletter_access":"","_jetpack_dont_email_post_to_subs":false,"_jetpack_newsletter_tier_id":0,"_jetpack_memberships_contains_paywalled_content":false,"_mbp_banners":[],"_jetpack_feature_clip_id":0,"_jetpack_memberships_contains_paid_content":false,"footnotes":"","jetpack_publicize_message":"","jetpack_publicize_feature_enabled":true,"jetpack_social_post_already_shared":true,"jetpack_social_options":{"image_generator_settings":{"template":"highway","default_image_id":0,"font":"","enabled":false},"version":2},"jetpack_post_was_ever_published":false},"categories":[16],"tags":[],"class_list":["post-70979","post","type-post","status-publish","format-standard","has-post-thumbnail","category-local"],"jetpack_publicize_connections":[],"jetpack-related-posts":[],"jetpack_shortlink":"https:\/\/wp.me\/p7Eq1F-isP","jetpack_sharing_enabled":true,"jetpack_featured_media_url":"https:\/\/i0.wp.com\/guialimeira.com.br\/news\/wp-content\/uploads\/2026\/07\/m_137_0_1_01072026112542.jpg?fit=1024%2C680&ssl=1","_links":{"self":[{"href":"https:\/\/guialimeira.com.br\/news\/wp-json\/wp\/v2\/posts\/70979","targetHints":{"allow":["GET"]}}],"collection":[{"href":"https:\/\/guialimeira.com.br\/news\/wp-json\/wp\/v2\/posts"}],"about":[{"href":"https:\/\/guialimeira.com.br\/news\/wp-json\/wp\/v2\/types\/post"}],"author":[{"embeddable":true,"href":"https:\/\/guialimeira.com.br\/news\/wp-json\/wp\/v2\/users\/1"}],"replies":[{"embeddable":true,"href":"https:\/\/guialimeira.com.br\/news\/wp-json\/wp\/v2\/comments?post=70979"}],"version-history":[{"count":0,"href":"https:\/\/guialimeira.com.br\/news\/wp-json\/wp\/v2\/posts\/70979\/revisions"}],"wp:featuredmedia":[{"embeddable":true,"href":"https:\/\/guialimeira.com.br\/news\/wp-json\/wp\/v2\/media\/70980"}],"wp:attachment":[{"href":"https:\/\/guialimeira.com.br\/news\/wp-json\/wp\/v2\/media?parent=70979"}],"wp:term":[{"taxonomy":"category","embeddable":true,"href":"https:\/\/guialimeira.com.br\/news\/wp-json\/wp\/v2\/categories?post=70979"},{"taxonomy":"post_tag","embeddable":true,"href":"https:\/\/guialimeira.com.br\/news\/wp-json\/wp\/v2\/tags?post=70979"}],"curies":[{"name":"wp","href":"https:\/\/api.w.org\/{rel}","templated":true}]}}