{"id":70968,"date":"2026-07-01T10:40:55","date_gmt":"2026-07-01T13:40:55","guid":{"rendered":"https:\/\/guialimeira.com.br\/mes-do-meio-ambiente-em-limeira-e-marcado-por-atividades-de-conscientizacao-ambiental\/"},"modified":"2026-07-01T10:40:55","modified_gmt":"2026-07-01T13:40:55","slug":"mes-do-meio-ambiente-em-limeira-e-marcado-por-atividades-de-conscientizacao-ambiental","status":"publish","type":"post","link":"https:\/\/guialimeira.com.br\/news\/mes-do-meio-ambiente-em-limeira-e-marcado-por-atividades-de-conscientizacao-ambiental\/","title":{"rendered":"M\u00eas do Meio Ambiente em Limeira \u00e9 marcado por atividades de conscientiza\u00e7\u00e3o ambiental"},"content":{"rendered":"<p> <br \/>\n<\/p>\n<div>\n                <main class=\"\">&#13;<br \/>\n                    &#13;<br \/>\n&#13;<br \/>\n&#13;<br \/>\n&#13;<br \/>\n&#13;<br \/>\n&#13;<br \/>\n    <img data-recalc-dims=\"1\" decoding=\"async\" src=\"https:\/\/i0.wp.com\/ecrie.com.br\/sistema\/conteudos\/imagem\/m_137_0_1_01072026103635.jpeg?w=696&#038;ssl=1\" alt=\"M\u00eas do Meio Ambiente em Limeira \u00e9 marcado por atividades de conscientiza\u00e7\u00e3o ambiental\"\/>&#13;<br \/>\n&#13;<br \/>\n&#13;<\/p>\n<p style=\"text-align: justify;\">A Prefeitura de Limeira encerrou, na segunda-feira (29), a programa\u00e7\u00e3o do M\u00eas do Meio Ambiente 2026, iniciativa coordenada pela Secretaria de Meio Ambiente e Saneamento. Ao longo de junho, foram promovidas a\u00e7\u00f5es de conscientiza\u00e7\u00e3o e educa\u00e7\u00e3o ambiental que abordaram temas como aquecimento global, mudan\u00e7as clim\u00e1ticas, polui\u00e7\u00e3o da \u00e1gua e do solo, arboriza\u00e7\u00e3o urbana e conserva\u00e7\u00e3o dos recursos h\u00eddricos. Ao todo, 455 pessoas participaram das atividades presenciais realizadas em diferentes pontos da cidade.<\/p>\n<p>&#13;<\/p>\n<p style=\"text-align: justify;\">Encerrando o cronograma do M\u00eas do Meio Ambiente, a Trilha Ecol\u00f3gica das Abelhas foi realizada no Parque Cidade, com a participa\u00e7\u00e3o de alunos da EMEIEF Alfredo Christiano Stahlberg. A a\u00e7\u00e3o proporcionou aos estudantes uma viv\u00eancia pr\u00e1tica sobre a import\u00e2ncia das abelhas para o equil\u00edbrio dos ecossistemas e a preserva\u00e7\u00e3o da biodiversidade.<\/p>\n<p>&#13;<\/p>\n<p style=\"text-align: justify;\">\u201cO M\u00eas do Meio Ambiente \u00e9 uma oportunidade de aproximar a popula\u00e7\u00e3o das discuss\u00f5es ambientais e mostrar que a sustentabilidade faz parte do dia a dia de todos. A participa\u00e7\u00e3o da comunidade nas atividades demonstra o interesse crescente por temas ligados \u00e0 preserva\u00e7\u00e3o ambiental\u201d, destacou o secret\u00e1rio de Meio Ambiente e Saneamento, F\u00e1bio Luccas Rosa Junior.<\/p>\n<p>&#13;<\/p>\n<p style=\"text-align: justify;\">Institu\u00eddo pela Lei Municipal n\u00ba 6.837\/2022, o M\u00eas Municipal de Conscientiza\u00e7\u00e3o e Preserva\u00e7\u00e3o do Meio Ambiente integra o calend\u00e1rio oficial do munic\u00edpio. Entre as atividades desenvolvidas estiveram palestras, visitas monitoradas \u00e0 Casa Ecol\u00f3gica, no Horto Florestal, trilhas tem\u00e1ticas no Parque Cidade e a\u00e7\u00f5es de orienta\u00e7\u00e3o ambiental voltadas \u00e0 popula\u00e7\u00e3o.<\/p>\n<p>&#13;<\/p>\n<p style=\"text-align: justify;\">A iniciativa tamb\u00e9m esteve alinhada aos Objetivos de Desenvolvimento Sustent\u00e1vel (ODS) da Organiza\u00e7\u00e3o das Na\u00e7\u00f5es Unidas (ONU), especialmente o ODS 13, que trata da a\u00e7\u00e3o contra a mudan\u00e7a global do clima, e o ODS 15, voltado \u00e0 prote\u00e7\u00e3o da vida terrestre e \u00e0 conserva\u00e7\u00e3o dos ecossistemas.<\/p>\n<p>&#13;<br \/>\n&#13;<br \/>\n&#13;<br \/>\n&#13;<\/p>\n<article class=\"conteudo-relacionado no-print\">&#13;<br \/>\n        &#13;<br \/>\n&#13;<br \/>\n        &#13;<br \/>\n    <\/article>\n<p>&#13;<br \/>\n&#13;<br \/>\n                <\/main><\/p><\/div>\n<p><br \/>\n<br \/><a href=\"https:\/\/limeira.sp.gov.br\/mes-do-meio-ambiente-em-limeira-e-marcado-por-atividades-de-conscientizacao-ambiental\" rel=\"noopener\">Informa\u00e7\u00f5es da PML <\/a><\/p>\n","protected":false},"excerpt":{"rendered":"<p>&#13; &#13; &#13; &#13; &#13; &#13; &#13; &#13; &#13; &#13; A Prefeitura de Limeira encerrou, na segunda-feira (29), a programa\u00e7\u00e3o do M\u00eas do Meio Ambiente 2026, iniciativa coordenada pela Secretaria de Meio Ambiente e Saneamento. Ao longo de junho, foram promovidas a\u00e7\u00f5es de conscientiza\u00e7\u00e3o e educa\u00e7\u00e3o ambiental que abordaram temas como aquecimento global, mudan\u00e7as clim\u00e1ticas, [&hellip;]<\/p>\n","protected":false},"author":1,"featured_media":70969,"comment_status":"","ping_status":"open","sticky":false,"template":"","format":"standard","meta":{"_jetpack_newsletter_access":"","_jetpack_dont_email_post_to_subs":false,"_jetpack_newsletter_tier_id":0,"_jetpack_memberships_contains_paywalled_content":false,"_mbp_banners":[],"_jetpack_feature_clip_id":0,"_jetpack_memberships_contains_paid_content":false,"footnotes":"","jetpack_publicize_message":"","jetpack_publicize_feature_enabled":true,"jetpack_social_post_already_shared":true,"jetpack_social_options":{"image_generator_settings":{"template":"highway","default_image_id":0,"font":"","enabled":false},"version":2},"jetpack_post_was_ever_published":false},"categories":[16],"tags":[],"class_list":["post-70968","post","type-post","status-publish","format-standard","has-post-thumbnail","category-local"],"jetpack_publicize_connections":[],"jetpack-related-posts":[],"jetpack_shortlink":"https:\/\/wp.me\/p7Eq1F-isE","jetpack_sharing_enabled":true,"jetpack_featured_media_url":"https:\/\/i0.wp.com\/guialimeira.com.br\/news\/wp-content\/uploads\/2026\/07\/m_137_0_1_01072026103635.jpeg?fit=1024%2C575&ssl=1","_links":{"self":[{"href":"https:\/\/guialimeira.com.br\/news\/wp-json\/wp\/v2\/posts\/70968","targetHints":{"allow":["GET"]}}],"collection":[{"href":"https:\/\/guialimeira.com.br\/news\/wp-json\/wp\/v2\/posts"}],"about":[{"href":"https:\/\/guialimeira.com.br\/news\/wp-json\/wp\/v2\/types\/post"}],"author":[{"embeddable":true,"href":"https:\/\/guialimeira.com.br\/news\/wp-json\/wp\/v2\/users\/1"}],"replies":[{"embeddable":true,"href":"https:\/\/guialimeira.com.br\/news\/wp-json\/wp\/v2\/comments?post=70968"}],"version-history":[{"count":0,"href":"https:\/\/guialimeira.com.br\/news\/wp-json\/wp\/v2\/posts\/70968\/revisions"}],"wp:featuredmedia":[{"embeddable":true,"href":"https:\/\/guialimeira.com.br\/news\/wp-json\/wp\/v2\/media\/70969"}],"wp:attachment":[{"href":"https:\/\/guialimeira.com.br\/news\/wp-json\/wp\/v2\/media?parent=70968"}],"wp:term":[{"taxonomy":"category","embeddable":true,"href":"https:\/\/guialimeira.com.br\/news\/wp-json\/wp\/v2\/categories?post=70968"},{"taxonomy":"post_tag","embeddable":true,"href":"https:\/\/guialimeira.com.br\/news\/wp-json\/wp\/v2\/tags?post=70968"}],"curies":[{"name":"wp","href":"https:\/\/api.w.org\/{rel}","templated":true}]}}