{"id":70967,"date":"2026-07-01T10:36:11","date_gmt":"2026-07-01T13:36:11","guid":{"rendered":"https:\/\/guialimeira.com.br\/programacao-completa-de-eventos-julho\/"},"modified":"2026-07-01T10:36:11","modified_gmt":"2026-07-01T13:36:11","slug":"programacao-completa-de-eventos-julho","status":"publish","type":"post","link":"https:\/\/guialimeira.com.br\/news\/programacao-completa-de-eventos-julho\/","title":{"rendered":"Programa\u00e7\u00e3o completa de eventos &#8211; Julho"},"content":{"rendered":"<p> <br \/>\n<\/p>\n<div id=\"\">&#13;<br \/>\n                    &#13;<br \/>\n&#13;<br \/>\n&#13;<br \/>\n&#13;<br \/>\n&#13;<br \/>\n&#13;<br \/>\n&#13;<br \/>\n&#13;<\/p>\n<h2><img data-recalc-dims=\"1\" decoding=\"async\" src=\"https:\/\/i0.wp.com\/ecrie.com.br\/sistema\/conteudos\/imagem\/g_137_0_1_10122025154043.jpeg?w=696&#038;ssl=1\" alt=\"Agenda Cultural\"\/><\/h2>\n<p>&#13;<\/p>\n<h2><strong>EXPOSI\u00c7\u00c3O: \u201cHER\u00d3IS DE LIMEIRA: A MEM\u00d3RIA DE 32\u201d<\/strong><\/h2>\n<p>&#13;<\/p>\n<h3><strong>De 1\u00ba a 31 de julho<\/strong><\/h3>\n<p>&#13;<\/p>\n<p><strong>Hor\u00e1rio:<\/strong>\u00a0Segunda a sexta-feira, das 8h \u00e0s 17h.<\/p>\n<p>&#13;<\/p>\n<p><strong>Local:<\/strong>\u00a0Palacete Tatuibi<\/p>\n<p>&#13;<\/p>\n<p>\u00a0<\/p>\n<p>&#13;<\/p>\n<p>A exposi\u00e7\u00e3o resgata a participa\u00e7\u00e3o volunt\u00e1ria da popula\u00e7\u00e3o de Limeira no Movimento Constitucionalista de 1932, reunindo fotografias de \u00e9poca e depoimentos gravados na d\u00e9cada de 1980. A mostra preserva e valoriza a mem\u00f3ria de quem vivenciou esse importante cap\u00edtulo da Hist\u00f3ria.<\/p>\n<p>&#13;<\/p>\n<p>\u00a0<\/p>\n<p>&#13;<\/p>\n<p><strong>Entrada:<\/strong>\u00a0Gratuita<\/p>\n<p>&#13;<\/p>\n<p><strong>Classifica\u00e7\u00e3o:<\/strong>\u00a0Livre<\/p>\n<p>&#13;<\/p>\n<p>\u00a0<\/p>\n<p>&#13;<\/p>\n<p><strong><em>Realiza\u00e7\u00e3o:<\/em><\/strong><em>\u00a0Prefeitura de Limeira, por meio da Secretaria de Cultura.<\/em><\/p>\n<p>&#13;<\/p>\n<p>\u00a0<\/p>\n<p>&#13;<\/p>\n<hr\/>\n<p>&#13;<\/p>\n<h2><strong>AUDIOVISUAL: CINE DEBATE: DOCUMENT\u00c1RIO U\u00ddRA &#8211; A RETOMADA DA FLORESTA<\/strong><\/h2>\n<p>&#13;<\/p>\n<h3><strong>Quarta-feira, 1\u00ba de julho<\/strong><\/h3>\n<p>&#13;<\/p>\n<p><strong>Hor\u00e1rio:<\/strong>\u00a018h30<\/p>\n<p>&#13;<\/p>\n<p><strong>Local:<\/strong>\u00a0Biblioteca Municipal (Parque Cidade &#8211; H\u00edpica)<\/p>\n<p>&#13;<\/p>\n<p>\u00a0<\/p>\n<p>&#13;<\/p>\n<p><em>O document\u00e1rio acompanha a jornada da artista trans ind\u00edgena U\u00fdra pela Amaz\u00f4nia, unindo arte, educa\u00e7\u00e3o e ancestralidade para promover reflex\u00f5es sobre identidade, meio ambiente e direitos humanos. Ap\u00f3s a exibi\u00e7\u00e3o, haver\u00e1 um bate-papo com o Prof. Dr. Lux Ferreira Lima, da Faculdade de Ci\u00eancias Aplicadas da UNICAMP.<\/em><\/p>\n<p>&#13;<\/p>\n<p>\u00a0<\/p>\n<p>&#13;<\/p>\n<p><strong>Entrada:<\/strong>\u00a0Gratuita<\/p>\n<p>&#13;<\/p>\n<p><strong>Classifica\u00e7\u00e3o:<\/strong>\u00a012 anos<\/p>\n<p>&#13;<\/p>\n<p>\u00a0<\/p>\n<p>&#13;<\/p>\n<p><strong><em>Realiza\u00e7\u00e3o:<\/em><\/strong><em>\u00a0Faculdade de Ci\u00eancias Aplicadas da UNICAMP, por meio do Prof. Dr. Lux Ferreira Lima, com apoio da Prefeitura de Limeira, por meio da Secretaria de Cultura.<\/em><\/p>\n<p>&#13;<\/p>\n<p>\u00a0<\/p>\n<p>&#13;<\/p>\n<hr\/>\n<p>&#13;<\/p>\n<h2><strong>FEIRA DE ARTES E GASTRONOMIA<\/strong><\/h2>\n<p>&#13;<\/p>\n<h3><strong>Todo s\u00e1bado<\/strong><\/h3>\n<p>&#13;<\/p>\n<p><strong>Hor\u00e1rio:<\/strong>\u00a0das 9h \u00e0s 14h<\/p>\n<p>&#13;<\/p>\n<p><strong>Local:<\/strong>\u00a0Pra\u00e7a Toledo Barros, s\/n, Centro<\/p>\n<p>&#13;<\/p>\n<p>\u00a0<\/p>\n<p>&#13;<\/p>\n<p><em>Para quem gosta de artesanato, comida boa e variedades, todo s\u00e1bado a Feira de Artes e Gastronomia est\u00e1 na Pra\u00e7a Toledo Barros. Vem pra Pra\u00e7a!<\/em><\/p>\n<p>&#13;<\/p>\n<p>\u00a0<\/p>\n<p>&#13;<\/p>\n<p><strong>Realiza\u00e7\u00e3o:<\/strong>\u00a0Prefeitura de Limeira, por meio da Secretaria de Cultura.<\/p>\n<p>&#13;<\/p>\n<p>\u00a0<\/p>\n<p>&#13;<\/p>\n<hr\/>\n<p>&#13;<\/p>\n<h2><strong>M\u00daSICA NA PRA\u00c7A: CORPORA\u00c7\u00c3O MUSICAL ARTHUR GIAMBELLI<\/strong><\/h2>\n<p>&#13;<\/p>\n<h3><strong>Domingo, 5 de julho<\/strong><\/h3>\n<p>&#13;<\/p>\n<p>\u00a0<\/p>\n<p>&#13;<\/p>\n<p><strong>Hor\u00e1rio:<\/strong>\u00a010h30<\/p>\n<p>&#13;<\/p>\n<p><strong>Local:<\/strong>\u00a0Coreto da Pra\u00e7a Toledo Barros<\/p>\n<p>&#13;<\/p>\n<p>\u00a0<\/p>\n<p>&#13;<\/p>\n<p><em>Neste domingo retreta musical especial de Festa Julina!<\/em><\/p>\n<p>&#13;<\/p>\n<p><em>Vem para a pra\u00e7a celebrar com tradi\u00e7\u00e3o e muito m\u00fasica boa!<\/em><\/p>\n<p>&#13;<\/p>\n<p>\u00a0<\/p>\n<p>&#13;<\/p>\n<p><strong>Entrada:<\/strong>\u00a0Gratuita<\/p>\n<p>&#13;<\/p>\n<p><strong>Classifica\u00e7\u00e3o:<\/strong>\u00a0Livre<\/p>\n<p>&#13;<\/p>\n<p><strong>Realiza\u00e7\u00e3o:<\/strong>\u00a0Prefeitura de Limeira, por meio da Secretaria de Cultura.<\/p>\n<p>&#13;<\/p>\n<p>\u00a0<\/p>\n<p>&#13;<\/p>\n<hr\/>\n<p>&#13;<\/p>\n<p>\u00a0<\/p>\n<p>&#13;<\/p>\n<h2><strong>LITERATURA: BANCA DE TROCAS DE LIVROS E GIBIS<\/strong><\/h2>\n<p>&#13;<\/p>\n<h3><strong>Quarta-feira, 8 de julho<\/strong><\/h3>\n<p>&#13;<\/p>\n<p><strong>\u00a0<\/strong><\/p>\n<p>&#13;<\/p>\n<p><strong>Hor\u00e1rio:<\/strong>\u00a017h \u00e0s 19h<\/p>\n<p>&#13;<\/p>\n<p><strong>Local:<\/strong>\u00a0Biblioteca Municipal (Parque Cidade)<\/p>\n<p>&#13;<\/p>\n<p>\u00a0<\/p>\n<p>&#13;<\/p>\n<p><em>Todas as quartas-feiras, as bibliotecas municipais ficam de portas abertas para atender a comunidade. E na segunda quarta-feira do m\u00eas acontece tamb\u00e9m a Banca de Troca de Livros e Gibis, incentivando a circula\u00e7\u00e3o de leituras e o acesso a novas hist\u00f3rias.<\/em><\/p>\n<p>&#13;<\/p>\n<p><em>\u00a0<\/em><\/p>\n<p>&#13;<\/p>\n<p><em>Para participar da troca, a prioridade \u00e9 para livros de literatura em bom estado. N\u00e3o s\u00e3o aceitos apostilas, materiais did\u00e1ticos, enciclop\u00e9dias, c\u00f3pias reprogr\u00e1ficas ou livros danificados.<\/em><\/p>\n<p>&#13;<\/p>\n<p>\u00a0<\/p>\n<p>&#13;<\/p>\n<p><strong>Entrada:<\/strong>\u00a0Gratuita<\/p>\n<p>&#13;<\/p>\n<p><strong>Classifica\u00e7\u00e3o:<\/strong>\u00a0Livre<\/p>\n<p>&#13;<\/p>\n<p><strong>Realiza\u00e7\u00e3o:<\/strong>\u00a0Prefeitura de Limeira, por meio da Secretaria de Cultura.<\/p>\n<p>&#13;<\/p>\n<p>\u00a0<\/p>\n<p>&#13;<\/p>\n<hr\/>\n<p>&#13;<\/p>\n<h2><strong>MOSTRA CULTURAL: RUAS DA VIDA &#8211; ALDEIA<\/strong><\/h2>\n<p>&#13;<\/p>\n<h3><strong>Quarta-feira, 8 de julho<\/strong><\/h3>\n<p>&#13;<\/p>\n<p><strong>Hor\u00e1rio:<\/strong>\u00a019h30<\/p>\n<p>&#13;<\/p>\n<p><strong>Local:<\/strong>\u00a0Teatro Vit\u00f3ria<\/p>\n<p>&#13;<\/p>\n<p>\u00a0<\/p>\n<p>&#13;<\/p>\n<p><em>A Mostra Cultural Ruas da Vida, realizada pelo Aldeia Movimento Pr\u00f3 Cultura, celebra a inf\u00e2ncia e a adolesc\u00eancia por meio de apresenta\u00e7\u00f5es inspiradas nas brincadeiras de rua, na conviv\u00eancia e nas mem\u00f3rias afetivas. Um convite para refletir sobre a import\u00e2ncia do brincar, da cultura e dos v\u00ednculos na forma\u00e7\u00e3o de crian\u00e7as e jovens.<\/em><\/p>\n<p>&#13;<\/p>\n<p>\u00a0<\/p>\n<p>&#13;<\/p>\n<p><strong>Entrada:<\/strong>\u00a0Gratuita<\/p>\n<p>&#13;<\/p>\n<p><strong>Classifica\u00e7\u00e3o:<\/strong>\u00a0Livre<\/p>\n<p>&#13;<\/p>\n<p>\u00a0<\/p>\n<p>&#13;<\/p>\n<p><strong><em>Realiza\u00e7\u00e3o:<\/em><\/strong><em>\u00a0Aldeia Movimento Pr\u00f3 Cultura, com apoio da Prefeitura de Limeira, por meio da Secretaria de Cultura.<\/em><\/p>\n<p>&#13;<\/p>\n<p>\u00a0<\/p>\n<p>&#13;<\/p>\n<hr\/>\n<p>&#13;<\/p>\n<h2><strong>DAN\u00c7A: FESTIVAL DE DAN\u00c7A DE INVERNO<\/strong><\/h2>\n<p>&#13;<\/p>\n<h3><strong>Sexta-feira, 10 de julho<\/strong><\/h3>\n<p>&#13;<\/p>\n<p><strong>Hor\u00e1rio:<\/strong>\u00a020h<\/p>\n<p>&#13;<\/p>\n<p><strong>Local:<\/strong>\u00a0Teatro Vit\u00f3ria<\/p>\n<p>&#13;<\/p>\n<p>\u00a0<\/p>\n<p>&#13;<\/p>\n<p><em>Uma noite dedicada \u00e0 arte da dan\u00e7a, reunindo apresenta\u00e7\u00f5es que celebram a express\u00e3o corporal, a criatividade e o talento dos participantes. O Festival de Dan\u00e7a de Inverno promete emocionar o p\u00fablico com coreografias de diferentes estilos.<\/em><\/p>\n<p>&#13;<\/p>\n<p>\u00a0<\/p>\n<p>&#13;<\/p>\n<p><strong>Entrada:<\/strong>\u00a0Ingresso solid\u00e1rio (1 produto de higiene ou limpeza)<\/p>\n<p>&#13;<\/p>\n<p><strong>Classifica\u00e7\u00e3o:<\/strong>\u00a0Livre<\/p>\n<p>&#13;<\/p>\n<p><strong><em><br \/><\/em><\/strong><strong><em>Realiza\u00e7\u00e3o:<\/em><\/strong><em>\u00a0Studio HIIT e Dan\u00e7a, com apoio da Prefeitura de Limeira, por meio da Secretaria de Cultura.<\/em><\/p>\n<p>&#13;<\/p>\n<p>\u00a0<\/p>\n<p>&#13;<\/p>\n<hr\/>\n<p>&#13;<\/p>\n<h2><strong>FEIRA DE ARTES E GASTRONOMIA<\/strong><\/h2>\n<p>&#13;<\/p>\n<h3><strong>Todo s\u00e1bado<\/strong><\/h3>\n<p>&#13;<\/p>\n<p><strong>Hor\u00e1rio:<\/strong>\u00a0das 9h \u00e0s 14h<\/p>\n<p>&#13;<\/p>\n<p><strong>Local:<\/strong>\u00a0Pra\u00e7a Toledo Barros, s\/n, Centro<\/p>\n<p>&#13;<\/p>\n<p>\u00a0<\/p>\n<p>&#13;<\/p>\n<p><em>Para quem gosta de artesanato, comida boa e variedades, todo s\u00e1bado a Feira de Artes e Gastronomia est\u00e1 na Pra\u00e7a Toledo Barros. Vem pra Pra\u00e7a!<\/em><\/p>\n<p>&#13;<\/p>\n<p>\u00a0<\/p>\n<p>&#13;<\/p>\n<p><strong>Realiza\u00e7\u00e3o:<\/strong>\u00a0Prefeitura de Limeira, por meio da Secretaria de Cultura.<\/p>\n<p>&#13;<\/p>\n<p>\u00a0<\/p>\n<p>&#13;<\/p>\n<hr\/>\n<p>&#13;<\/p>\n<h2><strong>ENCONTRO DE CARROS ANTIGOS: DOMINGO DAS REL\u00cdQUIAS<\/strong><\/h2>\n<p>&#13;<\/p>\n<h3><strong>Domingo, 12 de julho<\/strong><\/h3>\n<p>&#13;<\/p>\n<p>\u00a0<\/p>\n<p>&#13;<\/p>\n<p><strong>Hor\u00e1rio:<\/strong>\u00a08h \u00e0s 12h<\/p>\n<p>&#13;<\/p>\n<p><strong>Local:<\/strong>\u00a0Pra\u00e7a Toledo Barros<\/p>\n<p>&#13;<\/p>\n<p>\u00a0<\/p>\n<p>&#13;<\/p>\n<p><em>Todo segundo domingo do m\u00eas acontece na Pra\u00e7a Toledo Barros o tradicional encontro de colecionadores de carros antigos e outras antiguidades.<\/em><\/p>\n<p>&#13;<\/p>\n<p>\u00a0<\/p>\n<p>&#13;<\/p>\n<p><strong>Entrada:<\/strong>\u00a0Gratuita<\/p>\n<p>&#13;<\/p>\n<p><strong>Classifica\u00e7\u00e3o:<\/strong>\u00a0Livre<\/p>\n<p>&#13;<\/p>\n<p><strong>Realiza\u00e7\u00e3o:<\/strong>\u00a0Clube de Carros Antigos de Limeira<\/p>\n<p>&#13;<\/p>\n<p>\u00a0<\/p>\n<p>&#13;<\/p>\n<hr\/>\n<p>&#13;<\/p>\n<h2><strong>M\u00daSICA NA PRA\u00c7A: BANDA HENRIQUE MARQUES<\/strong><\/h2>\n<p>&#13;<\/p>\n<h3><strong>Domingo, 12 de julho<\/strong><\/h3>\n<p>&#13;<\/p>\n<p>\u00a0<\/p>\n<p>&#13;<\/p>\n<p><strong>Hor\u00e1rio:<\/strong>\u00a010h30<\/p>\n<p>&#13;<\/p>\n<p><strong>Local:<\/strong>\u00a0Coreto da Pra\u00e7a Toledo Barros<\/p>\n<p>&#13;<\/p>\n<p>\u00a0<\/p>\n<p>&#13;<\/p>\n<p><em>\u00c9 dia de m\u00fasica boa e tradi\u00e7\u00e3o viva no Centro de Limeira! Venha para a pra\u00e7a curtir a retreta dominicial com a Banda Henrique Marques.<\/em><\/p>\n<p>&#13;<\/p>\n<p>\u00a0<\/p>\n<p>&#13;<\/p>\n<p><strong>Entrada:<\/strong>\u00a0Gratuita<\/p>\n<p>&#13;<\/p>\n<p><strong>Classifica\u00e7\u00e3o:<\/strong>\u00a0Livre<\/p>\n<p>&#13;<\/p>\n<p><strong>Realiza\u00e7\u00e3o:<\/strong>\u00a0Prefeitura de Limeira, por meio da Secretaria de Cultura.<\/p>\n<p>&#13;<\/p>\n<p>\u00a0<\/p>\n<p>&#13;<\/p>\n<hr\/>\n<p>&#13;<\/p>\n<h2><strong>FEIRA DE ARTES E GASTRONOMIA<\/strong><\/h2>\n<p>&#13;<\/p>\n<h3><strong>Todo s\u00e1bado<\/strong><\/h3>\n<p>&#13;<\/p>\n<p><strong>Hor\u00e1rio:<\/strong>\u00a0das 9h \u00e0s 14h<\/p>\n<p>&#13;<\/p>\n<p><strong>Local:<\/strong>\u00a0Pra\u00e7a Toledo Barros, s\/n, Centro<\/p>\n<p>&#13;<\/p>\n<p>\u00a0<\/p>\n<p>&#13;<\/p>\n<p><em>Para quem gosta de artesanato, comida boa e variedades, todo s\u00e1bado a Feira de Artes e Gastronomia est\u00e1 na Pra\u00e7a Toledo Barros. Vem pra Pra\u00e7a!<\/em><\/p>\n<p>&#13;<\/p>\n<p>\u00a0<\/p>\n<p>&#13;<\/p>\n<p><strong>Realiza\u00e7\u00e3o:<\/strong>\u00a0Prefeitura de Limeira, por meio da Secretaria de Cultura.<\/p>\n<p>&#13;<\/p>\n<p>\u00a0<\/p>\n<p>&#13;<\/p>\n<hr\/>\n<p>&#13;<\/p>\n<h2><strong>\ud83d\udcda\ud83c\udf88 F\u00c9RIAS NA BIBLIOTECA: DIA DE JOGAR &#8211; JOGOS INFANTIS<\/strong><\/h2>\n<p>&#13;<\/p>\n<h3><strong>Segunda e ter\u00e7a-feira, 13 e 14 de julho<\/strong><\/h3>\n<p>&#13;<\/p>\n<p><strong>Hor\u00e1rio:<\/strong>\u00a0Das 14h30 \u00e0s 17h<\/p>\n<p>&#13;<\/p>\n<p><strong>Local:<\/strong>\u00a0Biblioteca Municipal (Parque Cidade &#8211; H\u00edpica)<\/p>\n<p>&#13;<\/p>\n<p>\u00a0<\/p>\n<p>&#13;<\/p>\n<p><em>Um momento de divers\u00e3o, intera\u00e7\u00e3o e aprendizado com jogos e brinquedos do acervo da biblioteca, estimulando o desenvolvimento cognitivo, social e emocional dos participantes. A atividade \u00e9 livre, respeitando a indica\u00e7\u00e3o et\u00e1ria de cada jogo e brinquedo.<\/em><\/p>\n<p>&#13;<\/p>\n<p>\u00a0<\/p>\n<p>&#13;<\/p>\n<p><strong>Entrada:<\/strong>\u00a0Gratuita<\/p>\n<p>&#13;<\/p>\n<p><strong>Classifica\u00e7\u00e3o:<\/strong>\u00a0Livre<\/p>\n<p>&#13;<\/p>\n<p><strong>Realiza\u00e7\u00e3o:<\/strong>\u00a0Prefeitura de Limeira, por meio da Secretaria de Cultura.<\/p>\n<p>&#13;<\/p>\n<p>\u00a0<\/p>\n<p>&#13;<\/p>\n<hr\/>\n<p>&#13;<\/p>\n<h2><strong>\ud83d\udcda\ud83c\udf88 F\u00c9RIAS NA BIBLIOTECA: CLUBE DO LIVRO INFANTIL<\/strong><\/h2>\n<p>&#13;<\/p>\n<h3><strong>Quarta-feira, 15 de julho<\/strong><\/h3>\n<p>&#13;<\/p>\n<p><strong>Hor\u00e1rio:<\/strong>\u00a014h30<\/p>\n<p>&#13;<\/p>\n<p><strong>Local:<\/strong>\u00a0Biblioteca Municipal (Parque Cidade &#8211; H\u00edpica)<\/p>\n<p>&#13;<\/p>\n<p>\u00a0<\/p>\n<p>&#13;<\/p>\n<p><em>A Biblioteca Municipal convida as crian\u00e7as para uma divertida viagem pelo mundo da leitura. No encontro, ser\u00e1 realizada a leitura de um livro seguida de uma conversa entre os participantes, incentivando a imagina\u00e7\u00e3o e o h\u00e1bito de ler.<\/em><\/p>\n<p>&#13;<\/p>\n<p>\u00a0<\/p>\n<p>&#13;<\/p>\n<p><strong>Entrada:<\/strong>\u00a0Gratuita, com inscri\u00e7\u00f5es a partir de 08\/07 pelo telefone ou WhatsApp 3442-6539 (vagas limitadas).<\/p>\n<p>&#13;<\/p>\n<p><strong>Classifica\u00e7\u00e3o:<\/strong>\u00a07 a 10 anos<\/p>\n<p>&#13;<\/p>\n<p><strong>Realiza\u00e7\u00e3o:<\/strong>\u00a0Prefeitura de Limeira, por meio da Secretaria de Cultura.<\/p>\n<p>&#13;<\/p>\n<p>\u00a0<\/p>\n<p>&#13;<\/p>\n<hr\/>\n<p>&#13;<\/p>\n<h2><strong>LITERATURA: CLUBE DO LIVRO<\/strong><\/h2>\n<p>&#13;<\/p>\n<h3><strong>Quarta-feira, 15 de julho<\/strong><\/h3>\n<p>&#13;<\/p>\n<p>\u00a0<\/p>\n<p>&#13;<\/p>\n<p><strong>Hor\u00e1rio:<\/strong>\u00a018h15<\/p>\n<p>&#13;<\/p>\n<p><strong>Local:<\/strong>\u00a0Biblioteca Municipal (Parque Cidade)<\/p>\n<p>&#13;<\/p>\n<p>\u00a0<\/p>\n<p>&#13;<\/p>\n<p><em>O Clube do Livro \u00e9 um espa\u00e7o de encontro para leitores que gostam de trocar ideias, ouvir recomenda\u00e7\u00f5es e conhecer novas obras. Os encontros s\u00e3o mensais e promovem debates e discuss\u00f5es em um ambiente acolhedor, estimulando o compartilhamento de impress\u00f5es e inspira\u00e7\u00f5es liter\u00e1rias.<\/em><\/p>\n<p>&#13;<\/p>\n<p><em>\u00a0<\/em><\/p>\n<p>&#13;<\/p>\n<p><em>A leitura do encontro deste m\u00eas ser\u00e1 \u201cA palavra que resta\u201d, de Stenio Gardel.\u00a0<\/em><em>Aos 71 anos, Raimundo decide aprender a ler para finalmente descobrir o conte\u00fado de uma carta que recebeu do grande amor de sua juventude e nunca conseguiu ler. Ao revisitar o passado, relembra a vida no sert\u00e3o, os conflitos familiares e a repress\u00e3o \u00e0 sua sexualidade. Em uma narrativa sens\u00edvel, o romance aborda mem\u00f3ria, identidade, perdas e recome\u00e7os.<\/em><\/p>\n<p>&#13;<\/p>\n<p><em>\u00a0<\/em><\/p>\n<p>&#13;<\/p>\n<p><strong>Media\u00e7\u00e3o:<\/strong>\u00a0Daniele Pedroso<\/p>\n<p>&#13;<\/p>\n<p><strong>Entrada:<\/strong>\u00a0Gratuita<\/p>\n<p>&#13;<\/p>\n<p><strong>Classifica\u00e7\u00e3o:<\/strong>\u00a0Maiores de 16 anos<\/p>\n<p>&#13;<\/p>\n<p><strong>\u00a0<\/strong><\/p>\n<p>&#13;<\/p>\n<p><strong><em>Realiza\u00e7\u00e3o:<\/em><\/strong><em>\u00a0Prefeitura de Limeira, por meio da Secretaria de Cultura.<\/em><\/p>\n<p>&#13;<\/p>\n<p>\u00a0<\/p>\n<p>&#13;<\/p>\n<hr\/>\n<p>&#13;<\/p>\n<h2><strong>DAN\u00c7A: CORES QUE SENTEM<\/strong><\/h2>\n<p>&#13;<\/p>\n<h3><strong>Quarta-feira, 15 de julho<\/strong><\/h3>\n<p>&#13;<\/p>\n<p><strong>Hor\u00e1rio:<\/strong>\u00a020h<\/p>\n<p>&#13;<\/p>\n<p><strong>Local:<\/strong>\u00a0Teatro Vit\u00f3ria<\/p>\n<p>&#13;<\/p>\n<p>\u00a0<\/p>\n<p>&#13;<\/p>\n<p><em>O Studio HIIT e Dan\u00e7a apresenta \u201cCores que Sentem\u201d, um espet\u00e1culo que transforma emo\u00e7\u00f5es em movimento. Por meio da dan\u00e7a, cada cor revela sentimentos, hist\u00f3rias e sensa\u00e7\u00f5es, conduzindo o p\u00fablico por uma experi\u00eancia sens\u00edvel e envolvente.<\/em><\/p>\n<p>&#13;<\/p>\n<p>\u00a0<\/p>\n<p>&#13;<\/p>\n<p><strong>Entrada:<\/strong>\u00a0R$ 80,00 (inteira), R$ 40,00 (meia-entrada) e R$ 40,00 (b\u00f4nus antecipado).<\/p>\n<p>&#13;<\/p>\n<p><strong>Classifica\u00e7\u00e3o:<\/strong>\u00a0Livre<\/p>\n<p>&#13;<\/p>\n<p><strong><em><br \/><\/em><\/strong><strong><em>Realiza\u00e7\u00e3o:<\/em><\/strong><em>\u00a0Studio HIIT e Dan\u00e7a, com apoio da Prefeitura de Limeira, por meio da Secretaria de Cultura.<\/em><\/p>\n<p>&#13;<\/p>\n<p>\u00a0<\/p>\n<p>&#13;<\/p>\n<hr\/>\n<p>&#13;<\/p>\n<h2><strong>\ud83d\udcda\ud83c\udf88 F\u00c9RIAS NA BIBLIOTECA: ESCAPE ROOM PARA CRIAN\u00c7AS<\/strong><\/h2>\n<p>&#13;<\/p>\n<h3><strong>Quinta-feira, 16 de julho<\/strong><\/h3>\n<p>&#13;<\/p>\n<p><strong>Hor\u00e1rio:<\/strong>\u00a014h30<\/p>\n<p>&#13;<\/p>\n<p><strong>Local:<\/strong>\u00a0Biblioteca Municipal (Parque Cidade &#8211; H\u00edpica)<\/p>\n<p>&#13;<\/p>\n<p>\u00a0<\/p>\n<p>&#13;<\/p>\n<p><em>Inspirada nos escape games, a atividade desafia as crian\u00e7as a resolver enigmas e encontrar pistas para &#8220;escapar da biblioteca&#8221;. Uma experi\u00eancia divertida que estimula o racioc\u00ednio l\u00f3gico, a criatividade e o trabalho em equipe.<\/em><\/p>\n<p>&#13;<\/p>\n<p>\u00a0<\/p>\n<p>&#13;<\/p>\n<p><strong>Entrada:<\/strong>\u00a0Gratuita, com inscri\u00e7\u00f5es a partir de 09\/07 pelo telefone ou WhatsApp 3442-6539 (vagas limitadas).<\/p>\n<p>&#13;<\/p>\n<p><strong>Classifica\u00e7\u00e3o:<\/strong>\u00a07 a 12 anos<\/p>\n<p>&#13;<\/p>\n<p>\u00a0<\/p>\n<p>&#13;<\/p>\n<p><strong><em>Realiza\u00e7\u00e3o:<\/em><\/strong><em>\u00a0Prefeitura de Limeira, por meio da Secretaria de Cultura.<\/em><\/p>\n<p>&#13;<\/p>\n<p>\u00a0<\/p>\n<p>&#13;<\/p>\n<hr\/>\n<p>&#13;<\/p>\n<h2><strong>PALESTRA: ATENDIMENTO HUMANIZADO | TRANSFORMANDO DISCURSO EM A\u00c7\u00c3O &#8211; MINISTRADA POR RENAN SANTANA<\/strong><\/h2>\n<p>&#13;<\/p>\n<h3><strong>Quinta-feira, 16 de julho<\/strong><\/h3>\n<p>&#13;<\/p>\n<p><strong>Hor\u00e1rio:<\/strong>\u00a019h30<\/p>\n<p>&#13;<\/p>\n<p><strong>Local:<\/strong>\u00a0Teatro Vit\u00f3ria<\/p>\n<p>&#13;<\/p>\n<p>\u00a0<\/p>\n<p>&#13;<\/p>\n<p><em>A palestra aborda como o atendimento humanizado, especialmente voltado a pessoas at\u00edpicas, com destaque para autistas, pode gerar mais valor, fortalecer conex\u00f5es e transformar a experi\u00eancia do cliente, contribuindo tamb\u00e9m para uma cultura organizacional mais inclusiva.<\/em><\/p>\n<p>&#13;<\/p>\n<p>\u00a0<\/p>\n<p>&#13;<\/p>\n<p><strong>Entrada:<\/strong>\u00a0Plateia: R$ 180,00 (inteira), R$ 90,00 (meia-entrada), R$ 90,00 (ingresso solid\u00e1rio, mediante doa\u00e7\u00e3o de 1 litro de leite) e R$ 90,00 (associados ACIL). Mezanino: R$ 160,00 (inteira), R$ 80,00 (meia-entrada) e R$ 80,00 (ingresso solid\u00e1rio, mediante doa\u00e7\u00e3o de 1 litro de leite).<\/p>\n<p>&#13;<\/p>\n<p><strong>Classifica\u00e7\u00e3o:<\/strong>\u00a0Livre<\/p>\n<p>&#13;<\/p>\n<p>\u00a0<\/p>\n<p>&#13;<\/p>\n<p><strong><em>Realiza\u00e7\u00e3o:<\/em><\/strong><em>\u00a0ACIL (Associa\u00e7\u00e3o Comercial e Industrial de Limeira), com apoio da Prefeitura de Limeira, por meio da Secretaria de Cultura.<\/em><\/p>\n<p>&#13;<\/p>\n<p><em>\u00a0<\/em><\/p>\n<p>&#13;<\/p>\n<hr\/>\n<p>&#13;<\/p>\n<h2><strong>\ud83d\udcda\ud83c\udf88 F\u00c9RIAS NA BIBLIOTECA: HORA DO CONTO COM RECANTO DAS HIST\u00d3RIAS<\/strong><\/h2>\n<p>&#13;<\/p>\n<h3><strong>Sexta-feira, 17 de julho<\/strong><\/h3>\n<p>&#13;<\/p>\n<p><strong>Hor\u00e1rio:<\/strong>\u00a014h30<\/p>\n<p>&#13;<\/p>\n<p><strong>Local:<\/strong>\u00a0Biblioteca Municipal (Parque Cidade &#8211; H\u00edpica)<\/p>\n<p>&#13;<\/p>\n<p>\u00a0<\/p>\n<p>&#13;<\/p>\n<p><em>As contadoras Amanda Hergert e Mara Belo, do Recanto das Hist\u00f3rias, conduzem uma tarde repleta de imagina\u00e7\u00e3o, personagens encantadores e hist\u00f3rias que despertam o interesse pela leitura de forma l\u00fadica e divertida.<\/em><\/p>\n<p>&#13;<\/p>\n<p>\u00a0<\/p>\n<p>&#13;<\/p>\n<p><strong>Entrada:<\/strong>\u00a0Gratuita<\/p>\n<p>&#13;<\/p>\n<p><strong>Classifica\u00e7\u00e3o:<\/strong>\u00a0Livre<\/p>\n<p>&#13;<\/p>\n<p>\u00a0<\/p>\n<p>&#13;<\/p>\n<p><strong><em>Realiza\u00e7\u00e3o:<\/em><\/strong><em>\u00a0Prefeitura de Limeira, por meio da Secretaria de Cultura, em parceria com a Secretaria de Educa\u00e7\u00e3o.<\/em><\/p>\n<p>&#13;<\/p>\n<p>\u00a0<\/p>\n<p>&#13;<\/p>\n<hr\/>\n<p>&#13;<\/p>\n<h2><strong>\ud83d\udcda\ud83c\udf88 F\u00c9RIAS NO C3: OFICINA DE ANATOMIA HUMANA<\/strong><\/h2>\n<p>&#13;<\/p>\n<h3><strong>Sexta-feira, 17 de julho<\/strong><\/h3>\n<p>&#13;<\/p>\n<p>\u00a0<\/p>\n<p>&#13;<\/p>\n<p><strong>Hor\u00e1rio:<\/strong>\u00a013h30<\/p>\n<p>&#13;<\/p>\n<p><strong>Local:<\/strong>\u00a0Centro de Ci\u00eancias e Cultura (C3)<\/p>\n<p>&#13;<\/p>\n<p>\u00a0<\/p>\n<p>&#13;<\/p>\n<p><em>Uma viagem fascinante pelo corpo humano! Nesta oficina, as crian\u00e7as aprender\u00e3o de forma divertida sobre anatomia, explorando curiosidades e descobrindo como funciona o nosso organismo por meio de atividades l\u00fadicas.<\/em><\/p>\n<p>&#13;<\/p>\n<p>\u00a0<\/p>\n<p>&#13;<\/p>\n<p><strong>Entrada:<\/strong>\u00a0Gratuita, com inscri\u00e7\u00f5es pelo telefone 3444-7893 (20 vagas).<\/p>\n<p>&#13;<\/p>\n<p><strong>Classifica\u00e7\u00e3o:<\/strong>\u00a06 a 10 anos<\/p>\n<p>&#13;<\/p>\n<p>\u00a0<\/p>\n<p>&#13;<\/p>\n<p><strong><em>Realiza\u00e7\u00e3o:<\/em><\/strong><em>\u00a0Prefeitura de Limeira, por meio da Secretaria de Cultura.<\/em><\/p>\n<p>&#13;<\/p>\n<p>\u00a0<\/p>\n<p>&#13;<\/p>\n<hr\/>\n<p>&#13;<\/p>\n<h2><strong>FESTA: ARRAI\u00c1 JULINO DE LIMEIRA<\/strong><\/h2>\n<p>&#13;<\/p>\n<h3><strong>Sexta-feira, 17 de julho, e s\u00e1bado, 18 de julho<\/strong><\/h3>\n<p>&#13;<\/p>\n<p><strong>Hor\u00e1rio:<\/strong>\u00a0a partir das 17h<\/p>\n<p>&#13;<\/p>\n<p><strong>Local:<\/strong>\u00a0Parque Cidade<\/p>\n<p>&#13;<\/p>\n<p>\u00a0<\/p>\n<p>&#13;<\/p>\n<p><em>O clima de festa julina vai tomar conta de Limeira com dois dias de muita m\u00fasica, comidas t\u00edpicas e atra\u00e7\u00f5es para toda a fam\u00edlia. O Arrai\u00e1 Julino re\u00fane tradi\u00e7\u00e3o, divers\u00e3o e solidariedade em uma programa\u00e7\u00e3o especial no Parque Cidade. Ter\u00e1 brinquedos infl\u00e1veis gratuitos, parque de divers\u00e3o, del\u00edcias t\u00edpicas e shows ao vivo.<\/em><\/p>\n<p>&#13;<\/p>\n<p><em>\u00a0<\/em><\/p>\n<p>&#13;<\/p>\n<p><em>Atra\u00e7\u00f5es:<\/em><\/p>\n<p>&#13;<\/p>\n<p><em>17\/07 \u2013 Forr\u00f3 Temperado e Forr\u00f3 Di Casa<\/em><\/p>\n<p>&#13;<\/p>\n<p><em>18\/07 \u2013 Sami Rico<\/em><\/p>\n<p>&#13;<\/p>\n<p>\u00a0<\/p>\n<p>&#13;<\/p>\n<p><strong>Entrada:<\/strong>\u00a0Gratuita. \u2764\ufe0f Fa\u00e7a parte dessa corrente do bem! Durante o evento, leve sua doa\u00e7\u00e3o para a Campanha do Agasalho do Fundo Social e ajude quem mais precisa.<\/p>\n<p>&#13;<\/p>\n<p><strong>Classifica\u00e7\u00e3o:<\/strong>\u00a0Livre<\/p>\n<p>&#13;<\/p>\n<p>\u00a0<\/p>\n<p>&#13;<\/p>\n<p><strong><em>Realiza\u00e7\u00e3o:<\/em><\/strong><em>\u00a0Prefeitura de Limeira<\/em><\/p>\n<p>&#13;<\/p>\n<p>\u00a0<\/p>\n<p>&#13;<\/p>\n<hr\/>\n<p>&#13;<\/p>\n<h2><strong>M\u00daSICA: BEATLES 4EVER<\/strong><\/h2>\n<p>&#13;<\/p>\n<h3><strong>Sexta-feira, 17 de julho<\/strong><\/h3>\n<p>&#13;<\/p>\n<p><strong>Hor\u00e1rio:<\/strong>\u00a020h<\/p>\n<p>&#13;<\/p>\n<p><strong>Local:<\/strong>\u00a0Teatro Vit\u00f3ria<\/p>\n<p>&#13;<\/p>\n<p>\u00a0<\/p>\n<p>&#13;<\/p>\n<p><em>O espet\u00e1culo Beatles 4Ever revisita a trajet\u00f3ria da maior banda de todos os tempos em uma produ\u00e7\u00e3o que recria as diferentes fases dos Beatles com figurinos, instrumentos e interpreta\u00e7\u00f5es fi\u00e9is \u00e0 \u00e9poca. Um show repleto de cl\u00e1ssicos que promete emocionar f\u00e3s de todas as gera\u00e7\u00f5es.<\/em><\/p>\n<p>&#13;<\/p>\n<p>\u00a0<\/p>\n<p>&#13;<\/p>\n<p><strong>Entrada:<\/strong>\u00a0Plateia: R$ 120,00 (inteira), R$ 60,00 (meia-entrada) e R$ 90,00 (b\u00f4nus antecipado at\u00e9 um dia antes). Mezanino: R$ 100,00 (inteira), R$ 50,00 (meia-entrada) e R$ 80,00 (b\u00f4nus antecipado at\u00e9 um dia antes).<\/p>\n<p>&#13;<\/p>\n<p><strong>Classifica\u00e7\u00e3o:<\/strong>\u00a0Livre<\/p>\n<p>&#13;<\/p>\n<p>\u00a0<\/p>\n<p>&#13;<\/p>\n<hr\/>\n<p>&#13;<\/p>\n<h2><strong>FEIRA DE ARTES E GASTRONOMIA<\/strong><\/h2>\n<p>&#13;<\/p>\n<h3><strong>Todo s\u00e1bado<\/strong><\/h3>\n<p>&#13;<\/p>\n<p><strong>Hor\u00e1rio:<\/strong>\u00a0das 9h \u00e0s 14h<\/p>\n<p>&#13;<\/p>\n<p><strong>Local:<\/strong>\u00a0Pra\u00e7a Toledo Barros, s\/n, Centro<\/p>\n<p>&#13;<\/p>\n<p>\u00a0<\/p>\n<p>&#13;<\/p>\n<p><em>Para quem gosta de artesanato, comida boa e variedades, todo s\u00e1bado a Feira de Artes e Gastronomia est\u00e1 na Pra\u00e7a Toledo Barros. Vem pra Pra\u00e7a!<\/em><\/p>\n<p>&#13;<\/p>\n<p>\u00a0<\/p>\n<p>&#13;<\/p>\n<p><strong>Realiza\u00e7\u00e3o:<\/strong>\u00a0Prefeitura de Limeira, por meio da Secretaria de Cultura.<\/p>\n<p>&#13;<\/p>\n<p>\u00a0<\/p>\n<p>&#13;<\/p>\n<hr\/>\n<p>&#13;<\/p>\n<h2><strong>STAND-UP: RENATO ALBANI | A IGNOR\u00c2NCIA \u00c9 UMA D\u00c1DIVA<\/strong><\/h2>\n<p>&#13;<\/p>\n<h3><strong>S\u00e1bado, 18 de julho<\/strong><\/h3>\n<p>&#13;<\/p>\n<p><strong>Hor\u00e1rio:<\/strong>\u00a018h30<\/p>\n<p>&#13;<\/p>\n<p><strong>Local:<\/strong>\u00a0Teatro Vit\u00f3ria<\/p>\n<p>&#13;<\/p>\n<p>\u00a0<\/p>\n<p>&#13;<\/p>\n<p><em>Renato Albani apresenta o espet\u00e1culo A Ignor\u00e2ncia \u00c9 Uma D\u00e1diva, em que transforma as mudan\u00e7as e desafios da chegada aos 40 anos em situa\u00e7\u00f5es hil\u00e1rias. Com um texto in\u00e9dito e afiado, o humorista leva ao palco um show que j\u00e1 conquistou o p\u00fablico em turn\u00ea pelo pa\u00eds.<\/em><\/p>\n<p>&#13;<\/p>\n<p>\u00a0<\/p>\n<p>&#13;<\/p>\n<p><strong>Entrada:<\/strong>\u00a0Plateia: R$ 180,00 (inteira), R$ 90,00 (meia-entrada) e R$ 110,00 (ingresso solid\u00e1rio, mediante doa\u00e7\u00e3o de 1 kg de alimento n\u00e3o perec\u00edvel). Mezanino: R$ 160,00 (inteira), R$ 80,00 (meia-entrada) e R$ 100,00 (ingresso solid\u00e1rio, mediante doa\u00e7\u00e3o de 1 kg de alimento n\u00e3o perec\u00edvel).<\/p>\n<p>&#13;<\/p>\n<p><strong>Classifica\u00e7\u00e3o:<\/strong>\u00a016 anos<\/p>\n<p>&#13;<\/p>\n<p>\u00a0<\/p>\n<p>&#13;<\/p>\n<p><strong><em>Realiza\u00e7\u00e3o:<\/em><\/strong><em>\u00a0GT Teatro, com apoio da Prefeitura de Limeira, por meio da Secretaria de Cultura.<\/em><\/p>\n<p>&#13;<\/p>\n<p>\u00a0<\/p>\n<p>&#13;<\/p>\n<hr\/>\n<p>&#13;<\/p>\n<h2><strong>M\u00daSICA NA PRA\u00c7A: CORPORA\u00c7\u00c3O MUSICAL ARTHUR GIAMBELLI<\/strong><\/h2>\n<p>&#13;<\/p>\n<h3><strong>Domingo, 19 de julho<\/strong><\/h3>\n<p>&#13;<\/p>\n<p>\u00a0<\/p>\n<p>&#13;<\/p>\n<p><strong>Hor\u00e1rio:<\/strong>\u00a010h30<\/p>\n<p>&#13;<\/p>\n<p><strong>Local:<\/strong>\u00a0Coreto da Pra\u00e7a Toledo Barros<\/p>\n<p>&#13;<\/p>\n<p>\u00a0<\/p>\n<p>&#13;<\/p>\n<p><em>A retreta musical traz m\u00fasica boa e tradi\u00e7\u00e3o viva para o Centro de Limeira.<\/em><\/p>\n<p>&#13;<\/p>\n<p>\u00a0<\/p>\n<p>&#13;<\/p>\n<p><strong>Entrada:<\/strong>\u00a0Gratuita<\/p>\n<p>&#13;<\/p>\n<p><strong>Classifica\u00e7\u00e3o:<\/strong>\u00a0Livre<\/p>\n<p>&#13;<\/p>\n<p><strong>Realiza\u00e7\u00e3o:<\/strong>\u00a0Prefeitura de Limeira, por meio da Secretaria de Cultura.<\/p>\n<p>&#13;<\/p>\n<p>\u00a0<\/p>\n<p>&#13;<\/p>\n<hr\/>\n<p>&#13;<\/p>\n<h2><strong>M\u00daSICA: S\u00c9RIE ALIAN\u00c7A &#8211; MOZART\/METALLICA<\/strong><\/h2>\n<p>&#13;<\/p>\n<h3><strong>Quinta-feira, 23 de julho, e sexta-feira, 24 de julho<\/strong><\/h3>\n<p>&#13;<\/p>\n<p><strong>Hor\u00e1rio:<\/strong>\u00a020h30<\/p>\n<p>&#13;<\/p>\n<p><strong>Local:<\/strong>\u00a0Teatro Vit\u00f3ria<\/p>\n<p>&#13;<\/p>\n<p>\u00a0<\/p>\n<p>&#13;<\/p>\n<p><em>A Orquestra Sinf\u00f4nica de Limeira apresenta Mozart\/Metallica, um concerto que une a genialidade de Mozart \u00e0 energia do Metallica em vers\u00f5es sinf\u00f4nicas inspiradas no grupo Apocalyptica. O espet\u00e1culo aproxima m\u00fasica cl\u00e1ssica e rock, revelando conex\u00f5es entre dois estilos marcados pela intensidade e pelo virtuosismo. Uma experi\u00eancia envolvente que promete emocionar admiradores de diferentes gera\u00e7\u00f5es.<\/em><\/p>\n<p>&#13;<\/p>\n<p><em>\u00a0<\/em><\/p>\n<p>&#13;<\/p>\n<p><strong>Entrada:<\/strong>\u00a0R$ 30,00 (inteira) e R$ 15,00 (meia-entrada).<\/p>\n<p>&#13;<\/p>\n<p><strong>Classifica\u00e7\u00e3o:<\/strong>\u00a0Livre<\/p>\n<p>&#13;<\/p>\n<p>\u00a0<\/p>\n<p>&#13;<\/p>\n<p><strong><em>Realiza\u00e7\u00e3o:<\/em><\/strong><em>\u00a0Sociedade Pr\u00f3-Sinf\u00f4nica de Limeira (SPSL), com apoio da Prefeitura de Limeira, por meio da Secretaria de Cultura.<\/em><\/p>\n<p>&#13;<\/p>\n<p>\u00a0<\/p>\n<p>&#13;<\/p>\n<hr\/>\n<p>&#13;<\/p>\n<h2><strong>\ud83d\udcda\ud83c\udf88 F\u00c9RIAS NO C3: OFICINA DE ASTRONOMIA<\/strong><\/h2>\n<p>&#13;<\/p>\n<h3><strong>Sexta-feira, 24 de julho<\/strong><\/h3>\n<p>&#13;<\/p>\n<p><strong>Hor\u00e1rio:<\/strong>\u00a013h30<\/p>\n<p>&#13;<\/p>\n<p><strong>Local:<\/strong>\u00a0Centro de Ci\u00eancias e Cultura (C3)<\/p>\n<p>&#13;<\/p>\n<p>\u00a0<\/p>\n<p>&#13;<\/p>\n<p><em>Uma oficina para explorar estrelas, planetas e os mist\u00e9rios do universo. As crian\u00e7as ter\u00e3o a oportunidade de aprender sobre astronomia de forma interativa e despertar a curiosidade pelos segredos do espa\u00e7o.<\/em><\/p>\n<p>&#13;<\/p>\n<p>\u00a0<\/p>\n<p>&#13;<\/p>\n<p><strong>Entrada:<\/strong>\u00a0Gratuita, com inscri\u00e7\u00f5es pelo telefone 3444-7893 (20 vagas).<\/p>\n<p>&#13;<\/p>\n<p><strong>Classifica\u00e7\u00e3o:<\/strong>\u00a06 a 10 anos<\/p>\n<p>&#13;<\/p>\n<p>\u00a0<\/p>\n<p>&#13;<\/p>\n<p><strong><em>Realiza\u00e7\u00e3o:<\/em><\/strong><em>\u00a0Prefeitura de Limeira, por meio da Secretaria de Cultura.<\/em><\/p>\n<p>&#13;<\/p>\n<p>\u00a0<\/p>\n<p>&#13;<\/p>\n<hr\/>\n<p>&#13;<\/p>\n<h2><strong>FEIRA DE ARTES E GASTRONOMIA<\/strong><\/h2>\n<p>&#13;<\/p>\n<h3><strong>Todo s\u00e1bado<\/strong><\/h3>\n<p>&#13;<\/p>\n<p><strong>Hor\u00e1rio:<\/strong>\u00a0das 9h \u00e0s 14h<\/p>\n<p>&#13;<\/p>\n<p><strong>Local:<\/strong>\u00a0Pra\u00e7a Toledo Barros, s\/n, Centro<\/p>\n<p>&#13;<\/p>\n<p>\u00a0<\/p>\n<p>&#13;<\/p>\n<p><em>Para quem gosta de artesanato, comida boa e variedades, todo s\u00e1bado a Feira de Artes e Gastronomia est\u00e1 na Pra\u00e7a Toledo Barros. Vem pra Pra\u00e7a!<\/em><\/p>\n<p>&#13;<\/p>\n<p>\u00a0<\/p>\n<p>&#13;<\/p>\n<p><strong>Realiza\u00e7\u00e3o:<\/strong>\u00a0Prefeitura de Limeira, por meio da Secretaria de Cultura.<\/p>\n<p>&#13;<\/p>\n<p>\u00a0<\/p>\n<p>&#13;<\/p>\n<hr\/>\n<p>&#13;<\/p>\n<h2><strong>HOMENAGEM: TROF\u00c9U MARIA SOLDADO<\/strong><\/h2>\n<p>&#13;<\/p>\n<h3><strong>S\u00e1bado, 25 de julho<\/strong><\/h3>\n<p>&#13;<\/p>\n<p><strong>Hor\u00e1rio:<\/strong>\u00a019h<\/p>\n<p>&#13;<\/p>\n<p><strong>Local:<\/strong>\u00a0Teatro Vit\u00f3ria<\/p>\n<p>&#13;<\/p>\n<p>\u00a0<\/p>\n<p>&#13;<\/p>\n<p>O Comicin realiza a 3\u00aa edi\u00e7\u00e3o do \u201cTrof\u00e9u Maria Soldado\u201d, homenageando mulheres negras que se destacam por sua contribui\u00e7\u00e3o para o desenvolvimento social, cultural e comunit\u00e1rio de Limeira. A cerim\u00f4nia celebra o\u00a0<em>Dia Internacional da Mulher Negra Latino-Americana e Caribenha<\/em>\u00a0e o\u00a0<em>Dia Nacional de Tereza de Benguela e da Mulher Negra<\/em>, com homenagens e apresenta\u00e7\u00f5es culturais.<\/p>\n<p>&#13;<\/p>\n<p>\u00a0<\/p>\n<p>&#13;<\/p>\n<p><strong>Entrada:<\/strong>\u00a0Gratuita<\/p>\n<p>&#13;<\/p>\n<p><strong>Classifica\u00e7\u00e3o:<\/strong>\u00a0Livre<\/p>\n<p>&#13;<\/p>\n<p>\u00a0<\/p>\n<p>&#13;<\/p>\n<p><strong><em>Realiza\u00e7\u00e3o:<\/em><\/strong><em>\u00a0Conselho Municipal dos Interesses do Cidad\u00e3o Negro de Limeira, com apoio da Prefeitura de Limeira, por meio da Secretaria de Cultura.<\/em><\/p>\n<p>&#13;<\/p>\n<p><em>\u00a0<\/em><\/p>\n<p>&#13;<\/p>\n<hr\/>\n<p>&#13;<\/p>\n<h2><strong>M\u00daSICA NA PRA\u00c7A: BANDA HENRIQUE MARQUES<\/strong><\/h2>\n<p>&#13;<\/p>\n<h3><strong>Domingo, 28 de junho<\/strong><\/h3>\n<p>&#13;<\/p>\n<p>\u00a0<\/p>\n<p>&#13;<\/p>\n<p><strong>Hor\u00e1rio:<\/strong>\u00a010h30<\/p>\n<p>&#13;<\/p>\n<p><strong>Local:<\/strong>\u00a0Coreto da Pra\u00e7a Toledo Barros<\/p>\n<p>&#13;<\/p>\n<p>\u00a0<\/p>\n<p>&#13;<\/p>\n<p><em>\u00c9 dia de m\u00fasica boa e tradi\u00e7\u00e3o viva no Centro de Limeira! Venha para a pra\u00e7a curtir a retreta dominicial com a Banda Henrique Marques.<\/em><\/p>\n<p>&#13;<\/p>\n<p>\u00a0<\/p>\n<p>&#13;<\/p>\n<p><strong>Entrada:<\/strong>\u00a0Gratuita<\/p>\n<p>&#13;<\/p>\n<p><strong>Classifica\u00e7\u00e3o:<\/strong>\u00a0Livre<\/p>\n<p>&#13;<\/p>\n<p><strong>Realiza\u00e7\u00e3o:<\/strong>\u00a0Prefeitura de Limeira, por meio da Secretaria de Cultura.<\/p>\n<p>&#13;<\/p>\n<p>\u00a0<\/p>\n<p>&#13;<\/p>\n<hr\/>\n<p>&#13;<\/p>\n<h2><strong>JOGOS DE TABULEIRO: DIA DE JOGAR NA BIBLIOTECA<\/strong><\/h2>\n<p>&#13;<\/p>\n<h3><strong>Quarta-feira, 29 de julho<\/strong><\/h3>\n<p>&#13;<\/p>\n<p>\u00a0<\/p>\n<p>&#13;<\/p>\n<p><strong>Hor\u00e1rio:<\/strong>\u00a017h \u00e0s 19h<\/p>\n<p>&#13;<\/p>\n<p><strong>Local:<\/strong>\u00a0Biblioteca Municipal (Parque Cidade)<\/p>\n<p>&#13;<\/p>\n<p>\u00a0<\/p>\n<p>&#13;<\/p>\n<p><em>Atividade voltada para quem ama de jogos de tabuleiro!<\/em><\/p>\n<p>&#13;<\/p>\n<p><em>\u00a0<\/em><\/p>\n<p>&#13;<\/p>\n<p><em>O p\u00fablico poder\u00e1 participar de partidas com jogos dispon\u00edveis no acervo da biblioteca, como Detetive, Monopoly, Scrabble, Imagem &amp; A\u00e7\u00e3o, Banco Imobili\u00e1rio, War, Jogo da Vida, Perfil, Quest, Batalha Naval, entre outros.<\/em><\/p>\n<p>&#13;<\/p>\n<p>\u00a0<\/p>\n<p>&#13;<\/p>\n<p><strong>Entrada:<\/strong>\u00a0Gratuita<\/p>\n<p>&#13;<\/p>\n<p><strong>Faixa et\u00e1ria:<\/strong>\u00a0Maiores de 9 anos<\/p>\n<p>&#13;<\/p>\n<p>\u00a0<\/p>\n<p>&#13;<\/p>\n<p><strong>Realiza\u00e7\u00e3o:<\/strong>\u00a0Prefeitura de Limeira, por meio da Secretaria de Cultura.<\/p>\n<p>&#13;<\/p>\n<p>\u00a0<\/p>\n<p>&#13;<\/p>\n<hr\/>\n<p>&#13;<\/p>\n<h2><strong>\ud83d\udcda\ud83c\udf88 F\u00c9RIAS NO C3: \u201cOFICINA LEONARDO DA VINCI\u201d<\/strong><\/h2>\n<p>&#13;<\/p>\n<h3><strong>Sexta-feira, 31 de julho<\/strong><\/h3>\n<p>&#13;<\/p>\n<p><strong>Hor\u00e1rio:<\/strong>\u00a013h30<\/p>\n<p>&#13;<\/p>\n<p><strong>Local:<\/strong>\u00a0Centro de Ci\u00eancias e Cultura (C3)<\/p>\n<p>&#13;<\/p>\n<p>\u00a0<\/p>\n<p>&#13;<\/p>\n<p><em>Arte, inven\u00e7\u00f5es e curiosidades sobre um dos maiores g\u00eanios da hist\u00f3ria. A oficina apresenta o universo de Leonardo da Vinci por meio de atividades criativas que unem ci\u00eancia, arte e imagina\u00e7\u00e3o.\u00a0<\/em>\ud83d\udcda\ud83c\udf88<\/p>\n<p>&#13;<\/p>\n<p>\u00a0<\/p>\n<p>&#13;<\/p>\n<p><strong>Entrada:<\/strong>\u00a0Gratuita, com inscri\u00e7\u00f5es pelo telefone 3444-7893 (20 vagas).<\/p>\n<p>&#13;<\/p>\n<p><strong>Classifica\u00e7\u00e3o:<\/strong>\u00a06 a 10 anos<\/p>\n<p>&#13;<\/p>\n<p>\u00a0<\/p>\n<p>&#13;<\/p>\n<p><strong><em>Realiza\u00e7\u00e3o:<\/em><\/strong><em>\u00a0Prefeitura de Limeira, por meio da Secretaria de Cultura.<\/em><\/p>\n<p>&#13;<\/p>\n<p>\u00a0<\/p>\n<p>&#13;<\/p>\n<hr\/>\n<p>&#13;<\/p>\n<h2><strong>M\u00daSICA: II CONCERTO DA S\u00c9RIE PINGENTE \u2013 BRASILIDADES<\/strong><\/h2>\n<p>&#13;<\/p>\n<h3><strong>Sexta-feira, 31 de julho<\/strong><\/h3>\n<p>&#13;<\/p>\n<p><strong>Hor\u00e1rio:<\/strong>\u00a020h30<\/p>\n<p>&#13;<\/p>\n<p><strong>Local:<\/strong>\u00a0Par\u00f3quia Jesus Cristo Bom Pastor (Rua Jos\u00e9 Joaquim Duarte do P\u00e1teo, 222, Jardim do Lago)<\/p>\n<p>&#13;<\/p>\n<p>\u00a0<\/p>\n<p>&#13;<\/p>\n<p><em>A Orquestra Sinf\u00f4nica de Limeira apresenta o concerto Brasilidades, um passeio pela riqueza da m\u00fasica brasileira, reunindo obras de compositores como Carlos Gomes, Heitor Villa-Lobos, Tom Jobim, Maestro Duda e Cyro Pereira. O programa celebra a diversidade cultural do pa\u00eds, unindo tradi\u00e7\u00e3o sinf\u00f4nica e elementos da m\u00fasica popular.<\/em><\/p>\n<p>&#13;<\/p>\n<p>\u00a0<\/p>\n<p>&#13;<\/p>\n<p><strong>Entrada:<\/strong>\u00a0Gratuita<\/p>\n<p>&#13;<\/p>\n<p><strong>Classifica\u00e7\u00e3o:<\/strong>\u00a0Livre<\/p>\n<p>&#13;<\/p>\n<p>\u00a0<\/p>\n<p>&#13;<\/p>\n<p><strong><em>Realiza\u00e7\u00e3o:<\/em><\/strong><em>\u00a0Sociedade Pr\u00f3-Sinf\u00f4nica de Limeira (SPSL), com apoio da Prefeitura de Limeira, por meio da Secretaria de Cultura.<\/em><\/p>\n<p>&#13;<\/p>\n<p>\u00a0<\/p>\n<p>&#13;<\/p>\n<hr\/>\n<p>&#13;<\/p>\n<h2><strong>EXPOSI\u00c7\u00c3O: JUSSARAT\u00d4MICA \u2013 EM ESTILO LIVRE<\/strong><\/h2>\n<p>&#13;<\/p>\n<h3><strong>At\u00e9 1\u00ba de julho<\/strong><\/h3>\n<p>&#13;<\/p>\n<p><strong>Hor\u00e1rio:<\/strong>\u00a08h \u00e0s 17h<\/p>\n<p>&#13;<\/p>\n<p><strong>Local:<\/strong>\u00a0Palacete Levy<\/p>\n<p>&#13;<\/p>\n<p>\u00a0<\/p>\n<p>&#13;<\/p>\n<p><em>A exposi\u00e7\u00e3o marca a primeira mostra individual da artista autodidata Jussara Santucci Bou\u00e7as, que pratica sua arte h\u00e1 mais de 15 anos. Por meio de uma proposta em estilo livre, as obras buscam traduzir sentimentos, viv\u00eancias e percep\u00e7\u00f5es \u00edntimas da autora em tra\u00e7os e cores que convidam o visitante a uma conex\u00e3o emocional direta com as telas. O caminho para a consolida\u00e7\u00e3o de seu pr\u00f3prio estilo foi feito de muitas tentativas, erros e persist\u00eancia.<\/em><\/p>\n<p>&#13;<\/p>\n<p>\u00a0<\/p>\n<p>&#13;<\/p>\n<p><strong>Artista:<\/strong>\u00a0Jussara Santucci Bou\u00e7as<\/p>\n<p>&#13;<\/p>\n<p><strong>Entrada:<\/strong>\u00a0Gratuita<\/p>\n<p>&#13;<\/p>\n<p><strong>Classifica\u00e7\u00e3o:<\/strong>\u00a0Livre<\/p>\n<p>&#13;<\/p>\n<p>\u00a0<\/p>\n<p>&#13;<\/p>\n<p><strong><em>Realiza\u00e7\u00e3o:<\/em><\/strong><em>\u00a0Artista Jussara S. Bou\u00e7as, com apoio da Prefeitura de Limeira, por meio da Secretaria de Cultura.<\/em><\/p>\n<p>&#13;<\/p>\n<p>\u00a0<\/p>\n<p>&#13;<\/p>\n<hr\/>\n<p>&#13;<\/p>\n<h2><strong>VEM A\u00cd&#8230;<\/strong><\/h2>\n<p>&#13;<\/p>\n<h2><strong>MOSTRA MUNICIPAL DE TEATRO LIMEIRA 2026<\/strong><\/h2>\n<p>&#13;<\/p>\n<h3><strong>26 a 31 de julho<\/strong><\/h3>\n<p>&#13;<\/p>\n<p>\u00a0<\/p>\n<p>&#13;<\/p>\n<p>\u26a0\ufe0f<strong>\u00a0INSCRI\u00c7\u00d5ES DOS GRUPOS E COMPANHIAS\u00a0AT\u00c9 5 DE JULHO:<\/strong><\/p>\n<p>&#13;<\/p>\n<p><strong><a href=\"https:\/\/limeira.sp.gov.br\/imprensa\/noticias\/cultura\/inscricoes-abertas-para-a-mostra-municipal-de-teatro-de-limeira-2026\" rel=\"noopener\"><em>https:\/\/limeira.sp.gov.br\/imprensa\/noticias\/cultura\/inscricoes-abertas-para-a-mostra-municipal-de-teatro-de-limeira-2026<\/em><\/a><\/strong><\/p>\n<p>&#13;<\/p>\n<p>\u00a0<\/p>\n<p>&#13;<\/p>\n<p><strong>EM BREVE A PROGRAMA\u00c7\u00c3O OFICIAL DA MOSTRA DE TEATRO 2026 SER\u00c1 DIVULGADA!<\/strong><\/p>\n<p>&#13;<\/p>\n<p>\u00a0<\/p>\n<p>&#13;<\/p>\n<p><strong>Mais informa\u00e7\u00f5es:\u00a0<a href=\"https:\/\/limeira.sp.gov.br\/mostradeteatro\" rel=\"noopener\"><em>https:\/\/limeira.sp.gov.br\/mostradeteatro<\/em><\/a><\/strong><\/p>\n<p>&#13;<\/p>\n<p>\u00a0<\/p>\n<p>&#13;<\/p>\n<p><em><strong>Realiza\u00e7\u00e3o:<\/strong>\u00a0Prefeitura de Limeira, por meio da Secretaria de Cultura.<\/em><\/p>\n<p>&#13;<\/p>\n<p>\u00a0<\/p>\n<p>&#13;<\/p>\n<hr\/>\n<p>&#13;<\/p>\n<h2><strong>VEM A\u00cd&#8230;<\/strong><\/h2>\n<p>&#13;<\/p>\n<h2><strong>12\u00ba ENCONTRO INTERNACIONAL DE CORDAS (EIC)<\/strong><\/h2>\n<p>&#13;<\/p>\n<h3><strong>26 de julho a 1\u00ba de agosto<\/strong><\/h3>\n<p>&#13;<\/p>\n<p>\u00a0<\/p>\n<p>&#13;<\/p>\n<p><strong>EM BREVE MAIS INFORMA\u00c7\u00d5ES SER\u00c3O DIVULGADAS!<\/strong><\/p>\n<p>&#13;<\/p>\n<p>\u00a0<\/p>\n<p>&#13;<\/p>\n<p><em><strong>Realiza\u00e7\u00e3o:<\/strong>\u00a0Prefeitura de Limeira, por meio da Secretaria de Cultura.<\/em><\/p>\n<p>&#13;<\/p>\n<p>\u00a0<\/p>\n<p>&#13;<\/p>\n<hr\/>\n<p>&#13;<\/p>\n<p><strong><em>* PROGRAMA\u00c7\u00c3O SUJEITA A ALTERA\u00c7\u00d5ES.<\/em><\/strong><\/p>\n<p>&#13;<\/p>\n<p>\u00a0<\/p>\n<p>&#13;<\/p>\n<p><strong>\ud83c\udf9f\ufe0f BILHETERIA DO TEATRO<\/strong><\/p>\n<p>&#13;<\/p>\n<p>\u00a0<\/p>\n<p>&#13;<\/p>\n<p><strong>Segunda-feira:<\/strong>\u00a0Fechada.<\/p>\n<p>&#13;<\/p>\n<p><strong>Ter\u00e7a-feira:<\/strong>\u00a013h \u00e0s 17h.<br \/><strong>Quarta-feira:<\/strong>\u00a013h \u00e0s 17h.<\/p>\n<p>&#13;<\/p>\n<p><strong>Quinta-feira:<\/strong>\u00a013h \u00e0s 17h.<\/p>\n<p>&#13;<\/p>\n<p><strong>Sexta-feira:<\/strong>\u00a011h \u00e0s 17h.<br \/><strong>S\u00e1bado:<\/strong>\u00a09h \u00e0s 14h.<\/p>\n<p>&#13;<\/p>\n<p><strong>Domingo e feriados:<\/strong>\u00a0em dias de espet\u00e1culos, abre 2 horas antes do in\u00edcio.<\/p>\n<p>&#13;<\/p>\n<p>\u00a0<\/p>\n<p>&#13;<\/p>\n<p>Os ingressos tamb\u00e9m podem ser adquiridos a qualquer momento on-line pelo:<\/p>\n<p>&#13;<\/p>\n<p><a href=\"https:\/\/teatrovitoria.eleventickets.com\/\" rel=\"noopener\"><strong>https:\/\/teatrovitoria.eleventickets.com<\/strong><\/a><\/p>\n<p>&#13;<\/p>\n<p>\u00a0<\/p>\n<p>&#13;<\/p>\n<hr\/>\n<p>&#13;<\/p>\n<h2>\u00a0<\/h2>\n<p>&#13;<\/p>\n<h2>\ud83d\udccd J\u00e1 conhece o Mapas Culturais de Limeira?<\/h2>\n<p>&#13;<\/p>\n<p><strong>Acesse e cadastre-se:<\/strong>\u00a0<em><strong><a href=\"https:\/\/mapasculturais.limeira.sp.gov.br\/\" rel=\"noopener\">https:\/\/mapasculturais.limeira.sp.gov.br<\/a><\/strong><\/em><\/p>\n<p>&#13;<\/p>\n<p>\u00a0<\/p>\n<p>&#13;<\/p>\n<hr\/>\n<p>&#13;<\/p>\n<p>\u00a0<\/p>\n<p>&#13;<\/p>\n<p>\u00a0<\/p>\n<p>&#13;<\/p>\n<p>\ud83d\udce2\u00a0<strong>Acesse todas as not\u00edcias da Secretaria de Cultura:\u00a0<a href=\"https:\/\/limeira.sp.gov.br\/imprensa\/noticias\/cultura\" rel=\"noopener\">https:\/\/limeira.sp.gov.br\/imprensa\/noticias\/cultura<\/a><\/strong><\/p>\n<p>&#13;<\/p>\n<p>\u00a0<\/p>\n<p>&#13;<\/p>\n<p>\u00a0<\/p>\n<p>&#13;<br \/>\n&#13;<br \/>\n&#13;<br \/>\n&#13;<\/p>\n<article class=\"conteudo-relacionado no-print\">&#13;<br \/>\n        &#13;<br \/>\n&#13;<br \/>\n        &#13;<br \/>\n    <\/article>\n<p>&#13;<br \/>\n&#13;\n                <\/p><\/div>\n<p><br \/>\n<br \/><a href=\"https:\/\/limeira.sp.gov.br\/programacao-completa-de-eventos-julho\" rel=\"noopener\">Informa\u00e7\u00f5es da PML <\/a><\/p>\n","protected":false},"excerpt":{"rendered":"<p>&#13; &#13; &#13; &#13; &#13; &#13; &#13; &#13; &#13; &#13; EXPOSI\u00c7\u00c3O: \u201cHER\u00d3IS DE LIMEIRA: A MEM\u00d3RIA DE 32\u201d &#13; De 1\u00ba a 31 de julho &#13; Hor\u00e1rio:\u00a0Segunda a sexta-feira, das 8h \u00e0s 17h. &#13; Local:\u00a0Palacete Tatuibi &#13; \u00a0 &#13; A exposi\u00e7\u00e3o resgata a participa\u00e7\u00e3o volunt\u00e1ria da popula\u00e7\u00e3o de Limeira no Movimento Constitucionalista de 1932, reunindo [&hellip;]<\/p>\n","protected":false},"author":1,"featured_media":40933,"comment_status":"","ping_status":"open","sticky":false,"template":"","format":"standard","meta":{"_jetpack_newsletter_access":"","_jetpack_dont_email_post_to_subs":false,"_jetpack_newsletter_tier_id":0,"_jetpack_memberships_contains_paywalled_content":false,"_mbp_banners":[],"_jetpack_feature_clip_id":0,"_jetpack_memberships_contains_paid_content":false,"footnotes":"","jetpack_publicize_message":"","jetpack_publicize_feature_enabled":true,"jetpack_social_post_already_shared":true,"jetpack_social_options":{"image_generator_settings":{"template":"highway","default_image_id":0,"font":"","enabled":false},"version":2},"jetpack_post_was_ever_published":false},"categories":[16],"tags":[],"class_list":["post-70967","post","type-post","status-publish","format-standard","has-post-thumbnail","category-local"],"jetpack_publicize_connections":[],"jetpack-related-posts":[],"jetpack_shortlink":"https:\/\/wp.me\/p7Eq1F-isD","jetpack_sharing_enabled":true,"jetpack_featured_media_url":"https:\/\/i0.wp.com\/guialimeira.com.br\/news\/wp-content\/uploads\/2025\/08\/fotonaodisponivel.jpg?fit=430%2C282&ssl=1","_links":{"self":[{"href":"https:\/\/guialimeira.com.br\/news\/wp-json\/wp\/v2\/posts\/70967","targetHints":{"allow":["GET"]}}],"collection":[{"href":"https:\/\/guialimeira.com.br\/news\/wp-json\/wp\/v2\/posts"}],"about":[{"href":"https:\/\/guialimeira.com.br\/news\/wp-json\/wp\/v2\/types\/post"}],"author":[{"embeddable":true,"href":"https:\/\/guialimeira.com.br\/news\/wp-json\/wp\/v2\/users\/1"}],"replies":[{"embeddable":true,"href":"https:\/\/guialimeira.com.br\/news\/wp-json\/wp\/v2\/comments?post=70967"}],"version-history":[{"count":0,"href":"https:\/\/guialimeira.com.br\/news\/wp-json\/wp\/v2\/posts\/70967\/revisions"}],"wp:featuredmedia":[{"embeddable":true,"href":"https:\/\/guialimeira.com.br\/news\/wp-json\/wp\/v2\/media\/40933"}],"wp:attachment":[{"href":"https:\/\/guialimeira.com.br\/news\/wp-json\/wp\/v2\/media?parent=70967"}],"wp:term":[{"taxonomy":"category","embeddable":true,"href":"https:\/\/guialimeira.com.br\/news\/wp-json\/wp\/v2\/categories?post=70967"},{"taxonomy":"post_tag","embeddable":true,"href":"https:\/\/guialimeira.com.br\/news\/wp-json\/wp\/v2\/tags?post=70967"}],"curies":[{"name":"wp","href":"https:\/\/api.w.org\/{rel}","templated":true}]}}