{"id":70963,"date":"2026-07-01T10:21:12","date_gmt":"2026-07-01T13:21:12","guid":{"rendered":"https:\/\/guialimeira.com.br\/prefeitura-promove-acoes-de-conscientizacao-sobre-cancer-osseo-durante-o-mes-de-julho\/"},"modified":"2026-07-01T10:21:12","modified_gmt":"2026-07-01T13:21:12","slug":"prefeitura-promove-acoes-de-conscientizacao-sobre-cancer-osseo-durante-o-mes-de-julho","status":"publish","type":"post","link":"https:\/\/guialimeira.com.br\/news\/prefeitura-promove-acoes-de-conscientizacao-sobre-cancer-osseo-durante-o-mes-de-julho\/","title":{"rendered":"Prefeitura promove a\u00e7\u00f5es de conscientiza\u00e7\u00e3o sobre c\u00e2ncer \u00f3sseo durante o m\u00eas de julho"},"content":{"rendered":"<p> <br \/>\n<\/p>\n<div>\n                <main class=\"\">&#13;<br \/>\n                    &#13;<br \/>\n&#13;<br \/>\n&#13;<br \/>\n&#13;<br \/>\n&#13;<br \/>\n&#13;<br \/>\n    <img data-recalc-dims=\"1\" decoding=\"async\" src=\"https:\/\/i0.wp.com\/ecrie.com.br\/sistema\/conteudos\/imagem\/m_137_0_1_01072026101939.jpeg?w=696&#038;ssl=1\" alt=\"Prefeitura promove a\u00e7\u00f5es de conscientiza\u00e7\u00e3o sobre c\u00e2ncer \u00f3sseo durante o m\u00eas de julho\"\/>&#13;<br \/>\n&#13;<br \/>\n&#13;<\/p>\n<p>\u00a0<\/p>\n<p>&#13;<\/p>\n<p style=\"text-align: justify;\">Reconhecer os primeiros sinais do c\u00e2ncer \u00f3sseo pode fazer toda a diferen\u00e7a para o sucesso do tratamento. Com essa finalidade, a Prefeitura de Limeira promove durante o m\u00eas de julho uma campanha de conscientiza\u00e7\u00e3o sobre a doen\u00e7a. As Unidades B\u00e1sicas de Sa\u00fade (UBSs) realizar\u00e3o palestras em salas de espera e rodas de conversa para orientar a popula\u00e7\u00e3o sobre os sintomas e a import\u00e2ncia do diagn\u00f3stico precoce.<\/p>\n<p>&#13;<\/p>\n<p style=\"text-align: justify;\">O c\u00e2ncer \u00f3sseo \u00e9 caracterizado pelo crescimento anormal de c\u00e9lulas no tecido \u00f3sseo, formando um tumor. Como n\u00e3o existem m\u00e9todos conhecidos de preven\u00e7\u00e3o prim\u00e1ria para esse tipo de c\u00e2ncer, reconhecer os sinais de alerta e procurar atendimento m\u00e9dico o quanto antes \u00e9 fundamental para aumentar as chances de sucesso no tratamento.<\/p>\n<p>&#13;<\/p>\n<p style=\"text-align: justify;\">Entre os principais sintomas est\u00e3o dor persistente nos ossos ou articula\u00e7\u00f5es, especialmente quando se intensifica \u00e0 noite ou durante movimentos; incha\u00e7o ou aparecimento de caro\u00e7os na regi\u00e3o afetada; fraturas provocadas por traumas leves; e dificuldade para movimentar a articula\u00e7\u00e3o pr\u00f3xima ao osso comprometido.<\/p>\n<p>&#13;<\/p>\n<p style=\"text-align: justify;\">Os tumores \u00f3sseos prim\u00e1rios acometem, principalmente, crian\u00e7as, adolescentes e adultos jovens. O osteossarcoma \u00e9 o tipo mais frequente nessa faixa et\u00e1ria e costuma surgir entre os 10 e 19 anos, geralmente em regi\u00f5es de crescimento dos ossos, como pr\u00f3ximo ao joelho e ao ombro. Outro tipo, mais raro, \u00e9 o sarcoma de Ewing, que tamb\u00e9m afeta predominantemente crian\u00e7as e adolescentes e exige diagn\u00f3stico e tratamento especializados.<\/p>\n<p>&#13;<\/p>\n<p style=\"text-align: justify;\">J\u00e1 entre os idosos, as les\u00f5es \u00f3sseas costumam estar relacionadas a met\u00e1stases, quando o c\u00e2ncer tem origem em outro \u00f3rg\u00e3o e se dissemina para os ossos.<\/p>\n<p>&#13;<\/p>\n<p style=\"text-align: justify;\">A Secretaria de Sa\u00fade destaca que a identifica\u00e7\u00e3o precoce da doen\u00e7a possibilita o in\u00edcio mais r\u00e1pido do tratamento e pode melhorar significativamente as chances de cura. A investiga\u00e7\u00e3o \u00e9 realizada a partir da avalia\u00e7\u00e3o cl\u00ednica e de exames de imagem, como radiografia, resson\u00e2ncia magn\u00e9tica e tomografia, sendo a confirma\u00e7\u00e3o do diagn\u00f3stico feita por bi\u00f3psia em centros especializados.<\/p>\n<p>&#13;<\/p>\n<p style=\"text-align: justify;\">A orienta\u00e7\u00e3o \u00e9 que pessoas que apresentem sintomas persistentes procurem a Unidade B\u00e1sica de Sa\u00fade (UBS) mais pr\u00f3xima de sua resid\u00eancia para avalia\u00e7\u00e3o m\u00e9dica e, se necess\u00e1rio, encaminhamento para exames complementares.<\/p>\n<p>&#13;<\/p>\n<p style=\"text-align: justify;\">\u00a0<\/p>\n<p>&#13;<\/p>\n<p>\u00a0<\/p>\n<p>&#13;<\/p>\n<p>\u00a0<\/p>\n<p>&#13;<br \/>\n&#13;<br \/>\n&#13;<br \/>\n&#13;<\/p>\n<article class=\"conteudo-relacionado no-print\">&#13;<br \/>\n        &#13;<br \/>\n&#13;<br \/>\n        &#13;<br \/>\n    <\/article>\n<p>&#13;<br \/>\n&#13;<br \/>\n                <\/main><\/p><\/div>\n<p><br \/>\n<br \/><a href=\"https:\/\/limeira.sp.gov.br\/prefeitura-promove-acoes-de-conscientizacao-sobre-cancer-osseo-durante-o-mes-de-julho\" rel=\"noopener\">Informa\u00e7\u00f5es da PML <\/a><\/p>\n","protected":false},"excerpt":{"rendered":"<p>&#13; &#13; &#13; &#13; &#13; &#13; &#13; &#13; &#13; &#13; \u00a0 &#13; Reconhecer os primeiros sinais do c\u00e2ncer \u00f3sseo pode fazer toda a diferen\u00e7a para o sucesso do tratamento. Com essa finalidade, a Prefeitura de Limeira promove durante o m\u00eas de julho uma campanha de conscientiza\u00e7\u00e3o sobre a doen\u00e7a. As Unidades B\u00e1sicas de Sa\u00fade (UBSs) [&hellip;]<\/p>\n","protected":false},"author":1,"featured_media":70964,"comment_status":"","ping_status":"open","sticky":false,"template":"","format":"standard","meta":{"_jetpack_newsletter_access":"","_jetpack_dont_email_post_to_subs":false,"_jetpack_newsletter_tier_id":0,"_jetpack_memberships_contains_paywalled_content":false,"_mbp_banners":[],"_jetpack_feature_clip_id":0,"_jetpack_memberships_contains_paid_content":false,"footnotes":"","jetpack_publicize_message":"","jetpack_publicize_feature_enabled":true,"jetpack_social_post_already_shared":true,"jetpack_social_options":{"image_generator_settings":{"template":"highway","default_image_id":0,"font":"","enabled":false},"version":2},"jetpack_post_was_ever_published":false},"categories":[16],"tags":[],"class_list":["post-70963","post","type-post","status-publish","format-standard","has-post-thumbnail","category-local"],"jetpack_publicize_connections":[],"jetpack-related-posts":[],"jetpack_shortlink":"https:\/\/wp.me\/p7Eq1F-isz","jetpack_sharing_enabled":true,"jetpack_featured_media_url":"https:\/\/i0.wp.com\/guialimeira.com.br\/news\/wp-content\/uploads\/2026\/07\/m_137_0_1_01072026101939.jpeg?fit=1024%2C682&ssl=1","_links":{"self":[{"href":"https:\/\/guialimeira.com.br\/news\/wp-json\/wp\/v2\/posts\/70963","targetHints":{"allow":["GET"]}}],"collection":[{"href":"https:\/\/guialimeira.com.br\/news\/wp-json\/wp\/v2\/posts"}],"about":[{"href":"https:\/\/guialimeira.com.br\/news\/wp-json\/wp\/v2\/types\/post"}],"author":[{"embeddable":true,"href":"https:\/\/guialimeira.com.br\/news\/wp-json\/wp\/v2\/users\/1"}],"replies":[{"embeddable":true,"href":"https:\/\/guialimeira.com.br\/news\/wp-json\/wp\/v2\/comments?post=70963"}],"version-history":[{"count":0,"href":"https:\/\/guialimeira.com.br\/news\/wp-json\/wp\/v2\/posts\/70963\/revisions"}],"wp:featuredmedia":[{"embeddable":true,"href":"https:\/\/guialimeira.com.br\/news\/wp-json\/wp\/v2\/media\/70964"}],"wp:attachment":[{"href":"https:\/\/guialimeira.com.br\/news\/wp-json\/wp\/v2\/media?parent=70963"}],"wp:term":[{"taxonomy":"category","embeddable":true,"href":"https:\/\/guialimeira.com.br\/news\/wp-json\/wp\/v2\/categories?post=70963"},{"taxonomy":"post_tag","embeddable":true,"href":"https:\/\/guialimeira.com.br\/news\/wp-json\/wp\/v2\/tags?post=70963"}],"curies":[{"name":"wp","href":"https:\/\/api.w.org\/{rel}","templated":true}]}}