{"id":70900,"date":"2026-06-30T18:54:18","date_gmt":"2026-06-30T21:54:18","guid":{"rendered":"https:\/\/guialimeira.com.br\/exposicao-resgata-a-historia-dos-ex-combatentes-de-limeira-na-revolucao-de-1932\/"},"modified":"2026-06-30T18:54:18","modified_gmt":"2026-06-30T21:54:18","slug":"exposicao-resgata-a-historia-dos-ex-combatentes-de-limeira-na-revolucao-de-1932","status":"publish","type":"post","link":"https:\/\/guialimeira.com.br\/news\/exposicao-resgata-a-historia-dos-ex-combatentes-de-limeira-na-revolucao-de-1932\/","title":{"rendered":"Exposi\u00e7\u00e3o resgata a hist\u00f3ria dos ex-combatentes de Limeira na Revolu\u00e7\u00e3o de 1932"},"content":{"rendered":"<p> <br \/>\n<\/p>\n<div>\n                <main class=\"\">&#13;<br \/>\n                    &#13;<br \/>\n&#13;<br \/>\n&#13;<br \/>\n&#13;<br \/>\n&#13;<br \/>\n&#13;<br \/>\n    <img data-recalc-dims=\"1\" decoding=\"async\" src=\"https:\/\/i0.wp.com\/ecrie.com.br\/sistema\/conteudos\/imagem\/m_137_0_1_30062026184950.jpeg?w=696&#038;ssl=1\" alt=\"Exposi\u00e7\u00e3o resgata a hist\u00f3ria dos ex-combatentes de Limeira na Revolu\u00e7\u00e3o de 1932\"\/>&#13;<br \/>\n&#13;<br \/>\n&#13;<\/p>\n<p>A Prefeitura de Limeira abre nesta quarta-feira (1\u00ba) a exposi\u00e7\u00e3o &#8220;Her\u00f3is de Limeira: A Mem\u00f3ria de 1932&#8221;, no Palacete Tatuibi, na Rua Boa Morte, 135, no Centro de Limeira. A mostra re\u00fane um acervo audiovisual sobre a participa\u00e7\u00e3o dos limeirenses na Revolu\u00e7\u00e3o Constitucionalista de 1932 e poder\u00e1 ser visitada gratuitamente at\u00e9 31 de julho, de segunda a sexta-feira, das 8h \u00e0s 17h. A entrada \u00e9 gratuita e a exposi\u00e7\u00e3o \u00e9 aberta ao p\u00fablico.<\/p>\n<p>&#13;<\/p>\n<p>Com foco na preserva\u00e7\u00e3o da mem\u00f3ria e na valoriza\u00e7\u00e3o da hist\u00f3ria local, a exposi\u00e7\u00e3o apresenta fotografias, v\u00eddeos e \u00e1udios hist\u00f3ricos que resgatam a trajet\u00f3ria dos ex-combatentes de Limeira. A proposta \u00e9 proporcionar uma experi\u00eancia marcada pela mem\u00f3ria e pelo afeto, aproximando o p\u00fablico das hist\u00f3rias de pessoas que participaram do conflito e das homenagens prestadas a eles ao longo das d\u00e9cadas.<\/p>\n<p>&#13;<\/p>\n<p><strong>O que o p\u00fablico vai encontrar <\/strong><br \/>Entre os destaques est\u00e1 a exibi\u00e7\u00e3o de entrevistas in\u00e9ditas, recuperadas de fitas VHS e digitalizadas pela equipe do Museu Major Jos\u00e9 Levy Sobrinho. Tamb\u00e9m integra a mostra um raro \u00e1udio do poeta Paulo Bomfim relatando a trajet\u00f3ria de Maria Soldado, que trabalhou em sua casa durante alguns anos. A hero\u00edna nascida em Limeira abandonou o trabalho como cozinheira para atuar como enfermeira e combatente durante a Revolu\u00e7\u00e3o Constitucionalista de 1932.<\/p>\n<p>&#13;<\/p>\n<p>A exposi\u00e7\u00e3o re\u00fane ainda fotografias dos ex-combatentes durante o conflito e em solenidades c\u00edvicas realizadas ap\u00f3s a guerra, especialmente nas comemora\u00e7\u00f5es do 9 de Julho. As imagens, pertencentes ao acervo do Museu Major Jos\u00e9 Levy Sobrinho, comp\u00f5em um v\u00eddeo exibido durante a visita\u00e7\u00e3o.<\/p>\n<p>&#13;<\/p>\n<p>A exposi\u00e7\u00e3o \u00e9 uma realiza\u00e7\u00e3o da Prefeitura de Limeira, por meio da Secretaria de Turismo e Eventos e Secretaria de Cultura, e est\u00e1 alinhada ao Objetivo de Desenvolvimento Sustent\u00e1vel (ODS) 11 \u2013 Cidades e Comunidades Sustent\u00e1veis, ao promover a preserva\u00e7\u00e3o e a valoriza\u00e7\u00e3o do patrim\u00f4nio hist\u00f3rico e cultural do munic\u00edpio.<\/p>\n<p>&#13;<\/p>\n<p>&#8220;Essa exposi\u00e7\u00e3o \u00e9 uma forma de homenagear os ex-combatentes de Limeira e manter viva a mem\u00f3ria daqueles que contribu\u00edram para a constru\u00e7\u00e3o da nossa hist\u00f3ria&#8221;, afirmou o prefeito Murilo F\u00e9lix.<\/p>\n<p>&#13;<br \/>\n&#13;<br \/>\n&#13;<br \/>\n&#13;<\/p>\n<article class=\"conteudo-relacionado no-print\">&#13;<br \/>\n        &#13;<br \/>\n&#13;<br \/>\n        &#13;<br \/>\n    <\/article>\n<p>&#13;<br \/>\n&#13;<br \/>\n                <\/main><\/p><\/div>\n<p><br \/>\n<br \/><a href=\"https:\/\/limeira.sp.gov.br\/exposicao-resgata-a-historia-dos-ex-combatentes-de-limeira-na-revolucao-de-1932\" rel=\"noopener\">Informa\u00e7\u00f5es da PML <\/a><\/p>\n","protected":false},"excerpt":{"rendered":"<p>&#13; &#13; &#13; &#13; &#13; &#13; &#13; &#13; &#13; &#13; A Prefeitura de Limeira abre nesta quarta-feira (1\u00ba) a exposi\u00e7\u00e3o &#8220;Her\u00f3is de Limeira: A Mem\u00f3ria de 1932&#8221;, no Palacete Tatuibi, na Rua Boa Morte, 135, no Centro de Limeira. A mostra re\u00fane um acervo audiovisual sobre a participa\u00e7\u00e3o dos limeirenses na Revolu\u00e7\u00e3o Constitucionalista de 1932 [&hellip;]<\/p>\n","protected":false},"author":1,"featured_media":70901,"comment_status":"","ping_status":"open","sticky":false,"template":"","format":"standard","meta":{"_jetpack_newsletter_access":"","_jetpack_dont_email_post_to_subs":false,"_jetpack_newsletter_tier_id":0,"_jetpack_memberships_contains_paywalled_content":false,"_mbp_banners":[],"_jetpack_feature_clip_id":0,"_jetpack_memberships_contains_paid_content":false,"footnotes":"","jetpack_publicize_message":"","jetpack_publicize_feature_enabled":true,"jetpack_social_post_already_shared":true,"jetpack_social_options":{"image_generator_settings":{"template":"highway","default_image_id":0,"font":"","enabled":false},"version":2},"jetpack_post_was_ever_published":false},"categories":[16],"tags":[],"class_list":["post-70900","post","type-post","status-publish","format-standard","has-post-thumbnail","category-local"],"jetpack_publicize_connections":[],"jetpack-related-posts":[],"jetpack_shortlink":"https:\/\/wp.me\/p7Eq1F-iry","jetpack_sharing_enabled":true,"jetpack_featured_media_url":"https:\/\/i0.wp.com\/guialimeira.com.br\/news\/wp-content\/uploads\/2026\/06\/m_137_0_1_30062026184950.jpeg?fit=1024%2C576&ssl=1","_links":{"self":[{"href":"https:\/\/guialimeira.com.br\/news\/wp-json\/wp\/v2\/posts\/70900","targetHints":{"allow":["GET"]}}],"collection":[{"href":"https:\/\/guialimeira.com.br\/news\/wp-json\/wp\/v2\/posts"}],"about":[{"href":"https:\/\/guialimeira.com.br\/news\/wp-json\/wp\/v2\/types\/post"}],"author":[{"embeddable":true,"href":"https:\/\/guialimeira.com.br\/news\/wp-json\/wp\/v2\/users\/1"}],"replies":[{"embeddable":true,"href":"https:\/\/guialimeira.com.br\/news\/wp-json\/wp\/v2\/comments?post=70900"}],"version-history":[{"count":0,"href":"https:\/\/guialimeira.com.br\/news\/wp-json\/wp\/v2\/posts\/70900\/revisions"}],"wp:featuredmedia":[{"embeddable":true,"href":"https:\/\/guialimeira.com.br\/news\/wp-json\/wp\/v2\/media\/70901"}],"wp:attachment":[{"href":"https:\/\/guialimeira.com.br\/news\/wp-json\/wp\/v2\/media?parent=70900"}],"wp:term":[{"taxonomy":"category","embeddable":true,"href":"https:\/\/guialimeira.com.br\/news\/wp-json\/wp\/v2\/categories?post=70900"},{"taxonomy":"post_tag","embeddable":true,"href":"https:\/\/guialimeira.com.br\/news\/wp-json\/wp\/v2\/tags?post=70900"}],"curies":[{"name":"wp","href":"https:\/\/api.w.org\/{rel}","templated":true}]}}