{"id":70888,"date":"2026-06-30T17:29:16","date_gmt":"2026-06-30T20:29:16","guid":{"rendered":"https:\/\/guialimeira.com.br\/plenaria-municipal-debate-propostas-para-a-18a-conferencia-nacional-de-saude\/"},"modified":"2026-06-30T17:29:16","modified_gmt":"2026-06-30T20:29:16","slug":"plenaria-municipal-debate-propostas-para-a-18a-conferencia-nacional-de-saude","status":"publish","type":"post","link":"https:\/\/guialimeira.com.br\/news\/plenaria-municipal-debate-propostas-para-a-18a-conferencia-nacional-de-saude\/","title":{"rendered":"Plen\u00e1ria Municipal debate propostas para a 18\u00aa Confer\u00eancia Nacional de Sa\u00fade"},"content":{"rendered":"<p> <br \/>\n<\/p>\n<div>\n                <main class=\"\">&#13;<br \/>\n                    &#13;<br \/>\n&#13;<br \/>\n&#13;<br \/>\n&#13;<br \/>\n&#13;<br \/>\n&#13;<br \/>\n    <img data-recalc-dims=\"1\" decoding=\"async\" src=\"https:\/\/i0.wp.com\/ecrie.com.br\/sistema\/conteudos\/imagem\/m_137_0_1_30062026172438.jpeg?w=696&#038;ssl=1\" alt=\"Plen\u00e1ria Municipal debate propostas para a 18\u00aa Confer\u00eancia Nacional de Sa\u00fade\"\/>&#13;<br \/>\n&#13;<br \/>\n&#13;<\/p>\n<p>\u00a0<\/p>\n<p>&#13;<\/p>\n<p style=\"text-align: justify;\">A Prefeitura de Limeira, por meio do Conselho Municipal de Sa\u00fade (CMS), realiza nesta quinta-feira (2), a Plen\u00e1ria Municipal de Sa\u00fade, etapa preparat\u00f3ria para a 18\u00aa Confer\u00eancia Nacional de Sa\u00fade. O encontro ocorrer\u00e1 na Sala de Reuni\u00f5es do Gabinete do Prefeito, com credenciamento das 18h30 \u00e0s 19h e in\u00edcio das atividades na sequ\u00eancia.<\/p>\n<p>&#13;<\/p>\n<p style=\"text-align: justify;\">Com o tema &#8220;Sa\u00fade, Democracia, Soberania e SUS: Cuidar do Povo \u00e9 Cuidar do Brasil&#8221;, a plen\u00e1ria tem como objetivo discutir diretrizes das pol\u00edticas estadual e nacional de sa\u00fade, promovendo a participa\u00e7\u00e3o social na elabora\u00e7\u00e3o de propostas que ir\u00e3o subsidiar as pr\u00f3ximas etapas da confer\u00eancia.<\/p>\n<p>&#13;<\/p>\n<p style=\"text-align: justify;\">Participam da plen\u00e1ria os integrantes do Conselho Municipal de Sa\u00fade e dos Conselhos Locais de Sa\u00fade, que poder\u00e3o acompanhar os trabalhos de forma presencial ou remota. Tamb\u00e9m poder\u00e3o participar entidades representativas, movimentos sociais, estudantes das \u00e1reas afins e demais cidad\u00e3os de Limeira, por meio de plataforma on-line (ver link abaixo).<\/p>\n<p>&#13;<\/p>\n<p style=\"text-align: justify;\">Os debates ser\u00e3o organizados em quatro eixos tem\u00e1ticos: Democracia, sa\u00fade como direito e soberania nacional; Financiamento adequado e suficiente para o SUS, com base na justi\u00e7a tribut\u00e1ria e sustentabilidade fiscal e social; Os desafios para o SUS na agenda nacional da defesa da vida e da sa\u00fade: emerg\u00eancias clim\u00e1ticas e justi\u00e7a socioambiental; e Modelo de aten\u00e7\u00e3o e gest\u00e3o, territ\u00f3rios integrados e cuidado integral.<\/p>\n<p>&#13;<\/p>\n<p style=\"text-align: justify;\">Durante a plen\u00e1ria, ser\u00e3o apresentadas as propostas encaminhadas previamente pelos participantes. Ap\u00f3s a leitura, os autores poder\u00e3o esclarecer ou complementar suas sugest\u00f5es, que ser\u00e3o submetidas \u00e0 aprecia\u00e7\u00e3o e delibera\u00e7\u00e3o dos presentes.<\/p>\n<p>&#13;<\/p>\n<p style=\"text-align: justify;\">Ao final do encontro, os participantes interessados em representar Limeira nas etapas estadual e nacional da 18\u00aa Confer\u00eancia Nacional de Sa\u00fade poder\u00e3o se candidatar como delegados. Os nomes ser\u00e3o encaminhados ao Departamento Regional de Sa\u00fade (DRS X \u2013 Piracicaba), respons\u00e1vel pela defini\u00e7\u00e3o dos representantes do munic\u00edpio.<\/p>\n<p>&#13;<\/p>\n<p style=\"text-align: justify;\">\u00a0<\/p>\n<p>&#13;<\/p>\n<p style=\"text-align: justify;\"><strong>Servi\u00e7o<\/strong>:<\/p>\n<p>&#13;<\/p>\n<p style=\"text-align: justify;\">Para acompanhamento presencial: Sala de Reuni\u00f5es \/ Pa\u00e7o Municipal &#8211; Rua Prefeito Dr. Alberto Ferreira, 179 \u2013 Centro.<\/p>\n<p>&#13;<\/p>\n<p style=\"text-align: justify;\">Para acompanhar a plen\u00e1ria de forma remota \u00e9 preciso acessar a plataforma Microsoft Teams, pelo link <a href=\"https:\/\/bit.ly\/plenarialimeira\" rel=\"noopener\">https:\/\/bit.ly\/plenarialimeira<\/a><\/p>\n<p>&#13;<\/p>\n<p style=\"text-align: justify;\">\u00a0<\/p>\n<p>&#13;<br \/>\n&#13;<br \/>\n&#13;<br \/>\n&#13;<\/p>\n<article class=\"conteudo-relacionado no-print\">&#13;<br \/>\n        &#13;<br \/>\n&#13;<br \/>\n        &#13;<br \/>\n    <\/article>\n<p>&#13;<br \/>\n&#13;<br \/>\n                <\/main><\/p><\/div>\n<p><br \/>\n<br \/><a href=\"https:\/\/limeira.sp.gov.br\/plenaria-municipal-debate-propostas-para-a-18-conferencia-nacional-de-saude\" rel=\"noopener\">Informa\u00e7\u00f5es da PML <\/a><\/p>\n","protected":false},"excerpt":{"rendered":"<p>&#13; &#13; &#13; &#13; &#13; &#13; &#13; &#13; &#13; &#13; \u00a0 &#13; A Prefeitura de Limeira, por meio do Conselho Municipal de Sa\u00fade (CMS), realiza nesta quinta-feira (2), a Plen\u00e1ria Municipal de Sa\u00fade, etapa preparat\u00f3ria para a 18\u00aa Confer\u00eancia Nacional de Sa\u00fade. O encontro ocorrer\u00e1 na Sala de Reuni\u00f5es do Gabinete do Prefeito, com credenciamento [&hellip;]<\/p>\n","protected":false},"author":1,"featured_media":70889,"comment_status":"","ping_status":"open","sticky":false,"template":"","format":"standard","meta":{"_jetpack_newsletter_access":"","_jetpack_dont_email_post_to_subs":false,"_jetpack_newsletter_tier_id":0,"_jetpack_memberships_contains_paywalled_content":false,"_mbp_banners":[],"_jetpack_feature_clip_id":0,"_jetpack_memberships_contains_paid_content":false,"footnotes":"","jetpack_publicize_message":"","jetpack_publicize_feature_enabled":true,"jetpack_social_post_already_shared":true,"jetpack_social_options":{"image_generator_settings":{"template":"highway","default_image_id":0,"font":"","enabled":false},"version":2},"jetpack_post_was_ever_published":false},"categories":[16],"tags":[],"class_list":["post-70888","post","type-post","status-publish","format-standard","has-post-thumbnail","category-local"],"jetpack_publicize_connections":[],"jetpack-related-posts":[],"jetpack_shortlink":"https:\/\/wp.me\/p7Eq1F-irm","jetpack_sharing_enabled":true,"jetpack_featured_media_url":"https:\/\/i0.wp.com\/guialimeira.com.br\/news\/wp-content\/uploads\/2026\/06\/m_137_0_1_30062026172438.jpeg?fit=1024%2C768&ssl=1","_links":{"self":[{"href":"https:\/\/guialimeira.com.br\/news\/wp-json\/wp\/v2\/posts\/70888","targetHints":{"allow":["GET"]}}],"collection":[{"href":"https:\/\/guialimeira.com.br\/news\/wp-json\/wp\/v2\/posts"}],"about":[{"href":"https:\/\/guialimeira.com.br\/news\/wp-json\/wp\/v2\/types\/post"}],"author":[{"embeddable":true,"href":"https:\/\/guialimeira.com.br\/news\/wp-json\/wp\/v2\/users\/1"}],"replies":[{"embeddable":true,"href":"https:\/\/guialimeira.com.br\/news\/wp-json\/wp\/v2\/comments?post=70888"}],"version-history":[{"count":0,"href":"https:\/\/guialimeira.com.br\/news\/wp-json\/wp\/v2\/posts\/70888\/revisions"}],"wp:featuredmedia":[{"embeddable":true,"href":"https:\/\/guialimeira.com.br\/news\/wp-json\/wp\/v2\/media\/70889"}],"wp:attachment":[{"href":"https:\/\/guialimeira.com.br\/news\/wp-json\/wp\/v2\/media?parent=70888"}],"wp:term":[{"taxonomy":"category","embeddable":true,"href":"https:\/\/guialimeira.com.br\/news\/wp-json\/wp\/v2\/categories?post=70888"},{"taxonomy":"post_tag","embeddable":true,"href":"https:\/\/guialimeira.com.br\/news\/wp-json\/wp\/v2\/tags?post=70888"}],"curies":[{"name":"wp","href":"https:\/\/api.w.org\/{rel}","templated":true}]}}