{"id":70873,"date":"2026-06-30T15:29:16","date_gmt":"2026-06-30T18:29:16","guid":{"rendered":"https:\/\/guialimeira.com.br\/rua-no-parque-das-nacoes-tera-interdicao-para-obras-de-mobilidade-urbana\/"},"modified":"2026-06-30T15:29:16","modified_gmt":"2026-06-30T18:29:16","slug":"rua-no-parque-das-nacoes-tera-interdicao-para-obras-de-mobilidade-urbana","status":"publish","type":"post","link":"https:\/\/guialimeira.com.br\/news\/rua-no-parque-das-nacoes-tera-interdicao-para-obras-de-mobilidade-urbana\/","title":{"rendered":"Rua no Parque das Na\u00e7\u00f5es ter\u00e1 interdi\u00e7\u00e3o para obras de mobilidade urbana"},"content":{"rendered":"<p> <br \/>\n<\/p>\n<div>\n                <main class=\"\">&#13;<br \/>\n                    &#13;<br \/>\n&#13;<br \/>\n&#13;<br \/>\n&#13;<br \/>\n&#13;<br \/>\n&#13;<br \/>\n    <img data-recalc-dims=\"1\" decoding=\"async\" src=\"https:\/\/i0.wp.com\/ecrie.com.br\/sistema\/conteudos\/imagem\/m_137_0_1_22042026123326.jpeg?w=696&#038;ssl=1\" alt=\"Rua no Parque das Na\u00e7\u00f5es ter\u00e1 interdi\u00e7\u00e3o para obras de mobilidade urbana\"\/>&#13;<br \/>\n&#13;<br \/>\n&#13;<\/p>\n<p style=\"text-align: justify;\">A Secretaria dos Transportes e Mobilidade Urbana de Limeira informa que a Rua Dr. William C. Silva, no Parque das Na\u00e7\u00f5es, ser\u00e1 interditada a partir desta quarta-feira, 1\u00ba de julho, para a execu\u00e7\u00e3o de obras de prolongamento e alargamento da via. A interdi\u00e7\u00e3o segue at\u00e9 5 de setembro.<\/p>\n<p>&#13;<\/p>\n<p style=\"text-align: justify;\">Durante o per\u00edodo, o tr\u00e2nsito de ve\u00edculos ser\u00e1 totalmente interditado para circula\u00e7\u00e3o geral, sendo permitido apenas o acesso local de moradores e comerciantes. Para os pedestres, o acesso ser\u00e1 mantido por um dos lados da via durante parte da execu\u00e7\u00e3o dos servi\u00e7os.<\/p>\n<p>&#13;<\/p>\n<p style=\"text-align: justify;\">A obra, de responsabilidade da MRV Engenharia, ter\u00e1 extens\u00e3o aproximada de 170 metros e integra as contrapartidas de um empreendimento residencial.<\/p>\n<p>&#13;<\/p>\n<p style=\"text-align: justify;\">O local ser\u00e1 devidamente sinalizado. Em caso de necessidade, agentes de tr\u00e2nsito poder\u00e3o ser acionados pelos telefones 3441-2816 e 3441-5469.<\/p>\n<p>&#13;<\/p>\n<p style=\"text-align: justify;\">A Secretaria informa ainda que n\u00e3o haver\u00e1 impacto no transporte p\u00fablico nem altera\u00e7\u00f5es nas linhas de \u00f4nibus que atendem a regi\u00e3o.<\/p>\n<p>&#13;<\/p>\n<p style=\"text-align: justify;\">Rotas alternativas<\/p>\n<p>&#13;<\/p>\n<p style=\"text-align: justify;\">Os condutores que estiverem na Rua Dr. William C. Silva poder\u00e3o utilizar como rota alternativa a Rua Joaquim Pompeu, seguindo pela Avenida Lu\u00eds Cavinatto e pela Rua Batista Drago at\u00e9 o acesso \u00e0 Rua Isaura Santos Di Sessa.<\/p>\n<p>&#13;<\/p>\n<p style=\"text-align: justify;\">J\u00e1 os motoristas que trafegam pela Avenida Dr. Lauro Corr\u00eaa da Silva poder\u00e3o acessar a Rua Paulo Fachardo Junqueira como alternativa ao trecho interditado.<\/p>\n<p>&#13;<br \/>\n&#13;<br \/>\n&#13;<br \/>\n&#13;<\/p>\n<article class=\"conteudo-relacionado no-print\">&#13;<br \/>\n        &#13;<br \/>\n&#13;<br \/>\n        &#13;<br \/>\n    <\/article>\n<p>&#13;<br \/>\n&#13;<br \/>\n                <\/main><\/p><\/div>\n<p><br \/>\n<br \/><a href=\"https:\/\/limeira.sp.gov.br\/rua-no-parque-das-nacoes-tera-interdicao-para-obras-de-mobilidade-urbana\" rel=\"noopener\">Informa\u00e7\u00f5es da PML <\/a><\/p>\n","protected":false},"excerpt":{"rendered":"<p>&#13; &#13; &#13; &#13; &#13; &#13; &#13; &#13; &#13; &#13; A Secretaria dos Transportes e Mobilidade Urbana de Limeira informa que a Rua Dr. William C. Silva, no Parque das Na\u00e7\u00f5es, ser\u00e1 interditada a partir desta quarta-feira, 1\u00ba de julho, para a execu\u00e7\u00e3o de obras de prolongamento e alargamento da via. A interdi\u00e7\u00e3o segue at\u00e9 [&hellip;]<\/p>\n","protected":false},"author":1,"featured_media":62396,"comment_status":"","ping_status":"open","sticky":false,"template":"","format":"standard","meta":{"_jetpack_newsletter_access":"","_jetpack_dont_email_post_to_subs":false,"_jetpack_newsletter_tier_id":0,"_jetpack_memberships_contains_paywalled_content":false,"_mbp_banners":[],"_jetpack_feature_clip_id":0,"_jetpack_memberships_contains_paid_content":false,"footnotes":"","jetpack_publicize_message":"","jetpack_publicize_feature_enabled":true,"jetpack_social_post_already_shared":true,"jetpack_social_options":{"image_generator_settings":{"template":"highway","default_image_id":0,"font":"","enabled":false},"version":2},"jetpack_post_was_ever_published":false},"categories":[16],"tags":[],"class_list":["post-70873","post","type-post","status-publish","format-standard","has-post-thumbnail","category-local"],"jetpack_publicize_connections":[],"jetpack-related-posts":[],"jetpack_shortlink":"https:\/\/wp.me\/p7Eq1F-ir7","jetpack_sharing_enabled":true,"jetpack_featured_media_url":"https:\/\/i0.wp.com\/guialimeira.com.br\/news\/wp-content\/uploads\/2026\/04\/m_137_0_1_22042026123326.jpeg?fit=1024%2C681&ssl=1","_links":{"self":[{"href":"https:\/\/guialimeira.com.br\/news\/wp-json\/wp\/v2\/posts\/70873","targetHints":{"allow":["GET"]}}],"collection":[{"href":"https:\/\/guialimeira.com.br\/news\/wp-json\/wp\/v2\/posts"}],"about":[{"href":"https:\/\/guialimeira.com.br\/news\/wp-json\/wp\/v2\/types\/post"}],"author":[{"embeddable":true,"href":"https:\/\/guialimeira.com.br\/news\/wp-json\/wp\/v2\/users\/1"}],"replies":[{"embeddable":true,"href":"https:\/\/guialimeira.com.br\/news\/wp-json\/wp\/v2\/comments?post=70873"}],"version-history":[{"count":0,"href":"https:\/\/guialimeira.com.br\/news\/wp-json\/wp\/v2\/posts\/70873\/revisions"}],"wp:featuredmedia":[{"embeddable":true,"href":"https:\/\/guialimeira.com.br\/news\/wp-json\/wp\/v2\/media\/62396"}],"wp:attachment":[{"href":"https:\/\/guialimeira.com.br\/news\/wp-json\/wp\/v2\/media?parent=70873"}],"wp:term":[{"taxonomy":"category","embeddable":true,"href":"https:\/\/guialimeira.com.br\/news\/wp-json\/wp\/v2\/categories?post=70873"},{"taxonomy":"post_tag","embeddable":true,"href":"https:\/\/guialimeira.com.br\/news\/wp-json\/wp\/v2\/tags?post=70873"}],"curies":[{"name":"wp","href":"https:\/\/api.w.org\/{rel}","templated":true}]}}