{"id":70860,"date":"2026-06-30T15:01:12","date_gmt":"2026-06-30T18:01:12","guid":{"rendered":"https:\/\/guialimeira.com.br\/prefeitura-de-limeira-abre-inscricoes-para-curso-gratuito-de-solda\/"},"modified":"2026-06-30T15:01:12","modified_gmt":"2026-06-30T18:01:12","slug":"prefeitura-de-limeira-abre-inscricoes-para-curso-gratuito-de-solda","status":"publish","type":"post","link":"https:\/\/guialimeira.com.br\/news\/prefeitura-de-limeira-abre-inscricoes-para-curso-gratuito-de-solda\/","title":{"rendered":"Prefeitura de Limeira abre inscri\u00e7\u00f5es para curso gratuito de solda"},"content":{"rendered":"<p> <br \/>\n<\/p>\n<div>\n                <main class=\"\">&#13;<br \/>\n                    &#13;<br \/>\n&#13;<br \/>\n&#13;<br \/>\n&#13;<br \/>\n&#13;<br \/>\n&#13;<br \/>\n    <img data-recalc-dims=\"1\" decoding=\"async\" src=\"https:\/\/i0.wp.com\/ecrie.com.br\/sistema\/conteudos\/imagem\/m_137_0_1_30062026145934.jpg?w=696&#038;ssl=1\" alt=\"Prefeitura de Limeira abre inscri\u00e7\u00f5es para curso gratuito de solda\"\/>&#13;<br \/>\n&#13;<br \/>\n&#13;<\/p>\n<p data-start=\"572\" data-end=\"964\">A Secretaria de Promo\u00e7\u00e3o Social (Seprosom), em parceria com o Senar (Servi\u00e7o Nacional de Aprendizagem Rural), est\u00e1 com inscri\u00e7\u00f5es abertas para o curso gratuito <strong data-start=\"732\" data-end=\"785\">&#8220;Soldagem a arco el\u00e9trico com eletrodo revestido&#8221;<\/strong>. A capacita\u00e7\u00e3o oferece 10 vagas e tem como objetivo qualificar moradores de Limeira para atuar na \u00e1rea de soldagem, ampliando as oportunidades de inser\u00e7\u00e3o no mercado de trabalho. O curso ser\u00e1 realizado nos dias 6, 7 e 8 de julho, das 8h \u00e0s 17h, no NAC,\u00a0na Av. Dr. Lauro Corr\u00eaa da Silva, n\u00ba 3.800.<\/p>\n<p>&#13;<\/p>\n<p data-start=\"966\" data-end=\"1133\">Podem participar pessoas alfabetizadas, com 18 anos ou mais, residentes em Limeira e que apresentem condi\u00e7\u00f5es f\u00edsicas e mentais para acompanhar as atividades pr\u00e1ticas.<\/p>\n<p>&#13;<\/p>\n<p data-start=\"1135\" data-end=\"1527\">As inscri\u00e7\u00f5es s\u00e3o gratuitas e seguem abertas at\u00e9 o preenchimento das vagas. O formul\u00e1rio de pr\u00e9-sele\u00e7\u00e3o est\u00e1 dispon\u00edvel em <a class=\"decorated-link\" href=\"https:\/\/forms.gle\/XVGrTDYgT1Mm8Sdu8\" target=\"_new\" rel=\"noopener\" data-start=\"1258\" data-end=\"1293\">https:\/\/forms.gle\/XVGrTDYgT1Mm8Sdu8<\/a>. Tamb\u00e9m \u00e9 poss\u00edvel se inscrever presencialmente no N\u00facleo de Inclus\u00e3o Socioprodutiva (Nisp), que funciona no N\u00facleo de Atendimento ao Cidad\u00e3o (NAC), na Av. Dr. Lauro Corr\u00eaa da Silva, n\u00ba 3.800, de segunda a sexta-feira, das 8h \u00e0s 17h.<\/p>\n<p>&#13;<\/p>\n<h3 data-section-id=\"13sinug\" data-start=\"1529\" data-end=\"1546\">Sobre o curso<\/h3>\n<p>&#13;<\/p>\n<p data-start=\"1548\" data-end=\"1939\">Com carga hor\u00e1ria de 24 horas, o curso ser\u00e1 realizado nos dias 6, 7 e 8 de julho, das 8h \u00e0s 17h, no NAC, com intervalo de uma hora para o almo\u00e7o. Durante a capacita\u00e7\u00e3o, os participantes desenvolver\u00e3o habilidades no uso de ferramentas e t\u00e9cnicas de soldagem a arco el\u00e9trico com eletrodo revestido, preparando-se para atuar tanto no setor industrial quanto em atividades ligadas ao meio rural.<\/p>\n<p>&#13;<\/p>\n<h3 data-section-id=\"13sinug\" data-start=\"1529\" data-end=\"1546\">Informa\u00e7\u00f5es<\/h3>\n<p>&#13;<\/p>\n<p data-start=\"1548\" data-end=\"1939\"><span style=\"font-size: 1em;\">Mais informa\u00e7\u00f5es podem ser obtidas pelos telefones (19) 3404-6209 (fixo e WhatsApp) e (19) 3404-6210. O Nisp tamb\u00e9m divulga novas turmas e oportunidades de qualifica\u00e7\u00e3o profissional em seu canal no WhatsApp: <\/span><a class=\"decorated-link\" style=\"background-color: #ffffff; font-size: 1em;\" href=\"https:\/\/whatsapp.com\/channel\/0029VamHf0GIN9isteGu5l3N\" target=\"_new\" rel=\"noopener\" data-start=\"2149\" data-end=\"2202\">https:\/\/whatsapp.com\/channel\/0029VamHf0GIN9isteGu5l3N<\/a><span style=\"font-size: 1em;\">.<\/span><\/p>\n<p>&#13;<\/p>\n<p data-start=\"1941\" data-end=\"2203\"><span style=\"font-size: 1em;\">A iniciativa est\u00e1 alinhada ao Objetivo de Desenvolvimento Sustent\u00e1vel (ODS) 8 da ONU, que promove o trabalho decente, a qualifica\u00e7\u00e3o profissional e o crescimento econ\u00f4mico inclusivo, ampliando as oportunidades de gera\u00e7\u00e3o de renda e fortalecendo a atividade rural.<\/span><\/p>\n<p>&#13;<br \/>\n&#13;<br \/>\n&#13;<br \/>\n&#13;<\/p>\n<article class=\"conteudo-relacionado no-print\">&#13;<br \/>\n        &#13;<br \/>\n&#13;<br \/>\n        &#13;<br \/>\n    <\/article>\n<p>&#13;<br \/>\n&#13;<br \/>\n                <\/main><\/p><\/div>\n<p><br \/>\n<br \/><a href=\"https:\/\/limeira.sp.gov.br\/prefeitura-de-limeira-abre-inscricoes-para-curso-gratuito-de-solda\" rel=\"noopener\">Informa\u00e7\u00f5es da PML <\/a><\/p>\n","protected":false},"excerpt":{"rendered":"<p>&#13; &#13; &#13; &#13; &#13; &#13; &#13; &#13; &#13; &#13; A Secretaria de Promo\u00e7\u00e3o Social (Seprosom), em parceria com o Senar (Servi\u00e7o Nacional de Aprendizagem Rural), est\u00e1 com inscri\u00e7\u00f5es abertas para o curso gratuito &#8220;Soldagem a arco el\u00e9trico com eletrodo revestido&#8221;. A capacita\u00e7\u00e3o oferece 10 vagas e tem como objetivo qualificar moradores de Limeira para [&hellip;]<\/p>\n","protected":false},"author":1,"featured_media":70861,"comment_status":"","ping_status":"open","sticky":false,"template":"","format":"standard","meta":{"_jetpack_newsletter_access":"","_jetpack_dont_email_post_to_subs":false,"_jetpack_newsletter_tier_id":0,"_jetpack_memberships_contains_paywalled_content":false,"_mbp_banners":[],"_jetpack_feature_clip_id":0,"_jetpack_memberships_contains_paid_content":false,"footnotes":"","jetpack_publicize_message":"","jetpack_publicize_feature_enabled":true,"jetpack_social_post_already_shared":true,"jetpack_social_options":{"image_generator_settings":{"template":"highway","default_image_id":0,"font":"","enabled":false},"version":2},"jetpack_post_was_ever_published":false},"categories":[16],"tags":[],"class_list":["post-70860","post","type-post","status-publish","format-standard","has-post-thumbnail","category-local"],"jetpack_publicize_connections":[],"jetpack-related-posts":[],"jetpack_shortlink":"https:\/\/wp.me\/p7Eq1F-iqU","jetpack_sharing_enabled":true,"jetpack_featured_media_url":"https:\/\/i0.wp.com\/guialimeira.com.br\/news\/wp-content\/uploads\/2026\/06\/m_137_0_1_30062026145934.jpg?fit=1024%2C682&ssl=1","_links":{"self":[{"href":"https:\/\/guialimeira.com.br\/news\/wp-json\/wp\/v2\/posts\/70860","targetHints":{"allow":["GET"]}}],"collection":[{"href":"https:\/\/guialimeira.com.br\/news\/wp-json\/wp\/v2\/posts"}],"about":[{"href":"https:\/\/guialimeira.com.br\/news\/wp-json\/wp\/v2\/types\/post"}],"author":[{"embeddable":true,"href":"https:\/\/guialimeira.com.br\/news\/wp-json\/wp\/v2\/users\/1"}],"replies":[{"embeddable":true,"href":"https:\/\/guialimeira.com.br\/news\/wp-json\/wp\/v2\/comments?post=70860"}],"version-history":[{"count":0,"href":"https:\/\/guialimeira.com.br\/news\/wp-json\/wp\/v2\/posts\/70860\/revisions"}],"wp:featuredmedia":[{"embeddable":true,"href":"https:\/\/guialimeira.com.br\/news\/wp-json\/wp\/v2\/media\/70861"}],"wp:attachment":[{"href":"https:\/\/guialimeira.com.br\/news\/wp-json\/wp\/v2\/media?parent=70860"}],"wp:term":[{"taxonomy":"category","embeddable":true,"href":"https:\/\/guialimeira.com.br\/news\/wp-json\/wp\/v2\/categories?post=70860"},{"taxonomy":"post_tag","embeddable":true,"href":"https:\/\/guialimeira.com.br\/news\/wp-json\/wp\/v2\/tags?post=70860"}],"curies":[{"name":"wp","href":"https:\/\/api.w.org\/{rel}","templated":true}]}}