{"id":70856,"date":"2026-06-30T14:28:05","date_gmt":"2026-06-30T17:28:05","guid":{"rendered":"https:\/\/guialimeira.com.br\/copa-na-praca-reune-mais-de-3-mil-torcedores-no-centro-de-limeira\/"},"modified":"2026-06-30T14:28:05","modified_gmt":"2026-06-30T17:28:05","slug":"copa-na-praca-reune-mais-de-3-mil-torcedores-no-centro-de-limeira","status":"publish","type":"post","link":"https:\/\/guialimeira.com.br\/news\/copa-na-praca-reune-mais-de-3-mil-torcedores-no-centro-de-limeira\/","title":{"rendered":"Copa na Pra\u00e7a re\u00fane mais de 3 mil torcedores no Centro de Limeira"},"content":{"rendered":"<p> <br \/>\n<\/p>\n<div>\n                <main class=\"\">&#13;<br \/>\n                    &#13;<br \/>\n&#13;<br \/>\n&#13;<br \/>\n&#13;<br \/>\n&#13;<br \/>\n&#13;<br \/>\n    <img data-recalc-dims=\"1\" decoding=\"async\" src=\"https:\/\/i0.wp.com\/ecrie.com.br\/sistema\/conteudos\/imagem\/m_137_0_4_30062026141826.jpeg?w=696&#038;ssl=1\" alt=\"Copa na Pra\u00e7a re\u00fane mais de 3 mil torcedores no Centro de Limeira\"\/>&#13;<br \/>\n&#13;<br \/>\n&#13;<\/p>\n<p style=\"text-align: justify;\">Mais de 3 mil pessoas acompanharam, na tarde de ontem, a vit\u00f3ria da Sele\u00e7\u00e3o Brasileira sobre o Jap\u00e3o, pela segunda fase da Copa do Mundo, na Pra\u00e7a Toledo Barros. Promovido pela Prefeitura de Limeira, o &#8220;Copa na Pra\u00e7a&#8221; contou com tel\u00e3o, pra\u00e7a de alimenta\u00e7\u00e3o, brinquedos gratuitos, espa\u00e7o para troca de figurinhas e m\u00fasica ao vivo antes da partida, transformando o local em um grande ponto de encontro da torcida limeirense.<\/p>\n<p>&#13;<\/p>\n<p style=\"text-align: justify;\">&#8220;A Pra\u00e7a Toledo Barros voltou a ser o que sempre deveria ter sido: um espa\u00e7o de conviv\u00eancia para todas as fam\u00edlias de Limeira. A\u00e7\u00f5es como o Copa na Pra\u00e7a mostram a import\u00e2ncia de ocupar nossos espa\u00e7os p\u00fablicos com cultura, lazer e seguran\u00e7a, e \u00e9 assim que vamos seguir cuidando da cidade&#8221; , destacou o prefeito Murilo F\u00e9lix.<\/p>\n<p>&#13;<\/p>\n<p style=\"text-align: justify;\">A programa\u00e7\u00e3o continua no pr\u00f3ximo domingo (5), quando o Brasil enfrenta o vencedor do confronto entre Costa do Marfim e Noruega, \u00e0s 17h. A partir das 16h, o p\u00fablico poder\u00e1 aproveitar a estrutura preparada pela Prefeitura, com atra\u00e7\u00f5es e op\u00e7\u00f5es de lazer antes do in\u00edcio da partida.<\/p>\n<p>&#13;<\/p>\n<p style=\"text-align: justify;\">&#8220;Estamos preparando mais uma grande festa para o pr\u00f3ximo domingo e esperamos novamente um excelente p\u00fablico&#8221;, afirmou o secret\u00e1rio de Turismo e Eventos, Thiago Martins.<\/p>\n<p>&#13;<\/p>\n<p style=\"text-align: justify;\">A Copa na Pra\u00e7a \u00e9 uma realiza\u00e7\u00e3o da Prefeitura de Limeira, por meio da Secretaria de Turismo e Eventos. A iniciativa est\u00e1 alinhada ao Objetivo de Desenvolvimento Sustent\u00e1vel (ODS) 11 da Agenda 2030 da ONU, que promove cidades e comunidades mais inclusivas, seguras, resilientes e sustent\u00e1veis.<\/p>\n<p>&#13;<br \/>\n&#13;<br \/>\n&#13;<br \/>\n&#13;<\/p>\n<article class=\"conteudo-relacionado no-print\">&#13;<br \/>\n        &#13;<br \/>\n&#13;<br \/>\n        &#13;<br \/>\n    <\/article>\n<p>&#13;<br \/>\n&#13;<br \/>\n                <\/main><\/p><\/div>\n<p><br \/>\n<br \/><a href=\"https:\/\/limeira.sp.gov.br\/copa-na-praca-reune-mais-de-3-mil-torcedores-no-centro-de-limeira\" rel=\"noopener\">Informa\u00e7\u00f5es da PML <\/a><\/p>\n","protected":false},"excerpt":{"rendered":"<p>&#13; &#13; &#13; &#13; &#13; &#13; &#13; &#13; &#13; &#13; Mais de 3 mil pessoas acompanharam, na tarde de ontem, a vit\u00f3ria da Sele\u00e7\u00e3o Brasileira sobre o Jap\u00e3o, pela segunda fase da Copa do Mundo, na Pra\u00e7a Toledo Barros. Promovido pela Prefeitura de Limeira, o &#8220;Copa na Pra\u00e7a&#8221; contou com tel\u00e3o, pra\u00e7a de alimenta\u00e7\u00e3o, brinquedos [&hellip;]<\/p>\n","protected":false},"author":1,"featured_media":70857,"comment_status":"","ping_status":"open","sticky":false,"template":"","format":"standard","meta":{"_jetpack_newsletter_access":"","_jetpack_dont_email_post_to_subs":false,"_jetpack_newsletter_tier_id":0,"_jetpack_memberships_contains_paywalled_content":false,"_mbp_banners":[],"_jetpack_feature_clip_id":0,"_jetpack_memberships_contains_paid_content":false,"footnotes":"","jetpack_publicize_message":"","jetpack_publicize_feature_enabled":true,"jetpack_social_post_already_shared":true,"jetpack_social_options":{"image_generator_settings":{"template":"highway","default_image_id":0,"font":"","enabled":false},"version":2},"jetpack_post_was_ever_published":false},"categories":[16],"tags":[],"class_list":["post-70856","post","type-post","status-publish","format-standard","has-post-thumbnail","category-local"],"jetpack_publicize_connections":[],"jetpack-related-posts":[],"jetpack_shortlink":"https:\/\/wp.me\/p7Eq1F-iqQ","jetpack_sharing_enabled":true,"jetpack_featured_media_url":"https:\/\/i0.wp.com\/guialimeira.com.br\/news\/wp-content\/uploads\/2026\/06\/m_137_0_4_30062026141826.jpeg?fit=1024%2C681&ssl=1","_links":{"self":[{"href":"https:\/\/guialimeira.com.br\/news\/wp-json\/wp\/v2\/posts\/70856","targetHints":{"allow":["GET"]}}],"collection":[{"href":"https:\/\/guialimeira.com.br\/news\/wp-json\/wp\/v2\/posts"}],"about":[{"href":"https:\/\/guialimeira.com.br\/news\/wp-json\/wp\/v2\/types\/post"}],"author":[{"embeddable":true,"href":"https:\/\/guialimeira.com.br\/news\/wp-json\/wp\/v2\/users\/1"}],"replies":[{"embeddable":true,"href":"https:\/\/guialimeira.com.br\/news\/wp-json\/wp\/v2\/comments?post=70856"}],"version-history":[{"count":0,"href":"https:\/\/guialimeira.com.br\/news\/wp-json\/wp\/v2\/posts\/70856\/revisions"}],"wp:featuredmedia":[{"embeddable":true,"href":"https:\/\/guialimeira.com.br\/news\/wp-json\/wp\/v2\/media\/70857"}],"wp:attachment":[{"href":"https:\/\/guialimeira.com.br\/news\/wp-json\/wp\/v2\/media?parent=70856"}],"wp:term":[{"taxonomy":"category","embeddable":true,"href":"https:\/\/guialimeira.com.br\/news\/wp-json\/wp\/v2\/categories?post=70856"},{"taxonomy":"post_tag","embeddable":true,"href":"https:\/\/guialimeira.com.br\/news\/wp-json\/wp\/v2\/tags?post=70856"}],"curies":[{"name":"wp","href":"https:\/\/api.w.org\/{rel}","templated":true}]}}