{"id":70833,"date":"2026-06-30T11:19:46","date_gmt":"2026-06-30T14:19:46","guid":{"rendered":"https:\/\/guialimeira.com.br\/campanha-do-agasalho-ja-arrecadou-mais-de-22-toneladas-em-limeira\/"},"modified":"2026-06-30T11:19:46","modified_gmt":"2026-06-30T14:19:46","slug":"campanha-do-agasalho-ja-arrecadou-mais-de-22-toneladas-em-limeira","status":"publish","type":"post","link":"https:\/\/guialimeira.com.br\/news\/campanha-do-agasalho-ja-arrecadou-mais-de-22-toneladas-em-limeira\/","title":{"rendered":"Campanha do Agasalho j\u00e1 arrecadou mais de 22 toneladas em Limeira"},"content":{"rendered":"<p> <br \/>\n<\/p>\n<div>\n                <main class=\"\">&#13;<br \/>\n                    &#13;<br \/>\n&#13;<br \/>\n&#13;<br \/>\n&#13;<br \/>\n&#13;<br \/>\n&#13;<br \/>\n    <img data-recalc-dims=\"1\" decoding=\"async\" src=\"https:\/\/i0.wp.com\/ecrie.com.br\/sistema\/conteudos\/imagem\/m_137_0_1_08062026162132.jpeg?w=696&#038;ssl=1\" alt=\"Campanha do Agasalho j\u00e1 arrecadou mais de 22 toneladas em Limeira\"\/>&#13;<br \/>\n&#13;<br \/>\n&#13;<\/p>\n<p style=\"text-align: justify;\">A Campanha do Agasalho 2026, promovida pelo Fundo Social de Limeira, j\u00e1 arrecadou mais de 22 toneladas de doa\u00e7\u00f5es, totalizando 22.590 quilos. A iniciativa segue at\u00e9 o dia 15 de julho e recebe roupas de inverno, cobertores, mantas, cal\u00e7ados, roupas infantis, al\u00e9m de roupinhas e mantas para pets.<\/p>\n<p>&#13;<\/p>\n<p style=\"text-align: justify;\">O prefeito Murilo F\u00e9lix destacou a mobiliza\u00e7\u00e3o da popula\u00e7\u00e3o e refor\u00e7ou o convite para que mais pessoas participem da campanha. &#8220;A solidariedade dos limeirenses tem feito a diferen\u00e7a na vida de muitas fam\u00edlias. Entramos na reta final da campanha e convido toda a popula\u00e7\u00e3o a doar. Cada pe\u00e7a arrecadada representa acolhimento, dignidade e ajuda quem mais precisa neste inverno&#8221;, afirmou.<\/p>\n<p>&#13;<\/p>\n<p style=\"text-align: justify;\">Todo o material arrecadado \u00e9 destinado aos centros comunit\u00e1rios e aos servi\u00e7os socioassistenciais do munic\u00edpio, fortalecendo o atendimento \u00e0s fam\u00edlias em situa\u00e7\u00e3o de vulnerabilidade social.<\/p>\n<p>&#13;<\/p>\n<p style=\"text-align: justify;\"><strong>Busca por volunt\u00e1rios<\/strong><\/p>\n<p>&#13;<\/p>\n<p style=\"text-align: justify;\">Al\u00e9m das doa\u00e7\u00f5es, o Fundo Social tamb\u00e9m busca volunt\u00e1rios para atuar na triagem das pe\u00e7as arrecadadas, etapa essencial para agilizar a distribui\u00e7\u00e3o \u00e0s fam\u00edlias atendidas. Os volunt\u00e1rios auxiliam na separa\u00e7\u00e3o e organiza\u00e7\u00e3o de roupas masculinas, femininas, infantis e para beb\u00eas.<br \/>&#8220;Quanto mais pessoas colaborarem com a triagem, mais rapidamente conseguiremos encaminhar as pe\u00e7as \u00e0s fam\u00edlias que precisam&#8221;, afirmou a presidente do Fundo Social, Carla Kalid.<\/p>\n<p>&#13;<\/p>\n<p style=\"text-align: justify;\">Os interessados em atuar como volunt\u00e1rios podem entrar em contato com o Fundo Social pelo WhatsApp (19) 98375-0086.<\/p>\n<p>&#13;<\/p>\n<p style=\"text-align: justify;\"><strong>Como doar<\/strong><\/p>\n<p>&#13;<\/p>\n<p style=\"text-align: justify;\">As doa\u00e7\u00f5es podem ser entregues em mais de 300 pontos de arrecada\u00e7\u00e3o distribu\u00eddos pela cidade, al\u00e9m da sede do Fundo Social, localizada na Av. Dr. Lauro Corr\u00eaa da Silva, n\u00ba 3.800. A orienta\u00e7\u00e3o \u00e9 que os itens estejam limpos, em bom estado de conserva\u00e7\u00e3o e prontos para uso. A rela\u00e7\u00e3o completa dos locais de entrega est\u00e1 dispon\u00edvel no site da campanha &#8211; limeira.sp.gov.br\/campanhadoagasalho<\/p>\n<p>&#13;<\/p>\n<p style=\"text-align: justify;\">A iniciativa est\u00e1 alinhada ao Objetivo de Desenvolvimento Sustent\u00e1vel (ODS) 10, da ONU, que trata da redu\u00e7\u00e3o das desigualdades por meio de a\u00e7\u00f5es de inclus\u00e3o, prote\u00e7\u00e3o social e melhoria da qualidade de vida.<\/p>\n<p>&#13;<br \/>\n&#13;<br \/>\n&#13;<br \/>\n&#13;<\/p>\n<article class=\"conteudo-relacionado no-print\">&#13;<br \/>\n        &#13;<br \/>\n&#13;<br \/>\n        &#13;<br \/>\n    <\/article>\n<p>&#13;<br \/>\n&#13;<br \/>\n                <\/main><\/p><\/div>\n<p><br \/>\n<br \/><a href=\"https:\/\/limeira.sp.gov.br\/campanha-do-agasalho-ja-arrecadou-mais-de-22-toneladas-em-limeira\" rel=\"noopener\">Informa\u00e7\u00f5es da PML <\/a><\/p>\n","protected":false},"excerpt":{"rendered":"<p>&#13; &#13; &#13; &#13; &#13; &#13; &#13; &#13; &#13; &#13; A Campanha do Agasalho 2026, promovida pelo Fundo Social de Limeira, j\u00e1 arrecadou mais de 22 toneladas de doa\u00e7\u00f5es, totalizando 22.590 quilos. A iniciativa segue at\u00e9 o dia 15 de julho e recebe roupas de inverno, cobertores, mantas, cal\u00e7ados, roupas infantis, al\u00e9m de roupinhas e [&hellip;]<\/p>\n","protected":false},"author":1,"featured_media":68317,"comment_status":"","ping_status":"open","sticky":false,"template":"","format":"standard","meta":{"_jetpack_newsletter_access":"","_jetpack_dont_email_post_to_subs":false,"_jetpack_newsletter_tier_id":0,"_jetpack_memberships_contains_paywalled_content":false,"_mbp_banners":[],"_jetpack_feature_clip_id":0,"_jetpack_memberships_contains_paid_content":false,"footnotes":"","jetpack_publicize_message":"","jetpack_publicize_feature_enabled":true,"jetpack_social_post_already_shared":true,"jetpack_social_options":{"image_generator_settings":{"template":"highway","default_image_id":0,"font":"","enabled":false},"version":2},"jetpack_post_was_ever_published":false},"categories":[16],"tags":[],"class_list":["post-70833","post","type-post","status-publish","format-standard","has-post-thumbnail","category-local"],"jetpack_publicize_connections":[],"jetpack-related-posts":[],"jetpack_shortlink":"https:\/\/wp.me\/p7Eq1F-iqt","jetpack_sharing_enabled":true,"jetpack_featured_media_url":"https:\/\/i0.wp.com\/guialimeira.com.br\/news\/wp-content\/uploads\/2026\/06\/m_137_0_1_08062026162132.jpeg?fit=1024%2C682&ssl=1","_links":{"self":[{"href":"https:\/\/guialimeira.com.br\/news\/wp-json\/wp\/v2\/posts\/70833","targetHints":{"allow":["GET"]}}],"collection":[{"href":"https:\/\/guialimeira.com.br\/news\/wp-json\/wp\/v2\/posts"}],"about":[{"href":"https:\/\/guialimeira.com.br\/news\/wp-json\/wp\/v2\/types\/post"}],"author":[{"embeddable":true,"href":"https:\/\/guialimeira.com.br\/news\/wp-json\/wp\/v2\/users\/1"}],"replies":[{"embeddable":true,"href":"https:\/\/guialimeira.com.br\/news\/wp-json\/wp\/v2\/comments?post=70833"}],"version-history":[{"count":0,"href":"https:\/\/guialimeira.com.br\/news\/wp-json\/wp\/v2\/posts\/70833\/revisions"}],"wp:featuredmedia":[{"embeddable":true,"href":"https:\/\/guialimeira.com.br\/news\/wp-json\/wp\/v2\/media\/68317"}],"wp:attachment":[{"href":"https:\/\/guialimeira.com.br\/news\/wp-json\/wp\/v2\/media?parent=70833"}],"wp:term":[{"taxonomy":"category","embeddable":true,"href":"https:\/\/guialimeira.com.br\/news\/wp-json\/wp\/v2\/categories?post=70833"},{"taxonomy":"post_tag","embeddable":true,"href":"https:\/\/guialimeira.com.br\/news\/wp-json\/wp\/v2\/tags?post=70833"}],"curies":[{"name":"wp","href":"https:\/\/api.w.org\/{rel}","templated":true}]}}