{"id":7074,"date":"2024-05-30T18:24:50","date_gmt":"2024-05-30T21:24:50","guid":{"rendered":"https:\/\/guialimeira.com.br\/2024\/05\/30\/cbf-mantem-lucas-paqueta-entre-convocados-da-selecao-brasileira\/"},"modified":"2024-05-30T18:24:50","modified_gmt":"2024-05-30T21:24:50","slug":"cbf-mantem-lucas-paqueta-entre-convocados-da-selecao-brasileira","status":"publish","type":"post","link":"https:\/\/guialimeira.com.br\/news\/cbf-mantem-lucas-paqueta-entre-convocados-da-selecao-brasileira\/","title":{"rendered":"CBF mant\u00e9m Lucas Paquet\u00e1 entre convocados da sele\u00e7\u00e3o brasileira"},"content":{"rendered":"<p> <br \/>\n<\/p>\n<div>\n<p>O meia-campista da sele\u00e7\u00e3o brasileira Lucas Paquet\u00e1 est\u00e1 mantido na lista de <a href=\"https:\/\/agenciabrasil.ebc.com.br\/esportes\/noticia\/2024-05\/dorival-junior-convoca-selecao-renovada-para-disputa-da-copa-america\" rel=\"noopener\"><strong>26 convocados para dois amistosos e para a Copa Am\u00e9rica<\/strong><\/a>, com in\u00edcio em 20 de junho. A CBF confirmou nesta quinta-feira (30) a perman\u00eancia de Paquet\u00e1, apesar de o jogador \u2013 atualmente no clube West Ham &#8211; ter sido acusado pela Associa\u00e7\u00e3o de Futebol da Inglaterra (FA na sigla em ingl\u00eas) de tentar manipular resultados de apostas.\u00a0<img data-recalc-dims=\"1\" decoding=\"async\" src=\"https:\/\/i0.wp.com\/agenciabrasil.ebc.com.br\/ebc.png?w=696&#038;ssl=1\" style=\"width:1px; height:1px; display:inline;\"\/><img data-recalc-dims=\"1\" decoding=\"async\" src=\"https:\/\/i0.wp.com\/agenciabrasil.ebc.com.br\/ebc.gif?w=696&#038;ssl=1\" style=\"width:1px; height:1px; display:inline;\"\/><\/p>\n<p>Em <a href=\"https:\/\/www.cbf.com.br\/selecao-brasileira\/noticias\/selecao-masculina\/nota-oficial-paqueta\" rel=\"noopener\"><strong>nota oficial<\/strong><\/a>, a CBF justificou a decis\u00e3o ap\u00f3s troca de informa\u00e7\u00f5es com a FA. Segundo a entidade brit\u00e2nica, \u201cembora o jogador esteja agora sujeito a uma s\u00e9rie de acusa\u00e7\u00f5es, a FA n\u00e3o recebeu qualquer ordem de suspens\u00e3o provis\u00f3ria contra Lucas Paquet\u00e1 e, portanto, n\u00e3o h\u00e1 impedimento para que ele continue jogando neste momento\u201d. A FA esclareceu ainda que Paquet\u00e1 tem at\u00e9 a pr\u00f3xima segunda-feira (3) para responder \u00e0s acusa\u00e7\u00f5es.<\/p>\n<blockquote class=\"twitter-tweet\">\n<p dir=\"ltr\" lang=\"pt\" xml:lang=\"pt\">Jogadores da Sele\u00e7\u00e3o Brasileira se apresentam nos Estados Unidos<a href=\"https:\/\/t.co\/Zy6b53s2TS\">https:\/\/t.co\/Zy6b53s2TS<\/a><\/p>\n<p>\ud83d\udcf8: Rafael Ribeiro\/CBF <a href=\"https:\/\/t.co\/e5uHCuH3h3\">pic.twitter.com\/e5uHCuH3h3<\/a><\/p>\n<p>\u2014 CBF Futebol (@CBF_Futebol) <a href=\"https:\/\/twitter.com\/CBF_Futebol\/status\/1796239630662255004?ref_src=twsrc%5Etfw\" rel=\"noopener\">May 30, 2024<\/a><\/p><\/blockquote>\n<p>Lucas Paquet\u00e1 e outros 17 convocados da sele\u00e7\u00e3o que atuam fora do Brasil se apresentaram hoje (30) ao t\u00e9cnico Dorival J\u00fanior, na Fl\u00f3rida (Estados Unidos), para a prepara\u00e7\u00e3o que visa os dois \u00faltimos amistosos antes da Copa Am\u00e9rica. O primeiro ser\u00e1 contra o M\u00e9xico, em 8 de junho (s\u00e1bado), no Texas, e quatro dias depois a sele\u00e7\u00e3o encara os Estados Unidos, em Orlando.<\/p>\n<blockquote>\n<p>\u201cDiante do todo exposto, e ante os fatos relatados pela Federa\u00e7\u00e3o Inglesa, a CBF, com respaldo de parecer elaborado conjuntamente pelas Diretorias Jur\u00eddica e de Governan\u00e7a e Conformidade e pela Unidade de Integridade, decide pela manuten\u00e7\u00e3o da convoca\u00e7\u00e3o do jogador\u201c, diz o comunicado da entidade, assinado pelo presidente Ednaldo Rodrigues. \u201c\u00c9 certo afirmar que o atleta est\u00e1 liberado a exercer o seu of\u00edcio profissional at\u00e9 o presente momento, fonte de seu sustento e de sua fam\u00edlia, de maneira plena e irrestrita, seja pelo seu clube, seja pela sele\u00e7\u00e3o do seu pa\u00eds de origem\u201d, acrescentou a CBF.<\/p>\n<\/blockquote>\n<p>As suspeitas de envolvimento de Paquet\u00e1 com manipula\u00e7\u00e3o de apostas veio \u00e0 tona no ano passado, e serviram de motivo para o\u00a0jogador n\u00e3o ter sido convocado em setembro pelo ent\u00e3o t\u00e9cnico interino Fernando Diniz para os jogos da sele\u00e7\u00e3o brasileira nas Eliminat\u00f3rias da Copa do Mundo, contra a Col\u00f4mbia e a Argentina. O meio-campista retornou ao elenco verde e amarelo seis meses depois, na <a href=\"https:\/\/agenciabrasil.ebc.com.br\/esportes\/noticia\/2024-03\/dorival-jr-faz-1a-convocacao-da-selecao-brasileira-para-jogos-em-marco\" rel=\"noopener\"><strong>primeira convoca\u00e7\u00e3o de Dorival J\u00fanior como t\u00e9cnico da amarelinha.<\/strong><\/a>\u00a0<\/p>\n<\/p><\/div>\n<p><script async src=\"\/\/platform.twitter.com\/widgets.js\" charset=\"utf-8\"><\/script><br \/>\n<br \/><br \/>\n<br \/><a href=\"https:\/\/agenciabrasil.ebc.com.br\/esportes\/noticia\/2024-05\/cbf-mantem-lucas-paqueta-entre-convocados-da-selecao-brasileira\" rel=\"noopener\">Ag\u00eancia Brasil<\/a><\/p>\n","protected":false},"excerpt":{"rendered":"<p>O meia-campista da sele\u00e7\u00e3o brasileira Lucas Paquet\u00e1 est\u00e1 mantido na lista de 26 convocados para dois amistosos e para a Copa Am\u00e9rica, com in\u00edcio em 20 de junho. A CBF confirmou nesta quinta-feira (30) a perman\u00eancia de Paquet\u00e1, apesar de o jogador \u2013 atualmente no clube West Ham &#8211; ter sido acusado pela Associa\u00e7\u00e3o de [&hellip;]<\/p>\n","protected":false},"author":1,"featured_media":7075,"comment_status":"open","ping_status":"open","sticky":false,"template":"","format":"standard","meta":{"_jetpack_newsletter_access":"","_jetpack_dont_email_post_to_subs":false,"_jetpack_newsletter_tier_id":0,"_jetpack_memberships_contains_paywalled_content":false,"_mbp_banners":[],"_jetpack_feature_clip_id":0,"_jetpack_memberships_contains_paid_content":false,"footnotes":"","jetpack_publicize_message":"","jetpack_publicize_feature_enabled":true,"jetpack_social_post_already_shared":true,"jetpack_social_options":{"image_generator_settings":{"template":"highway","default_image_id":0,"font":"","enabled":false},"version":2},"jetpack_post_was_ever_published":false},"categories":[23],"tags":[],"class_list":["post-7074","post","type-post","status-publish","format-standard","has-post-thumbnail","category-esportes"],"jetpack_publicize_connections":[],"jetpack-related-posts":[],"jetpack_shortlink":"https:\/\/wp.me\/p7Eq1F-1Q6","jetpack_sharing_enabled":true,"jetpack_featured_media_url":"https:\/\/i0.wp.com\/guialimeira.com.br\/news\/wp-content\/uploads\/2024\/05\/lucas_paqueta_selecao_fut.jpg?fit=1600%2C800&ssl=1","_links":{"self":[{"href":"https:\/\/guialimeira.com.br\/news\/wp-json\/wp\/v2\/posts\/7074","targetHints":{"allow":["GET"]}}],"collection":[{"href":"https:\/\/guialimeira.com.br\/news\/wp-json\/wp\/v2\/posts"}],"about":[{"href":"https:\/\/guialimeira.com.br\/news\/wp-json\/wp\/v2\/types\/post"}],"author":[{"embeddable":true,"href":"https:\/\/guialimeira.com.br\/news\/wp-json\/wp\/v2\/users\/1"}],"replies":[{"embeddable":true,"href":"https:\/\/guialimeira.com.br\/news\/wp-json\/wp\/v2\/comments?post=7074"}],"version-history":[{"count":0,"href":"https:\/\/guialimeira.com.br\/news\/wp-json\/wp\/v2\/posts\/7074\/revisions"}],"wp:featuredmedia":[{"embeddable":true,"href":"https:\/\/guialimeira.com.br\/news\/wp-json\/wp\/v2\/media\/7075"}],"wp:attachment":[{"href":"https:\/\/guialimeira.com.br\/news\/wp-json\/wp\/v2\/media?parent=7074"}],"wp:term":[{"taxonomy":"category","embeddable":true,"href":"https:\/\/guialimeira.com.br\/news\/wp-json\/wp\/v2\/categories?post=7074"},{"taxonomy":"post_tag","embeddable":true,"href":"https:\/\/guialimeira.com.br\/news\/wp-json\/wp\/v2\/tags?post=7074"}],"curies":[{"name":"wp","href":"https:\/\/api.w.org\/{rel}","templated":true}]}}