{"id":70730,"date":"2026-06-29T12:24:32","date_gmt":"2026-06-29T15:24:32","guid":{"rendered":"https:\/\/guialimeira.com.br\/julho-amarelo-intensifica-testagem-e-vacinacao-contra-hepatites-virais-em-limeira\/"},"modified":"2026-06-29T12:24:32","modified_gmt":"2026-06-29T15:24:32","slug":"julho-amarelo-intensifica-testagem-e-vacinacao-contra-hepatites-virais-em-limeira","status":"publish","type":"post","link":"https:\/\/guialimeira.com.br\/news\/julho-amarelo-intensifica-testagem-e-vacinacao-contra-hepatites-virais-em-limeira\/","title":{"rendered":"Julho Amarelo intensifica testagem e vacina\u00e7\u00e3o contra hepatites virais em Limeira"},"content":{"rendered":"<p> <br \/>\n<\/p>\n<div id=\"\">&#13;<br \/>\n                    &#13;<br \/>\n&#13;<br \/>\n&#13;<br \/>\n&#13;<br \/>\n&#13;<br \/>\n&#13;<br \/>\n    <img data-recalc-dims=\"1\" decoding=\"async\" src=\"https:\/\/i0.wp.com\/ecrie.com.br\/sistema\/conteudos\/imagem\/m_137_0_1_29062026122311.png?w=696&#038;ssl=1\" alt=\"Julho Amarelo intensifica testagem e vacina\u00e7\u00e3o contra hepatites virais em Limeira\"\/>&#13;<br \/>\n&#13;<br \/>\n&#13;<\/p>\n<p>\u00a0<\/p>\n<p>&#13;<\/p>\n<p style=\"text-align: justify;\">A Prefeitura de Limeira, por meio da Secretaria de Sa\u00fade, promove a partir desta quarta-feira (1<span style=\"font-family: Times New Roman, serif;\">\u00b0<\/span><span style=\"font-family: Liberation Serif, serif;\">)<\/span> a campanha <strong>&#8220;Julho Amarelo: n\u00e3o vamos deixar ningu\u00e9m para tr\u00e1s&#8221;<\/strong>, voltada \u00e0 conscientiza\u00e7\u00e3o sobre as hepatites virais. A iniciativa refor\u00e7a a import\u00e2ncia da preven\u00e7\u00e3o, do diagn\u00f3stico precoce e do tratamento da doen\u00e7a, al\u00e9m de ampliar o acesso da popula\u00e7\u00e3o \u00e0 testagem e \u00e0 vacina\u00e7\u00e3o. Entre janeiro e junho de 2026, Limeira registrou quatro novos casos de hepatite B e 24 de hepatite C.<\/p>\n<p>&#13;<\/p>\n<p style=\"text-align: justify;\">Durante todo o m\u00eas, as unidades de sa\u00fade intensificar\u00e3o as a\u00e7\u00f5es de orienta\u00e7\u00e3o, preven\u00e7\u00e3o e testagem para hepatites virais. Al\u00e9m dos atendimentos de rotina, ser\u00e3o realizados exames sorol\u00f3gicos de sangue sem necessidade de agendamento, respeitando as orienta\u00e7\u00f5es de cada unidade quanto aos hor\u00e1rios de coleta e eventual necessidade de jejum.<\/p>\n<p>&#13;<\/p>\n<p style=\"text-align: justify;\">Nos plant\u00f5es de vacina\u00e7\u00e3o aos s\u00e1bados tamb\u00e9m ser\u00e3o oferecidos testes r\u00e1pidos para hepatites B e C. J\u00e1 o Servi\u00e7o Especializado em Mol\u00e9stias Infectocontagiosas de Limeira (Semil) realizar\u00e1 testagem gratuita todas as sextas-feiras de julho, das 7h \u00e0s 11h, sem necessidade de agendamento.<\/p>\n<p>&#13;<\/p>\n<p style=\"text-align: justify;\">A programa\u00e7\u00e3o inclui ainda uma a\u00e7\u00e3o especial no dia 18 de julho, na Pra\u00e7a Toledo Barros, das 8h \u00e0s 13h. Promovida pelo Semil em parceria com o Rotary Club de Limeira Inova\u00e7\u00e3o, a atividade contar\u00e1 com testes r\u00e1pidos para hepatites B e C, autotestes para HIV, distribui\u00e7\u00e3o de kits de preven\u00e7\u00e3o \u2014 com preservativos, gel lubrificante e materiais informativos \u2014 e vacina\u00e7\u00e3o itinerante com multivacina\u00e7\u00e3o. A campanha atende \u00e0 Lei Municipal n\u00ba 6.704\/2022, de autoria da ent\u00e3o vereadora e atual secret\u00e1ria da Seprosom, Const\u00e2ncia F\u00e9lix.<\/p>\n<p>&#13;<\/p>\n<p style=\"text-align: justify;\"><strong>Sobre a doen\u00e7a<\/strong><\/p>\n<p>&#13;<\/p>\n<p style=\"text-align: justify;\">As hepatites s\u00e3o inflama\u00e7\u00f5es do f\u00edgado que podem ser causadas por v\u00edrus, uso de determinados medicamentos, consumo excessivo de \u00e1lcool e outras drogas, al\u00e9m de doen\u00e7as autoimunes, metab\u00f3licas ou gen\u00e9ticas. No Brasil, as hepatites virais mais comuns s\u00e3o as dos tipos A, B e C.<\/p>\n<p>&#13;<\/p>\n<p style=\"text-align: justify;\">&#8220;As hepatites virais representam um grave problema de sa\u00fade p\u00fablica, principalmente as hepatites B e C, que podem se tornar cr\u00f4nicas e permanecer no organismo por d\u00e9cadas, causando s\u00e9rios danos ao f\u00edgado de forma silenciosa&#8221;, explica o enfermeiro respons\u00e1vel pelo Semil, Lucas dos Santos.<\/p>\n<p>&#13;<\/p>\n<p style=\"text-align: justify;\">As hepatites virais nem sempre apresentam sintomas. Quando eles surgem, os mais comuns s\u00e3o fadiga, dores musculares e articulares, dor abdominal, perda de apetite, n\u00e1useas, febre baixa, urina escura e pele e olhos amarelados. Para o diagn\u00f3stico, o SUS oferece exames sorol\u00f3gicos e, nos casos das hepatites B e C, testes r\u00e1pidos.<\/p>\n<p>&#13;<\/p>\n<p style=\"text-align: justify;\">As hepatites A e E s\u00e3o transmitidas principalmente por \u00e1gua e alimentos contaminados, enquanto as hepatites B, C e D podem ser transmitidas por rela\u00e7\u00f5es sexuais desprotegidas, da m\u00e3e para o beb\u00ea durante a gesta\u00e7\u00e3o ou o parto e pelo compartilhamento de materiais contaminados.<\/p>\n<p>&#13;<\/p>\n<p style=\"text-align: justify;\">As vacinas contra as hepatites A e B est\u00e3o dispon\u00edveis gratuitamente nas unidades de sa\u00fade. &#8220;Para os demais tipos de hepatites virais, n\u00e3o h\u00e1 vacina. Por isso, \u00e9 fundamental redobrar os cuidados com a preven\u00e7\u00e3o e buscar o diagn\u00f3stico precoce&#8221;, ressalta Lucas dos Santos.<\/p>\n<p>&#13;<\/p>\n<p style=\"text-align: justify;\">O tratamento varia conforme o tipo da doen\u00e7a e, em Limeira, \u00e9 realizado gratuitamente pelo Semil, que oferece atendimento integral aos pacientes, desde o diagn\u00f3stico e acompanhamento cl\u00ednico at\u00e9 o fornecimento de medicamentos disponibilizados pelo Sistema \u00danico de Sa\u00fade.\u00a0<span style=\"color: #333333;\"><span style=\"font-family: Arial, sans-serif;\"><span style=\"font-size: medium;\">O Semil fica na Rua <\/span><\/span><\/span><span style=\"font-family: Arial, sans-serif;\"><span style=\"font-size: medium;\">Sergipe, 906 &#8211; Vila Cl\u00e1udia. Telefone <\/span><\/span><span style=\"font-family: Arial, sans-serif;\"><span style=\"font-size: medium;\">WhatsApp:<\/span><\/span> <span style=\"font-family: Arial, sans-serif;\"><span style=\"font-size: medium;\">(19) 3442-4796.<\/span><\/span><\/p>\n<p>&#13;<br \/>\n&#13;<br \/>\n&#13;<br \/>\n&#13;<\/p>\n<article class=\"conteudo-relacionado no-print\">&#13;<br \/>\n        &#13;<br \/>\n&#13;<br \/>\n        &#13;<br \/>\n    <\/article>\n<p>&#13;<br \/>\n&#13;\n                <\/p><\/div>\n<p><br \/>\n<br \/><a href=\"https:\/\/limeira.sp.gov.br\/julho-amarelo-intensifica-testagem-e-vacinacao-contra-hepatites-virais-em-limeira\" rel=\"noopener\">Informa\u00e7\u00f5es da PML <\/a><\/p>\n","protected":false},"excerpt":{"rendered":"<p>&#13; &#13; &#13; &#13; &#13; &#13; &#13; &#13; &#13; &#13; \u00a0 &#13; A Prefeitura de Limeira, por meio da Secretaria de Sa\u00fade, promove a partir desta quarta-feira (1\u00b0) a campanha &#8220;Julho Amarelo: n\u00e3o vamos deixar ningu\u00e9m para tr\u00e1s&#8221;, voltada \u00e0 conscientiza\u00e7\u00e3o sobre as hepatites virais. A iniciativa refor\u00e7a a import\u00e2ncia da preven\u00e7\u00e3o, do diagn\u00f3stico precoce [&hellip;]<\/p>\n","protected":false},"author":1,"featured_media":70731,"comment_status":"","ping_status":"open","sticky":false,"template":"","format":"standard","meta":{"_jetpack_newsletter_access":"","_jetpack_dont_email_post_to_subs":false,"_jetpack_newsletter_tier_id":0,"_jetpack_memberships_contains_paywalled_content":false,"_mbp_banners":[],"_jetpack_feature_clip_id":0,"_jetpack_memberships_contains_paid_content":false,"footnotes":"","jetpack_publicize_message":"","jetpack_publicize_feature_enabled":true,"jetpack_social_post_already_shared":true,"jetpack_social_options":{"image_generator_settings":{"template":"highway","default_image_id":0,"font":"","enabled":false},"version":2},"jetpack_post_was_ever_published":false},"categories":[16],"tags":[],"class_list":["post-70730","post","type-post","status-publish","format-standard","has-post-thumbnail","category-local"],"jetpack_publicize_connections":[],"jetpack-related-posts":[],"jetpack_shortlink":"https:\/\/wp.me\/p7Eq1F-ioO","jetpack_sharing_enabled":true,"jetpack_featured_media_url":"https:\/\/i0.wp.com\/guialimeira.com.br\/news\/wp-content\/uploads\/2026\/06\/m_137_0_1_29062026122311.png?fit=1024%2C682&ssl=1","_links":{"self":[{"href":"https:\/\/guialimeira.com.br\/news\/wp-json\/wp\/v2\/posts\/70730","targetHints":{"allow":["GET"]}}],"collection":[{"href":"https:\/\/guialimeira.com.br\/news\/wp-json\/wp\/v2\/posts"}],"about":[{"href":"https:\/\/guialimeira.com.br\/news\/wp-json\/wp\/v2\/types\/post"}],"author":[{"embeddable":true,"href":"https:\/\/guialimeira.com.br\/news\/wp-json\/wp\/v2\/users\/1"}],"replies":[{"embeddable":true,"href":"https:\/\/guialimeira.com.br\/news\/wp-json\/wp\/v2\/comments?post=70730"}],"version-history":[{"count":0,"href":"https:\/\/guialimeira.com.br\/news\/wp-json\/wp\/v2\/posts\/70730\/revisions"}],"wp:featuredmedia":[{"embeddable":true,"href":"https:\/\/guialimeira.com.br\/news\/wp-json\/wp\/v2\/media\/70731"}],"wp:attachment":[{"href":"https:\/\/guialimeira.com.br\/news\/wp-json\/wp\/v2\/media?parent=70730"}],"wp:term":[{"taxonomy":"category","embeddable":true,"href":"https:\/\/guialimeira.com.br\/news\/wp-json\/wp\/v2\/categories?post=70730"},{"taxonomy":"post_tag","embeddable":true,"href":"https:\/\/guialimeira.com.br\/news\/wp-json\/wp\/v2\/tags?post=70730"}],"curies":[{"name":"wp","href":"https:\/\/api.w.org\/{rel}","templated":true}]}}