{"id":70704,"date":"2026-06-29T09:18:14","date_gmt":"2026-06-29T12:18:14","guid":{"rendered":"https:\/\/guialimeira.com.br\/prefeitura-de-limeira-capacita-profissionais-da-rede-municipal-para-promocao-da-igualdade-racial\/"},"modified":"2026-06-29T09:18:14","modified_gmt":"2026-06-29T12:18:14","slug":"prefeitura-de-limeira-capacita-profissionais-da-rede-municipal-para-promocao-da-igualdade-racial","status":"publish","type":"post","link":"https:\/\/guialimeira.com.br\/news\/prefeitura-de-limeira-capacita-profissionais-da-rede-municipal-para-promocao-da-igualdade-racial\/","title":{"rendered":"Prefeitura de Limeira capacita profissionais da rede municipal para promo\u00e7\u00e3o da igualdade racial"},"content":{"rendered":"<p> <br \/>\n<\/p>\n<div>\n                <main class=\"\">&#13;<br \/>\n                    &#13;<br \/>\n&#13;<br \/>\n&#13;<br \/>\n&#13;<br \/>\n&#13;<br \/>\n&#13;<br \/>\n    <img data-recalc-dims=\"1\" decoding=\"async\" src=\"https:\/\/i0.wp.com\/ecrie.com.br\/sistema\/conteudos\/imagem\/m_137_0_1_26062026171706.jpg?w=696&#038;ssl=1\" alt=\"Prefeitura de Limeira capacita profissionais da rede municipal para promo\u00e7\u00e3o da igualdade racial\"\/>&#13;<br \/>\n&#13;<br \/>\n&#13;<\/p>\n<p>A Prefeitura de Limeira promoveu na manh\u00e3 desta sexta-feira (26) uma forma\u00e7\u00e3o antirracista no Centro Comunit\u00e1rio do Cecap. A atividade reuniu profissionais do CRAS (Centro de Refer\u00eancia de Assist\u00eancia Social) e de outras \u00e1reas da rede municipal, com o objetivo de fortalecer o di\u00e1logo, ampliar conhecimentos e incentivar pr\u00e1ticas voltadas \u00e0 promo\u00e7\u00e3o da igualdade racial.<\/p>\n<p>&#13;<\/p>\n<p>\u00a0<\/p>\n<p>&#13;<\/p>\n<p>A forma\u00e7\u00e3o foi executada pela equipe do Departamento de Promo\u00e7\u00e3o da Igualdade Racial (DPIR), da Secretaria da Cultura, e contou com a participa\u00e7\u00e3o de 14 servidores p\u00fablicos municipais, entre eles a coordenadora do CRAS e do Centro Comunit\u00e1rio Cecap, Rosiane Massaro, al\u00e9m de representantes da Unidade B\u00e1sica de Sa\u00fade (UBS) Cecap, do Centro de Refer\u00eancia de Assist\u00eancia Social (CRAS) Cecap, do Centro Comunit\u00e1rio Cecap, do Cadastro \u00danico, da Escola Prof.\u00aa Cassiana Maria Soares Lenci, da Secretaria de Esporte, do Servi\u00e7o de Conviv\u00eancia e Fortalecimento de V\u00ednculos (SCFV) e do grupo da terceira idade do Centro Comunit\u00e1rio.<\/p>\n<p>&#13;<\/p>\n<p>\u00a0<\/p>\n<p>&#13;<\/p>\n<p>O prefeito Murilo F\u00e9lix destacou a import\u00e2ncia da forma\u00e7\u00e3o continuada dos servidores p\u00fablicos para a constru\u00e7\u00e3o de uma cidade mais justa e inclusiva. &#8220;O combate ao racismo precisa ser uma prioridade permanente do poder p\u00fablico. Investir na capacita\u00e7\u00e3o dos nossos profissionais \u00e9 fortalecer uma rede de atendimento mais humana, preparada e comprometida com a promo\u00e7\u00e3o da igualdade e do respeito \u00e0s diferen\u00e7as&#8221;, declarou.<\/p>\n<p>&#13;<\/p>\n<p>\u00a0<\/p>\n<p>&#13;<\/p>\n<p>J\u00e1 a diretora do DPIR, Ana Lu\u00edsa de Luca Hebling, destaca que a iniciativa reflete esfor\u00e7os de formar multiplicadores em todo o munic\u00edpio. &#8220;Esses encontros fortalecem as a\u00e7\u00f5es intersetoriais, que s\u00e3o fundamentais para a promo\u00e7\u00e3o da igualdade racial e fazem parte do compromisso do governo municipal&#8221;, afirmou.<\/p>\n<p>&#13;<\/p>\n<p>\u00a0<\/p>\n<p>&#13;<\/p>\n<p>A forma\u00e7\u00e3o integra as a\u00e7\u00f5es do DPIR voltadas ao enfrentamento ao racismo e ao fortalecimento da atua\u00e7\u00e3o conjunta entre os diferentes setores da administra\u00e7\u00e3o p\u00fablica e da rede de atendimento \u00e0 popula\u00e7\u00e3o. Cada encontro tem como objetivo ampliar o conhecimento sobre as diferentes manifesta\u00e7\u00f5es do racismo, apresentando aspectos hist\u00f3ricos e conceituais relacionados ao tema, incentivando a reflex\u00e3o sobre situa\u00e7\u00f5es do cotidiano e a ado\u00e7\u00e3o de pr\u00e1ticas antirracistas.<\/p>\n<p>&#13;<br \/>\n&#13;<br \/>\n&#13;<br \/>\n&#13;<\/p>\n<article class=\"conteudo-relacionado no-print\">&#13;<br \/>\n        &#13;<br \/>\n&#13;<br \/>\n        &#13;<br \/>\n    <\/article>\n<p>&#13;<br \/>\n&#13;<br \/>\n                <\/main><\/p><\/div>\n<p><br \/>\n<br \/><a href=\"https:\/\/limeira.sp.gov.br\/prefeitura-de-limeira-capacita-profissionais-da-rede-municipal-para-promocao-da-igualdade-racial\" rel=\"noopener\">Informa\u00e7\u00f5es da PML <\/a><\/p>\n","protected":false},"excerpt":{"rendered":"<p>&#13; &#13; &#13; &#13; &#13; &#13; &#13; &#13; &#13; &#13; A Prefeitura de Limeira promoveu na manh\u00e3 desta sexta-feira (26) uma forma\u00e7\u00e3o antirracista no Centro Comunit\u00e1rio do Cecap. A atividade reuniu profissionais do CRAS (Centro de Refer\u00eancia de Assist\u00eancia Social) e de outras \u00e1reas da rede municipal, com o objetivo de fortalecer o di\u00e1logo, ampliar [&hellip;]<\/p>\n","protected":false},"author":1,"featured_media":70705,"comment_status":"","ping_status":"open","sticky":false,"template":"","format":"standard","meta":{"_jetpack_newsletter_access":"","_jetpack_dont_email_post_to_subs":false,"_jetpack_newsletter_tier_id":0,"_jetpack_memberships_contains_paywalled_content":false,"_mbp_banners":[],"_jetpack_feature_clip_id":0,"_jetpack_memberships_contains_paid_content":false,"footnotes":"","jetpack_publicize_message":"","jetpack_publicize_feature_enabled":true,"jetpack_social_post_already_shared":true,"jetpack_social_options":{"image_generator_settings":{"template":"highway","default_image_id":0,"font":"","enabled":false},"version":2},"jetpack_post_was_ever_published":false},"categories":[16],"tags":[],"class_list":["post-70704","post","type-post","status-publish","format-standard","has-post-thumbnail","category-local"],"jetpack_publicize_connections":[],"jetpack-related-posts":[],"jetpack_shortlink":"https:\/\/wp.me\/p7Eq1F-ioo","jetpack_sharing_enabled":true,"jetpack_featured_media_url":"https:\/\/i0.wp.com\/guialimeira.com.br\/news\/wp-content\/uploads\/2026\/06\/m_137_0_1_26062026171706.jpg?fit=1024%2C576&ssl=1","_links":{"self":[{"href":"https:\/\/guialimeira.com.br\/news\/wp-json\/wp\/v2\/posts\/70704","targetHints":{"allow":["GET"]}}],"collection":[{"href":"https:\/\/guialimeira.com.br\/news\/wp-json\/wp\/v2\/posts"}],"about":[{"href":"https:\/\/guialimeira.com.br\/news\/wp-json\/wp\/v2\/types\/post"}],"author":[{"embeddable":true,"href":"https:\/\/guialimeira.com.br\/news\/wp-json\/wp\/v2\/users\/1"}],"replies":[{"embeddable":true,"href":"https:\/\/guialimeira.com.br\/news\/wp-json\/wp\/v2\/comments?post=70704"}],"version-history":[{"count":0,"href":"https:\/\/guialimeira.com.br\/news\/wp-json\/wp\/v2\/posts\/70704\/revisions"}],"wp:featuredmedia":[{"embeddable":true,"href":"https:\/\/guialimeira.com.br\/news\/wp-json\/wp\/v2\/media\/70705"}],"wp:attachment":[{"href":"https:\/\/guialimeira.com.br\/news\/wp-json\/wp\/v2\/media?parent=70704"}],"wp:term":[{"taxonomy":"category","embeddable":true,"href":"https:\/\/guialimeira.com.br\/news\/wp-json\/wp\/v2\/categories?post=70704"},{"taxonomy":"post_tag","embeddable":true,"href":"https:\/\/guialimeira.com.br\/news\/wp-json\/wp\/v2\/tags?post=70704"}],"curies":[{"name":"wp","href":"https:\/\/api.w.org\/{rel}","templated":true}]}}