{"id":70702,"date":"2026-06-29T09:13:02","date_gmt":"2026-06-29T12:13:02","guid":{"rendered":"https:\/\/guialimeira.com.br\/copa-na-praca-reune-torcida-para-brasil-x-japao-nesta-segunda-feira-29\/"},"modified":"2026-06-29T09:13:02","modified_gmt":"2026-06-29T12:13:02","slug":"copa-na-praca-reune-torcida-para-brasil-x-japao-nesta-segunda-feira-29","status":"publish","type":"post","link":"https:\/\/guialimeira.com.br\/news\/copa-na-praca-reune-torcida-para-brasil-x-japao-nesta-segunda-feira-29\/","title":{"rendered":"Copa na Pra\u00e7a re\u00fane torcida para Brasil x Jap\u00e3o nesta segunda-feira (29)"},"content":{"rendered":"<p> <br \/>\n<\/p>\n<div>\n                <main class=\"\">&#13;<br \/>\n                    &#13;<br \/>\n&#13;<br \/>\n&#13;<br \/>\n&#13;<br \/>\n&#13;<br \/>\n&#13;<br \/>\n    <img data-recalc-dims=\"1\" decoding=\"async\" src=\"https:\/\/i0.wp.com\/ecrie.com.br\/sistema\/conteudos\/imagem\/m_137_0_3_19062026142218.jpeg?w=696&#038;ssl=1\" alt=\"Copa na Pra\u00e7a re\u00fane torcida para Brasil x Jap\u00e3o nesta segunda-feira (29)\"\/>&#13;<br \/>\n&#13;<br \/>\n&#13;<\/p>\n<p style=\"text-align: justify;\">A Pra\u00e7a Toledo Barros recebe nesta segunda-feira (29) mais uma edi\u00e7\u00e3o da Copa na Pra\u00e7a. A partir das 13h, a Prefeitura de Limeira promove uma programa\u00e7\u00e3o especial para que as fam\u00edlias acompanhem, em tel\u00e3o instalado em frente \u00e0 Gruta da Paz, a partida entre Brasil e Jap\u00e3o, v\u00e1lida pela segunda fase da Copa do Mundo de 2026.<\/p>\n<p>&#13;<\/p>\n<p style=\"text-align: justify;\">Al\u00e9m de show Ao Vivo, o p\u00fablico poder\u00e1 aproveitar pra\u00e7a de alimenta\u00e7\u00e3o, espa\u00e7o com mesas e cadeiras, espa\u00e7o para troca de figurinhas do \u00e1lbum da Copa do Mundo e totens tem\u00e1ticos para fotos.<\/p>\n<p>&#13;<\/p>\n<p style=\"text-align: justify;\"><strong>Copa j\u00e1 reuniu mais de 6 mil torcedores na Toledo Barros<\/strong><\/p>\n<p>&#13;<\/p>\n<p style=\"text-align: justify;\">Sucesso de p\u00fablico, a Copa na Pra\u00e7a j\u00e1 reuniu mais de 6 mil pessoas nas tr\u00eas primeiras edi\u00e7\u00f5es, consolidando-se como um espa\u00e7o de lazer, conviv\u00eancia e incentivo \u00e0 ocupa\u00e7\u00e3o dos espa\u00e7os p\u00fablicos.<\/p>\n<p>&#13;<\/p>\n<p style=\"text-align: justify;\">O prefeito Murilo F\u00e9lix destacou que a iniciativa foi planejada para proporcionar uma experi\u00eancia completa aos torcedores. \u201cA Copa na Pra\u00e7a foi preparada para que as fam\u00edlias possam acompanhar os jogos da Sele\u00e7\u00e3o Brasileira com conforto, seguran\u00e7a e muita divers\u00e3o\u201d, afirmou.<\/p>\n<p>&#13;<\/p>\n<p style=\"text-align: justify;\"><strong>Seguran\u00e7a e estrutura<\/strong><\/p>\n<p>&#13;<\/p>\n<p style=\"text-align: justify;\">Para garantir o bem-estar dos participantes, equipes de seguran\u00e7a, fiscaliza\u00e7\u00e3o e limpeza atuar\u00e3o durante toda a programa\u00e7\u00e3o. O evento \u00e9 gratuito e aberto ao p\u00fablico.<\/p>\n<p>&#13;<\/p>\n<p style=\"text-align: justify;\">O secret\u00e1rio de Turismo e Eventos, Thiago Martins, ressaltou a estrutura preparada para receber o p\u00fablico. \u201cEstamos organizando todos os detalhes para receber novamente a popula\u00e7\u00e3o com uma estrutura de qualidade, atra\u00e7\u00f5es musicais e um ambiente pensado para que todos possam aproveitar a festa\u201d, disse.<\/p>\n<p>&#13;<\/p>\n<p style=\"text-align: justify;\">A Copa na Pra\u00e7a \u00e9 organizada pela Prefeitura de Limeira, por meio da Secretaria de Turismo e Eventos. A a\u00e7\u00e3o est\u00e1 alinhada ao ODS 11 (Cidades e Comunidades Sustent\u00e1veis) da Agenda 2030 da ONU, que incentiva a ocupa\u00e7\u00e3o qualificada, inclusiva e sustent\u00e1vel dos espa\u00e7os p\u00fablicos.<\/p>\n<p>&#13;<br \/>\n&#13;<br \/>\n&#13;<br \/>\n&#13;<\/p>\n<article class=\"conteudo-relacionado no-print\">&#13;<br \/>\n        &#13;<br \/>\n&#13;<br \/>\n        &#13;<br \/>\n    <\/article>\n<p>&#13;<br \/>\n&#13;<br \/>\n                <\/main><\/p><\/div>\n<p><br \/>\n<br \/><a href=\"https:\/\/limeira.sp.gov.br\/copa-na-praca-reune-torcida-para-brasil-x-japao-nesta-segunda-feira-29\" rel=\"noopener\">Informa\u00e7\u00f5es da PML <\/a><\/p>\n","protected":false},"excerpt":{"rendered":"<p>&#13; &#13; &#13; &#13; &#13; &#13; &#13; &#13; &#13; &#13; A Pra\u00e7a Toledo Barros recebe nesta segunda-feira (29) mais uma edi\u00e7\u00e3o da Copa na Pra\u00e7a. A partir das 13h, a Prefeitura de Limeira promove uma programa\u00e7\u00e3o especial para que as fam\u00edlias acompanhem, em tel\u00e3o instalado em frente \u00e0 Gruta da Paz, a partida entre Brasil [&hellip;]<\/p>\n","protected":false},"author":1,"featured_media":70703,"comment_status":"","ping_status":"open","sticky":false,"template":"","format":"standard","meta":{"_jetpack_newsletter_access":"","_jetpack_dont_email_post_to_subs":false,"_jetpack_newsletter_tier_id":0,"_jetpack_memberships_contains_paywalled_content":false,"_mbp_banners":[],"_jetpack_feature_clip_id":0,"_jetpack_memberships_contains_paid_content":false,"footnotes":"","jetpack_publicize_message":"","jetpack_publicize_feature_enabled":true,"jetpack_social_post_already_shared":true,"jetpack_social_options":{"image_generator_settings":{"template":"highway","default_image_id":0,"font":"","enabled":false},"version":2},"jetpack_post_was_ever_published":false},"categories":[16],"tags":[],"class_list":["post-70702","post","type-post","status-publish","format-standard","has-post-thumbnail","category-local"],"jetpack_publicize_connections":[],"jetpack-related-posts":[],"jetpack_shortlink":"https:\/\/wp.me\/p7Eq1F-iom","jetpack_sharing_enabled":true,"jetpack_featured_media_url":"https:\/\/i0.wp.com\/guialimeira.com.br\/news\/wp-content\/uploads\/2026\/06\/m_137_0_3_19062026142218.jpeg?fit=1024%2C576&ssl=1","_links":{"self":[{"href":"https:\/\/guialimeira.com.br\/news\/wp-json\/wp\/v2\/posts\/70702","targetHints":{"allow":["GET"]}}],"collection":[{"href":"https:\/\/guialimeira.com.br\/news\/wp-json\/wp\/v2\/posts"}],"about":[{"href":"https:\/\/guialimeira.com.br\/news\/wp-json\/wp\/v2\/types\/post"}],"author":[{"embeddable":true,"href":"https:\/\/guialimeira.com.br\/news\/wp-json\/wp\/v2\/users\/1"}],"replies":[{"embeddable":true,"href":"https:\/\/guialimeira.com.br\/news\/wp-json\/wp\/v2\/comments?post=70702"}],"version-history":[{"count":0,"href":"https:\/\/guialimeira.com.br\/news\/wp-json\/wp\/v2\/posts\/70702\/revisions"}],"wp:featuredmedia":[{"embeddable":true,"href":"https:\/\/guialimeira.com.br\/news\/wp-json\/wp\/v2\/media\/70703"}],"wp:attachment":[{"href":"https:\/\/guialimeira.com.br\/news\/wp-json\/wp\/v2\/media?parent=70702"}],"wp:term":[{"taxonomy":"category","embeddable":true,"href":"https:\/\/guialimeira.com.br\/news\/wp-json\/wp\/v2\/categories?post=70702"},{"taxonomy":"post_tag","embeddable":true,"href":"https:\/\/guialimeira.com.br\/news\/wp-json\/wp\/v2\/tags?post=70702"}],"curies":[{"name":"wp","href":"https:\/\/api.w.org\/{rel}","templated":true}]}}