{"id":7048,"date":"2024-05-30T12:21:51","date_gmt":"2024-05-30T15:21:51","guid":{"rendered":"https:\/\/guialimeira.com.br\/2024\/05\/30\/detran-sp-adere-ao-fala-sp-central-de-comunicacao-do-estado\/"},"modified":"2024-05-30T12:21:51","modified_gmt":"2024-05-30T15:21:51","slug":"detran-sp-adere-ao-fala-sp-central-de-comunicacao-do-estado","status":"publish","type":"post","link":"https:\/\/guialimeira.com.br\/news\/detran-sp-adere-ao-fala-sp-central-de-comunicacao-do-estado\/","title":{"rendered":"Detran-SP adere ao Fala SP, central de comunica\u00e7\u00e3o do Estado"},"content":{"rendered":"<p> <br \/>\n<\/p>\n<div id=\"\">&#13;<br \/>\n                                <!-- Title -->&#13;<br \/>\n                                &#13;<br \/>\n&#13;<br \/>\n                                <!-- Excerpt -->&#13;<\/p>\n<p class=\"excerpt\">Canal de comunica\u00e7\u00e3o unifica manifesta\u00e7\u00f5es de ouvidoria e pedidos de acesso \u00e0 informa\u00e7\u00e3o destinados aos \u00f3rg\u00e3os e entidades do Governo <\/p>\n<p>&#13;<br \/>\n&#13;<br \/>\n                                &#13;\n                            <\/p><\/div>\n<div id=\"\">&#13;<\/p>\n<figure id=\"attachment_5892872\" style=\"width: 100%;max-width: 1130px\" class=\"wp-caption alignnone\"><img data-recalc-dims=\"1\" decoding=\"async\" loading=\"lazy\" class=\"size-full wp-image-5892872\" src=\"https:\/\/i0.wp.com\/www.saopaulo.sp.gov.br\/wp-content\/uploads\/2024\/05\/FalaSP.jpeg?resize=696%2C443&#038;ssl=1\" alt=\"\" width=\"696\" height=\"443\" srcset=\"https:\/\/www.saopaulo.sp.gov.br\/wp-content\/uploads\/2024\/05\/FalaSP.jpeg 1130w, https:\/\/www.saopaulo.sp.gov.br\/wp-content\/uploads\/2024\/05\/FalaSP-300x191.jpeg 300w, https:\/\/www.saopaulo.sp.gov.br\/wp-content\/uploads\/2024\/05\/FalaSP-1024x652.jpeg 1024w, https:\/\/www.saopaulo.sp.gov.br\/wp-content\/uploads\/2024\/05\/FalaSP-768x489.jpeg 768w\" sizes=\"auto, (max-width: 1130px) 100vw, 1130px\"\/><figcaption class=\"wp-caption-text\">Interface do site<\/figcaption><\/figure>\n<p>A ouvidoria do Departamento Estadual de Tr\u00e2nsito de S\u00e3o Paulo (Detran-SP) tem novo endere\u00e7o digital. Den\u00fancias, reclama\u00e7\u00f5es, elogios e solicita\u00e7\u00e3o de dados devem ser feitos pelo<a href=\"https:\/\/fala.sp.gov.br\/\" rel=\"noopener\"> Fala SP<\/a>, canal de comunica\u00e7\u00e3o que unifica manifesta\u00e7\u00f5es de ouvidoria e pedidos de acesso \u00e0 informa\u00e7\u00e3o destinados aos \u00f3rg\u00e3os e entidades do Governo de S\u00e3o Paulo.<\/p>\n<p>Para acessar, basta digitar <a href=\"https:\/\/fala.sp.gov.br\/\" target=\"_blank\" rel=\"noopener noreferrer\">fala.sp.gov.br<\/a> e escolher o tipo de mensagem que deseja enviar, como elogio, sugest\u00e3o ou den\u00fancia. Na sequ\u00eancia, \u00e9 preciso indicar a qual \u00f3rg\u00e3o ela se destina.<\/p>\n<p>O acesso ao Fala SP requer uma conta .gov.br, selo ouro ou prata. O n\u00edvel b\u00e1sico, bronze, n\u00e3o \u00e9 aceito. A conta .gov \u00e9 gratuita, e a cor indica apenas seu grau de seguran\u00e7a e confiabilidade. O selo prata, por exemplo, com uma blindagem maior que o bronze, exige cadastro biom\u00e9trico facial ou dados banc\u00e1rios. O n\u00edvel ouro pede biometria facial validada pela Justi\u00e7a Eleitoral ou certificado digital compat\u00edvel com a Infraestrutura de Chaves P\u00fablicas Brasileira (ICP-Brasil).<\/p>\n<p>\u201cCom o Fala SP, o cidad\u00e3o passa a ter um servi\u00e7o mais completo de ouvidoria. Al\u00e9m de fazer sua solicita\u00e7\u00e3o, seja den\u00fancia ou reclama\u00e7\u00e3o, \u00e9 poss\u00edvel acompanhar o andamento da demanda a partir de um n\u00famero de protocolo gerado pelo portal\u201d, diz Yara Marques, ouvidora do Detran-SP.<\/p>\n<p>Yara lembra que todas as den\u00fancias de suspeita de irregularidade devem ser feitas \u00e0 ouvidoria. No caso das reclama\u00e7\u00f5es, o canal funciona como uma segunda inst\u00e2ncia: se o usu\u00e1rio leva um assunto ao Servi\u00e7o de Atendimento ao Cidad\u00e3o (Sac) e considera a resposta insatisfat\u00f3ria, pode recorrer \u00e0 ouvidoria.<\/p>\n<figure id=\"attachment_5893460\" style=\"width: 100%;max-width: 638px\" class=\"wp-caption alignnone\"><img data-recalc-dims=\"1\" decoding=\"async\" loading=\"lazy\" class=\"wp-image-5893460 size-full\" src=\"https:\/\/i0.wp.com\/www.saopaulo.sp.gov.br\/wp-content\/uploads\/2024\/05\/FalaSP2-1.jpeg?resize=638%2C425&#038;ssl=1\" alt=\"Fala SP\" width=\"638\" height=\"425\" srcset=\"https:\/\/www.saopaulo.sp.gov.br\/wp-content\/uploads\/2024\/05\/FalaSP2-1.jpeg 638w, https:\/\/www.saopaulo.sp.gov.br\/wp-content\/uploads\/2024\/05\/FalaSP2-1-300x200.jpeg 300w\" sizes=\"auto, (max-width: 638px) 100vw, 638px\"\/><figcaption class=\"wp-caption-text\">Detran se une ao Fala SP<\/figcaption><\/figure>\n<p>Hoje, segundo a ouvidora, todos os dias o Detran-SP recebe entre 20 e 30 den\u00fancias, e de 150 a 300 reclama\u00e7\u00f5es. Por m\u00eas, a m\u00e9dia gira entre 600 e 900 den\u00fancias, e de 4.500 a 9.000 reclama\u00e7\u00f5es.<\/p>\n<p>A via digital \u00e9 uma possibilidade a mais. O atendimento presencial da ouvidoria segue ativo na sede do Detran-SP, \u00e0 Rua Boa Vista, 221, centro da capital, de segunda a sexta-feira, das 9h \u00e0s 16h.<\/p>\n<p>No ar desde 6 de maio, o <a href=\"https:\/\/fala.sp.gov.br\/\" rel=\"noopener\">Fala SP<\/a> segue os preceitos do<a href=\"http:\/\/www.sap.sp.gov.br\/download_files\/pdf_files\/decretos\/Decreto%20n.%2068.156,%20de%2009.12.2023.pdf\" rel=\"noopener\"> Decreto n\u00b0 68.156, 9 de dezembro de 2023<\/a>, do Governo do Estado de S\u00e3o Paulo, que regulamenta os procedimentos para a participa\u00e7\u00e3o, a prote\u00e7\u00e3o e a defesa dos direitos do usu\u00e1rio de servi\u00e7os p\u00fablicos da administra\u00e7\u00e3o paulista.<\/p>\n<h3>Sobre o Detran-SP<\/h3>\n<p>O Detran-SP trabalha incessantemente para prevenir sinistros e preservar vidas, com a meta de organizar um tr\u00e2nsito mais seguro e harmonioso entre todos os modais. O \u00f3rg\u00e3o segue comprometido em oferecer servi\u00e7os de excel\u00eancia aos cidad\u00e3os, baseados em valores como respeito, integridade, seguran\u00e7a e efici\u00eancia.<\/p>\n<p>Atualmente, est\u00e1 implementando a transforma\u00e7\u00e3o digital para melhorar a qualidade de vida dos paulistas, facilitando o acesso aos servi\u00e7os p\u00fablicos. Cerca de 93% dos atendimentos realizados nas unidades do Detran-SP integradas ao Poupatempo s\u00e3o feitos de forma digital.<\/p>\n<p>Como o maior \u00f3rg\u00e3o executivo de tr\u00e2nsito do pa\u00eds, o Departamento de Tr\u00e2nsito Paulista \u00e9 respons\u00e1vel por 28% da frota brasileira, com mais de 34 milh\u00f5es de ve\u00edculos registrados e mais de 25 milh\u00f5es de motoristas habilitados em todo o estado. Mensalmente, emite aproximadamente 400 mil Carteiras Nacionais de Habilita\u00e7\u00e3o (CNHs) e 1,2 milh\u00e3o de Certificados de Registro e Licenciamento Veicular (CRLVs). Em m\u00e9dia, s\u00e3o emitidos mais de 136 mil documentos por dia.<\/p>\n<p>Siga o canal \u201cGoverno de S\u00e3o Paulo\u201d no WhatsApp:<br \/><a href=\"https:\/\/bit.ly\/govspnozap\" target=\"_blank\" rel=\"noopener noreferrer\">https:\/\/bit.ly\/govspnozap<\/a><\/p>\n<\/p><\/div>\n<p><br \/>\n<br \/><a href=\"https:\/\/www.saopaulo.sp.gov.br\/spnoticias\/ultimas-noticias\/detran-sp-adere-ao-fala-sp-central-de-comunicacao-do-estado\/\" rel=\"noopener\">Informa\u00e7\u00f5es GOV.SP<\/a><\/p>\n","protected":false},"excerpt":{"rendered":"<p>&#13; &#13; &#13; &#13; &#13; Canal de comunica\u00e7\u00e3o unifica manifesta\u00e7\u00f5es de ouvidoria e pedidos de acesso \u00e0 informa\u00e7\u00e3o destinados aos \u00f3rg\u00e3os e entidades do Governo &#13; &#13; &#13; &#13; Interface do site A ouvidoria do Departamento Estadual de Tr\u00e2nsito de S\u00e3o Paulo (Detran-SP) tem novo endere\u00e7o digital. Den\u00fancias, reclama\u00e7\u00f5es, elogios e solicita\u00e7\u00e3o de dados devem [&hellip;]<\/p>\n","protected":false},"author":1,"featured_media":7049,"comment_status":"open","ping_status":"open","sticky":false,"template":"","format":"standard","meta":{"_jetpack_newsletter_access":"","_jetpack_dont_email_post_to_subs":false,"_jetpack_newsletter_tier_id":0,"_jetpack_memberships_contains_paywalled_content":false,"_mbp_banners":[],"_jetpack_feature_clip_id":0,"_jetpack_memberships_contains_paid_content":false,"footnotes":"","jetpack_publicize_message":"","jetpack_publicize_feature_enabled":true,"jetpack_social_post_already_shared":true,"jetpack_social_options":{"image_generator_settings":{"template":"highway","default_image_id":0,"font":"","enabled":false},"version":2},"jetpack_post_was_ever_published":false},"categories":[21],"tags":[],"class_list":["post-7048","post","type-post","status-publish","format-standard","has-post-thumbnail","category-sp-news"],"jetpack_publicize_connections":[],"jetpack-related-posts":[],"jetpack_shortlink":"https:\/\/wp.me\/p7Eq1F-1PG","jetpack_sharing_enabled":true,"jetpack_featured_media_url":"https:\/\/i0.wp.com\/guialimeira.com.br\/news\/wp-content\/uploads\/2024\/05\/Detran-SP-adere-ao-Fala-SP-central-de-comunicacao-do-Estado.jpeg?fit=1130%2C720&ssl=1","_links":{"self":[{"href":"https:\/\/guialimeira.com.br\/news\/wp-json\/wp\/v2\/posts\/7048","targetHints":{"allow":["GET"]}}],"collection":[{"href":"https:\/\/guialimeira.com.br\/news\/wp-json\/wp\/v2\/posts"}],"about":[{"href":"https:\/\/guialimeira.com.br\/news\/wp-json\/wp\/v2\/types\/post"}],"author":[{"embeddable":true,"href":"https:\/\/guialimeira.com.br\/news\/wp-json\/wp\/v2\/users\/1"}],"replies":[{"embeddable":true,"href":"https:\/\/guialimeira.com.br\/news\/wp-json\/wp\/v2\/comments?post=7048"}],"version-history":[{"count":0,"href":"https:\/\/guialimeira.com.br\/news\/wp-json\/wp\/v2\/posts\/7048\/revisions"}],"wp:featuredmedia":[{"embeddable":true,"href":"https:\/\/guialimeira.com.br\/news\/wp-json\/wp\/v2\/media\/7049"}],"wp:attachment":[{"href":"https:\/\/guialimeira.com.br\/news\/wp-json\/wp\/v2\/media?parent=7048"}],"wp:term":[{"taxonomy":"category","embeddable":true,"href":"https:\/\/guialimeira.com.br\/news\/wp-json\/wp\/v2\/categories?post=7048"},{"taxonomy":"post_tag","embeddable":true,"href":"https:\/\/guialimeira.com.br\/news\/wp-json\/wp\/v2\/tags?post=7048"}],"curies":[{"name":"wp","href":"https:\/\/api.w.org\/{rel}","templated":true}]}}