{"id":70455,"date":"2026-06-26T15:43:07","date_gmt":"2026-06-26T18:43:07","guid":{"rendered":"https:\/\/guialimeira.com.br\/apae-limeira-celebra-60-anos-de-historia-com-cerimonia-marcada-por-emocao\/"},"modified":"2026-06-26T15:43:07","modified_gmt":"2026-06-26T18:43:07","slug":"apae-limeira-celebra-60-anos-de-historia-com-cerimonia-marcada-por-emocao","status":"publish","type":"post","link":"https:\/\/guialimeira.com.br\/news\/apae-limeira-celebra-60-anos-de-historia-com-cerimonia-marcada-por-emocao\/","title":{"rendered":"APAE Limeira celebra 60 anos de hist\u00f3ria com cerim\u00f4nia marcada por emo\u00e7\u00e3o"},"content":{"rendered":"<p> <br \/>\n<\/p>\n<div data-id=\"626ab9d\" data-element_type=\"widget\" data-e-type=\"widget\" data-widget_type=\"theme-post-content.default\">\n<p class=\"wp-block-paragraph\">A APAE Limeira promoveu uma cerim\u00f4nia, nesta sexta-feira, 26 de junho, para celebrar os 60 anos de hist\u00f3ria. O evento, marcado pela emo\u00e7\u00e3o e pelo reconhecimento ao trabalho desenvolvido ao longo de seis d\u00e9cadas, reuniu autoridades, parceiros, colaboradores, atendidos da institui\u00e7\u00e3o e familiares.<\/p>\n<p class=\"wp-block-paragraph\">Um dos momentos mais emocionantes da celebra\u00e7\u00e3o foi o depoimento de Elisa Ciarroqui Silveira, uma das fundadoras da APAE Limeira, que relembrou a trajet\u00f3ria da institui\u00e7\u00e3o. \u201cCoragem, f\u00e9 e amor nos moveram sempre. No in\u00edcio n\u00f3s enfrentamos dificuldades, mas \u00e9 preciso dizer que Limeira \u00e9 muito aberta para doa\u00e7\u00f5es, para o bem. E o bem \u00e9 o que move a APAE Limeira h\u00e1 60 anos. Essa casa, antes de tudo, oferece amor\u201d, disse a fundadora.<\/p>\n<p class=\"wp-block-paragraph\">O presidente da C\u00e2mara Municipal de Limeira, Everton Ferreira, destacou o impacto social da entidade. \u201cA APAE, ao longo dos 60 anos, tem feito um trabalho com muita maestria. Assim como Jesus, que diminu\u00eda a dor das pessoas, a entidade tamb\u00e9m faz este trabalho\u201d.<\/p>\n<p class=\"wp-block-paragraph\">O deputado federal Miguel Lombardi, que tamb\u00e9m participou da celebra\u00e7\u00e3o, parabenizou a institui\u00e7\u00e3o pela trajet\u00f3ria constru\u00edda ao longo das \u00faltimas seis d\u00e9cadas e reafirmou seu compromisso de continuar apoiando a APAE por meio de seu trabalho em Bras\u00edlia. \u201cEu sou um grande apoiador das entidades e a APAE faz um trabalho digno de aplausos\u201d, destacou.<\/p>\n<p class=\"wp-block-paragraph\">Em um discurso marcado pela emo\u00e7\u00e3o, o presidente da APAE Limeira, F\u00falvio Drago, ressaltou que o trabalho desenvolvido pela institui\u00e7\u00e3o \u00e9 movido pelo amor ao pr\u00f3ximo. \u201cO amor sempre ser\u00e1 a for\u00e7a que move a nossa institui\u00e7\u00e3o. \u00c9 ele que nos impulsiona a acolher, cuidar e transformar vidas todos os dias\u201d, afirmou. Na ocasi\u00e3o, ele tamb\u00e9m apresentou oficialmente o Selo APAE Sa\u00fade, iniciativa que refor\u00e7a o compromisso da entidade com a excel\u00eancia e a qualidade dos servi\u00e7os prestados e que ser\u00e1 lan\u00e7ada no segundo semestre.<\/p>\n<p class=\"wp-block-paragraph\">Representando o prefeito de Limeira, o secret\u00e1rio municipal de Esporte e Lazer, Dimas Peruza, prestigiou a cerim\u00f4nia e destacou a relev\u00e2ncia da entidade para o munic\u00edpio.<\/p>\n<p class=\"wp-block-paragraph\">Outro destaque da programa\u00e7\u00e3o foi a participa\u00e7\u00e3o do gerente regional do Sebrae-SP, F\u00e1bio Gerlach, que falou sobre a parceria desenvolvida com a APAE em um projeto voltado ao empreendedorismo para m\u00e3es at\u00edpicas, promovendo gera\u00e7\u00e3o de renda, autonomia e fortalecimento familiar.<\/p>\n<p class=\"wp-block-paragraph\"><strong>Mo\u00e7\u00e3o de Aplausos reconhece a trajet\u00f3ria da institui\u00e7\u00e3o<\/strong><\/p>\n<p class=\"wp-block-paragraph\">Durante a solenidade, a APAE Limeira recebeu uma Mo\u00e7\u00e3o de Aplausos em reconhecimento aos seus 60 anos de servi\u00e7os prestados \u00e0 comunidade. A homenagem foi proposta pela vereadora Mariana Calsa, que n\u00e3o p\u00f4de comparecer ao evento e foi representada pelo vereador Felipe Penedo, respons\u00e1vel pela entrega da honraria.<\/p>\n<p class=\"wp-block-paragraph\">A celebra\u00e7\u00e3o contou ainda com a exibi\u00e7\u00e3o de v\u00eddeos que relembraram momentos marcantes da hist\u00f3ria da institui\u00e7\u00e3o e emocionaram o p\u00fablico presente. O encerramento ficou por conta da Banda Marcial da APAE Limeira, que conduziu o tradicional \u201cParab\u00e9ns\u201d, simbolizando a uni\u00e3o e a continuidade de uma hist\u00f3ria constru\u00edda com dedica\u00e7\u00e3o e amor em prol da inclus\u00e3o das pessoas com defici\u00eancia.<\/p>\n<\/div>\n<p><br \/>\n<br \/><a href=\"https:\/\/dinamuscomunicacao.com.br\/apae-limeira-celebra-60-anos-de-historia-com-cerimonia-marcada-por-emocao\/\" rel=\"noopener\"> Informa\u00e7\u00f5es: D\u00ednamus Comunica\u00e7\u00e3o <\/a><\/p>\n","protected":false},"excerpt":{"rendered":"<p>A APAE Limeira promoveu uma cerim\u00f4nia, nesta sexta-feira, 26 de junho, para celebrar os 60 anos de hist\u00f3ria. O evento, marcado pela emo\u00e7\u00e3o e pelo reconhecimento ao trabalho desenvolvido ao longo de seis d\u00e9cadas, reuniu autoridades, parceiros, colaboradores, atendidos da institui\u00e7\u00e3o e familiares. Um dos momentos mais emocionantes da celebra\u00e7\u00e3o foi o depoimento de Elisa [&hellip;]<\/p>\n","protected":false},"author":1,"featured_media":70456,"comment_status":"","ping_status":"open","sticky":false,"template":"","format":"standard","meta":{"_jetpack_newsletter_access":"","_jetpack_dont_email_post_to_subs":false,"_jetpack_newsletter_tier_id":0,"_jetpack_memberships_contains_paywalled_content":false,"_mbp_banners":[],"_jetpack_feature_clip_id":0,"_jetpack_memberships_contains_paid_content":false,"footnotes":"","jetpack_publicize_message":"","jetpack_publicize_feature_enabled":true,"jetpack_social_post_already_shared":true,"jetpack_social_options":{"image_generator_settings":{"template":"highway","default_image_id":0,"font":"","enabled":false},"version":2},"jetpack_post_was_ever_published":false},"categories":[16],"tags":[],"class_list":["post-70455","post","type-post","status-publish","format-standard","has-post-thumbnail","category-local"],"jetpack_publicize_connections":[],"jetpack-related-posts":[],"jetpack_shortlink":"https:\/\/wp.me\/p7Eq1F-ikn","jetpack_sharing_enabled":true,"jetpack_featured_media_url":"https:\/\/i0.wp.com\/guialimeira.com.br\/news\/wp-content\/uploads\/2026\/06\/WhatsApp-Image-2026-06-26-at-14.39.10.jpeg?fit=1506%2C1045&ssl=1","_links":{"self":[{"href":"https:\/\/guialimeira.com.br\/news\/wp-json\/wp\/v2\/posts\/70455","targetHints":{"allow":["GET"]}}],"collection":[{"href":"https:\/\/guialimeira.com.br\/news\/wp-json\/wp\/v2\/posts"}],"about":[{"href":"https:\/\/guialimeira.com.br\/news\/wp-json\/wp\/v2\/types\/post"}],"author":[{"embeddable":true,"href":"https:\/\/guialimeira.com.br\/news\/wp-json\/wp\/v2\/users\/1"}],"replies":[{"embeddable":true,"href":"https:\/\/guialimeira.com.br\/news\/wp-json\/wp\/v2\/comments?post=70455"}],"version-history":[{"count":0,"href":"https:\/\/guialimeira.com.br\/news\/wp-json\/wp\/v2\/posts\/70455\/revisions"}],"wp:featuredmedia":[{"embeddable":true,"href":"https:\/\/guialimeira.com.br\/news\/wp-json\/wp\/v2\/media\/70456"}],"wp:attachment":[{"href":"https:\/\/guialimeira.com.br\/news\/wp-json\/wp\/v2\/media?parent=70455"}],"wp:term":[{"taxonomy":"category","embeddable":true,"href":"https:\/\/guialimeira.com.br\/news\/wp-json\/wp\/v2\/categories?post=70455"},{"taxonomy":"post_tag","embeddable":true,"href":"https:\/\/guialimeira.com.br\/news\/wp-json\/wp\/v2\/tags?post=70455"}],"curies":[{"name":"wp","href":"https:\/\/api.w.org\/{rel}","templated":true}]}}