{"id":70442,"date":"2026-06-26T14:35:12","date_gmt":"2026-06-26T17:35:12","guid":{"rendered":"https:\/\/guialimeira.com.br\/regiao-do-jardim-aeroporto-recebe-operacao-so-cacareco-na-proxima-semana\/"},"modified":"2026-06-26T14:35:12","modified_gmt":"2026-06-26T17:35:12","slug":"regiao-do-jardim-aeroporto-recebe-operacao-so-cacareco-na-proxima-semana","status":"publish","type":"post","link":"https:\/\/guialimeira.com.br\/news\/regiao-do-jardim-aeroporto-recebe-operacao-so-cacareco-na-proxima-semana\/","title":{"rendered":"Regi\u00e3o do Jardim Aeroporto recebe Opera\u00e7\u00e3o S\u00f3 Cacareco na pr\u00f3xima semana"},"content":{"rendered":"<p> <br \/>\n<br \/><img data-recalc-dims=\"1\" decoding=\"async\" src=\"https:\/\/i0.wp.com\/ecrie.com.br\/sistema\/conteudos\/imagem\/m_137_0_1_08052026113246.jpeg?w=696&#038;ssl=1\" \/><\/p>\n<p style=\"text-align: justify\">A Prefeitura de Limeira realiza entre os dias 29 de junho e 3 de julho mais uma Opera&ccedil;&atilde;o S&oacute; Cacareco, que atender&aacute; bairros da regi&atilde;o do Jardim Aeroporto. A iniciativa tem como objetivo recolher materiais inserv&iacute;veis descartados pelos moradores, contribuindo para a elimina&ccedil;&atilde;o de poss&iacute;veis criadouros do Aedes aegypti, mosquito transmissor da dengue.<\/p>\n<p style=\"text-align: justify\">A opera&ccedil;&atilde;o ser&aacute; realizada nos bairros Residencial Palmeira Real (Royal Palm), Residencial Santa Clara, Residencial Interlagos, Residencial Rubi, Residencial Nobre Ville, Residencial S&atilde;o Miguel e Jardim Aeroporto.<\/p>\n<p style=\"text-align: justify\">A Secretaria de Obras e Servi&ccedil;os P&uacute;blicos orienta que os moradores coloquem os materiais para descarte na cal&ccedil;ada na v&eacute;spera da coleta, facilitando o trabalho das equipes. Podem ser descartados m&oacute;veis velhos, colch&otilde;es, sof&aacute;s e outros objetos sem utilidade. Em caso de chuva intensa, o cronograma poder&aacute; sofrer altera&ccedil;&otilde;es.<\/p>\n<p style=\"text-align: justify\">A a&ccedil;&atilde;o est&aacute; alinhada ao Objetivo de Desenvolvimento Sustent&aacute;vel (ODS) 3 &ndash; Sa&uacute;de e Bem-Estar, ao contribuir para a preven&ccedil;&atilde;o da dengue e a promo&ccedil;&atilde;o da sa&uacute;de p&uacute;blica, e tamb&eacute;m &agrave; ODS 11 &ndash; Cidades e Comunidades Sustent&aacute;veis, ao incentivar o descarte adequado de materiais e a conserva&ccedil;&atilde;o dos espa&ccedil;os urbanos.<\/p>\n<p>&nbsp;<\/p>\n<p style=\"text-align: justify\"><strong>Confira o cronograma:<\/strong><\/p>\n<p style=\"text-align: justify\">Dia 29 (segunda-feira): Residencial Palmeira Real (Royal Palm)<br \/>Dia 30 (ter&ccedil;a-feira): Residencial Santa Clara e Residencial Interlagos<br \/>Dia 1&ordm;(quarta-feira): Residencial Rubi e Residencial Nobre Ville<br \/>Dia 2 (quinta-feira): Residencial S&atilde;o Miguel e Jardim Aeroporto (parte de baixo)<br \/>Dia 3 (sexta-feira): Jardim Aeroporto (parte de cima)<\/p>\n<p><br \/>\n<br \/><a href=\"https:\/\/limeira.sp.gov.br\/regiao-do-jardim-aeroporto-recebe-operacao-so-cacareco-na-proxima-semana\" rel=\"noopener\">Informa\u00e7\u00f5es da PML <\/a><\/p>\n","protected":false},"excerpt":{"rendered":"<p>A Prefeitura de Limeira realiza entre os dias 29 de junho e 3 de julho mais uma Opera&ccedil;&atilde;o S&oacute; Cacareco, que atender&aacute; bairros da regi&atilde;o do Jardim Aeroporto. A iniciativa tem como objetivo recolher materiais inserv&iacute;veis descartados pelos moradores, contribuindo para a elimina&ccedil;&atilde;o de poss&iacute;veis criadouros do Aedes aegypti, mosquito transmissor da dengue. A opera&ccedil;&atilde;o [&hellip;]<\/p>\n","protected":false},"author":1,"featured_media":64762,"comment_status":"","ping_status":"open","sticky":false,"template":"","format":"standard","meta":{"_jetpack_newsletter_access":"","_jetpack_dont_email_post_to_subs":false,"_jetpack_newsletter_tier_id":0,"_jetpack_memberships_contains_paywalled_content":false,"_mbp_banners":[],"_jetpack_feature_clip_id":0,"_jetpack_memberships_contains_paid_content":false,"footnotes":"","jetpack_publicize_message":"","jetpack_publicize_feature_enabled":true,"jetpack_social_post_already_shared":true,"jetpack_social_options":{"image_generator_settings":{"template":"highway","default_image_id":0,"font":"","enabled":false},"version":2},"jetpack_post_was_ever_published":false},"categories":[16],"tags":[],"class_list":["post-70442","post","type-post","status-publish","format-standard","has-post-thumbnail","category-local"],"jetpack_publicize_connections":[],"jetpack-related-posts":[],"jetpack_shortlink":"https:\/\/wp.me\/p7Eq1F-ika","jetpack_sharing_enabled":true,"jetpack_featured_media_url":"https:\/\/i0.wp.com\/guialimeira.com.br\/news\/wp-content\/uploads\/2026\/05\/m_137_0_1_08052026113246.jpeg?fit=896%2C508&ssl=1","_links":{"self":[{"href":"https:\/\/guialimeira.com.br\/news\/wp-json\/wp\/v2\/posts\/70442","targetHints":{"allow":["GET"]}}],"collection":[{"href":"https:\/\/guialimeira.com.br\/news\/wp-json\/wp\/v2\/posts"}],"about":[{"href":"https:\/\/guialimeira.com.br\/news\/wp-json\/wp\/v2\/types\/post"}],"author":[{"embeddable":true,"href":"https:\/\/guialimeira.com.br\/news\/wp-json\/wp\/v2\/users\/1"}],"replies":[{"embeddable":true,"href":"https:\/\/guialimeira.com.br\/news\/wp-json\/wp\/v2\/comments?post=70442"}],"version-history":[{"count":0,"href":"https:\/\/guialimeira.com.br\/news\/wp-json\/wp\/v2\/posts\/70442\/revisions"}],"wp:featuredmedia":[{"embeddable":true,"href":"https:\/\/guialimeira.com.br\/news\/wp-json\/wp\/v2\/media\/64762"}],"wp:attachment":[{"href":"https:\/\/guialimeira.com.br\/news\/wp-json\/wp\/v2\/media?parent=70442"}],"wp:term":[{"taxonomy":"category","embeddable":true,"href":"https:\/\/guialimeira.com.br\/news\/wp-json\/wp\/v2\/categories?post=70442"},{"taxonomy":"post_tag","embeddable":true,"href":"https:\/\/guialimeira.com.br\/news\/wp-json\/wp\/v2\/tags?post=70442"}],"curies":[{"name":"wp","href":"https:\/\/api.w.org\/{rel}","templated":true}]}}