{"id":70433,"date":"2026-06-26T14:00:54","date_gmt":"2026-06-26T17:00:54","guid":{"rendered":"https:\/\/guialimeira.com.br\/mutirao-de-poda-de-arvores-encostadas-na-rede-eletrica-comeca-na-proxima-semana-em-limeira\/"},"modified":"2026-06-26T14:00:54","modified_gmt":"2026-06-26T17:00:54","slug":"mutirao-de-poda-de-arvores-encostadas-na-rede-eletrica-comeca-na-proxima-semana-em-limeira","status":"publish","type":"post","link":"https:\/\/guialimeira.com.br\/news\/mutirao-de-poda-de-arvores-encostadas-na-rede-eletrica-comeca-na-proxima-semana-em-limeira\/","title":{"rendered":"Mutir\u00e3o de poda de \u00e1rvores encostadas na rede el\u00e9trica come\u00e7a na pr\u00f3xima semana em Limeira"},"content":{"rendered":"<p> <br \/>\n<\/p>\n<div>\n                <main class=\"\">&#13;<br \/>\n                    &#13;<br \/>\n&#13;<br \/>\n&#13;<br \/>\n&#13;<br \/>\n&#13;<br \/>\n&#13;<br \/>\n    <img data-recalc-dims=\"1\" decoding=\"async\" src=\"https:\/\/i0.wp.com\/ecrie.com.br\/sistema\/conteudos\/imagem\/m_137_0_1_26062026135800.jpg?w=696&#038;ssl=1\" alt=\"Mutir\u00e3o de poda de \u00e1rvores encostadas na rede el\u00e9trica come\u00e7a na pr\u00f3xima semana em Limeira\"\/>&#13;<br \/>\n&#13;<br \/>\n&#13;<\/p>\n<p>\u00a0<\/p>\n<p>&#13;<\/p>\n<p style=\"text-align: justify;\">A Prefeitura de Limeira e a Neoenergia Elektro realizam, entre os dias 29 de junho e 3 de julho, o primeiro mutir\u00e3o de poda de \u00e1rvores em conflito com a rede el\u00e9trica. A a\u00e7\u00e3o integra a parceria firmada entre o munic\u00edpio e a concession\u00e1ria para ampliar a seguran\u00e7a, melhorar a qualidade do fornecimento de energia e reduzir riscos causados pela vegeta\u00e7\u00e3o pr\u00f3xima \u00e0 fia\u00e7\u00e3o.<\/p>\n<p>&#13;<\/p>\n<p style=\"text-align: justify;\">O prefeito Murilo F\u00e9lix ressaltou que a a\u00e7\u00e3o faz parte de uma estrat\u00e9gia permanente de atendimento \u00e0s demandas relacionadas \u00e0 arboriza\u00e7\u00e3o urbana em \u00e1reas de risco. \u201cEstamos iniciando um trabalho que ser\u00e1 realizado de forma peri\u00f3dica, para atender os pontos mais cr\u00edticos do munic\u00edpio. Essa atua\u00e7\u00e3o conjunta permite mais agilidade na solu\u00e7\u00e3o dos problemas e refor\u00e7a o cuidado com a seguran\u00e7a da popula\u00e7\u00e3o e com a infraestrutura da cidade\u201d, afirmou.<\/p>\n<p>&#13;<\/p>\n<p style=\"text-align: justify;\">As equipes de poda estar\u00e3o nas ruas sempre a partir das 8h e ter\u00e3o apoio da Secretaria de Obras e Servi\u00e7os P\u00fablicos, respons\u00e1vel pela remo\u00e7\u00e3o dos galhos e res\u00edduos gerados durante os servi\u00e7os, al\u00e9m do suporte necess\u00e1rio para a organiza\u00e7\u00e3o do tr\u00e2nsito nos locais atendidos.<\/p>\n<p>&#13;<\/p>\n<p style=\"text-align: justify;\">O cronograma prev\u00ea interven\u00e7\u00f5es em diferentes pontos da cidade. Na segunda-feira (29), os servi\u00e7os ser\u00e3o executados na Avenida Campinas, com in\u00edcio em frente ao Rino Atacarejo, sentido Via Jurandyr Paix\u00e3o. Na ter\u00e7a-feira (30), na Avenida M\u00e1rio de Souza Queiroz, a partir da rotat\u00f3ria da Avenida Laranjeiras, em dire\u00e7\u00e3o \u00e0 Avenida Araras.<\/p>\n<p>&#13;<\/p>\n<p style=\"text-align: justify;\">J\u00e1 nos dias 1\u00ba e 2 de julho, quarta e quinta-feira, respectivamente, os trabalhos ocorrer\u00e3o na Rua Felipe Burger, em frente ao Condom\u00ednio M\u00e1rio de Souza Queiroz, no sentido da Avenida Araras. E na sexta-feira (3), no Anel Vi\u00e1rio, pr\u00f3ximo ao 36\u00b0 Batalh\u00e3o da PM.<\/p>\n<p>&#13;<\/p>\n<p style=\"text-align: justify;\">Al\u00e9m das a\u00e7\u00f5es programadas, duas equipes da Neoenergia Elektro atuar\u00e3o simultaneamente em pontos previamente mapeados pela Prefeitura, que j\u00e1 contam com autoriza\u00e7\u00e3o de interven\u00e7\u00e3o, com base em laudo t\u00e9cnico para remo\u00e7\u00e3o de \u00e1rvores.<\/p>\n<p>&#13;<\/p>\n<p style=\"text-align: justify;\">Recentemente, a Prefeitura tamb\u00e9m criou uma categoria espec\u00edfica no e-Ouve 156 para solicita\u00e7\u00f5es de poda e rebaixamento de \u00e1rvores em conflito com a rede el\u00e9trica. Os pedidos podem ser registrados pelo site, aplicativo ou telefone 156, permitindo o encaminhamento direto das demandas \u00e0 Neoenergia Elektro quando houver necessidade de atua\u00e7\u00e3o junto \u00e0 rede energizada.<\/p>\n<p>&#13;<\/p>\n<p style=\"text-align: justify;\">\u00a0<\/p>\n<p>&#13;<br \/>\n&#13;<br \/>\n&#13;<br \/>\n&#13;<\/p>\n<article class=\"conteudo-relacionado no-print\">&#13;<br \/>\n        &#13;<br \/>\n&#13;<br \/>\n        &#13;<br \/>\n    <\/article>\n<p>&#13;<br \/>\n&#13;<br \/>\n                <\/main><\/p><\/div>\n<p><br \/>\n<br \/><a href=\"https:\/\/limeira.sp.gov.br\/mutirao-de-poda-de-arvores-encostadas-na-rede-eletrica-comeca-na-proxima-semana-em-limeira\" rel=\"noopener\">Informa\u00e7\u00f5es da PML <\/a><\/p>\n","protected":false},"excerpt":{"rendered":"<p>&#13; &#13; &#13; &#13; &#13; &#13; &#13; &#13; &#13; &#13; \u00a0 &#13; A Prefeitura de Limeira e a Neoenergia Elektro realizam, entre os dias 29 de junho e 3 de julho, o primeiro mutir\u00e3o de poda de \u00e1rvores em conflito com a rede el\u00e9trica. A a\u00e7\u00e3o integra a parceria firmada entre o munic\u00edpio e a [&hellip;]<\/p>\n","protected":false},"author":1,"featured_media":70434,"comment_status":"","ping_status":"open","sticky":false,"template":"","format":"standard","meta":{"_jetpack_newsletter_access":"","_jetpack_dont_email_post_to_subs":false,"_jetpack_newsletter_tier_id":0,"_jetpack_memberships_contains_paywalled_content":false,"_mbp_banners":[],"_jetpack_feature_clip_id":0,"_jetpack_memberships_contains_paid_content":false,"footnotes":"","jetpack_publicize_message":"","jetpack_publicize_feature_enabled":true,"jetpack_social_post_already_shared":true,"jetpack_social_options":{"image_generator_settings":{"template":"highway","default_image_id":0,"font":"","enabled":false},"version":2},"jetpack_post_was_ever_published":false},"categories":[16],"tags":[],"class_list":["post-70433","post","type-post","status-publish","format-standard","has-post-thumbnail","category-local"],"jetpack_publicize_connections":[],"jetpack-related-posts":[],"jetpack_shortlink":"https:\/\/wp.me\/p7Eq1F-ik1","jetpack_sharing_enabled":true,"jetpack_featured_media_url":"https:\/\/i0.wp.com\/guialimeira.com.br\/news\/wp-content\/uploads\/2026\/06\/m_137_0_1_26062026135800.jpg?fit=1024%2C576&ssl=1","_links":{"self":[{"href":"https:\/\/guialimeira.com.br\/news\/wp-json\/wp\/v2\/posts\/70433","targetHints":{"allow":["GET"]}}],"collection":[{"href":"https:\/\/guialimeira.com.br\/news\/wp-json\/wp\/v2\/posts"}],"about":[{"href":"https:\/\/guialimeira.com.br\/news\/wp-json\/wp\/v2\/types\/post"}],"author":[{"embeddable":true,"href":"https:\/\/guialimeira.com.br\/news\/wp-json\/wp\/v2\/users\/1"}],"replies":[{"embeddable":true,"href":"https:\/\/guialimeira.com.br\/news\/wp-json\/wp\/v2\/comments?post=70433"}],"version-history":[{"count":0,"href":"https:\/\/guialimeira.com.br\/news\/wp-json\/wp\/v2\/posts\/70433\/revisions"}],"wp:featuredmedia":[{"embeddable":true,"href":"https:\/\/guialimeira.com.br\/news\/wp-json\/wp\/v2\/media\/70434"}],"wp:attachment":[{"href":"https:\/\/guialimeira.com.br\/news\/wp-json\/wp\/v2\/media?parent=70433"}],"wp:term":[{"taxonomy":"category","embeddable":true,"href":"https:\/\/guialimeira.com.br\/news\/wp-json\/wp\/v2\/categories?post=70433"},{"taxonomy":"post_tag","embeddable":true,"href":"https:\/\/guialimeira.com.br\/news\/wp-json\/wp\/v2\/tags?post=70433"}],"curies":[{"name":"wp","href":"https:\/\/api.w.org\/{rel}","templated":true}]}}