{"id":70431,"date":"2026-06-26T13:55:54","date_gmt":"2026-06-26T16:55:54","guid":{"rendered":"https:\/\/guialimeira.com.br\/ibge-abre-inscricoes-para-processo-seletivo-com-vagas-em-limeira-para-o-12o-censo-agropecuario\/"},"modified":"2026-06-26T13:55:54","modified_gmt":"2026-06-26T16:55:54","slug":"ibge-abre-inscricoes-para-processo-seletivo-com-vagas-em-limeira-para-o-12o-censo-agropecuario","status":"publish","type":"post","link":"https:\/\/guialimeira.com.br\/news\/ibge-abre-inscricoes-para-processo-seletivo-com-vagas-em-limeira-para-o-12o-censo-agropecuario\/","title":{"rendered":"IBGE abre inscri\u00e7\u00f5es para processo seletivo com vagas em Limeira para o 12\u00ba Censo Agropecu\u00e1rio"},"content":{"rendered":"<p> <br \/>\n<\/p>\n<div>\n                <main class=\"\">&#13;<br \/>\n                    &#13;<br \/>\n&#13;<br \/>\n&#13;<br \/>\n&#13;<br \/>\n&#13;<br \/>\n&#13;<br \/>\n    <img data-recalc-dims=\"1\" decoding=\"async\" src=\"https:\/\/i0.wp.com\/ecrie.com.br\/sistema\/conteudos\/imagem\/m_137_0_1_26062026135406.png?w=696&#038;ssl=1\" alt=\"IBGE abre inscri\u00e7\u00f5es para processo seletivo com vagas em Limeira para o 12\u00ba Censo Agropecu\u00e1rio\"\/>&#13;<br \/>\n&#13;<br \/>\n&#13;<\/p>\n<p style=\"text-align: justify;\">\u00a0<\/p>\n<p>&#13;<\/p>\n<p style=\"text-align: justify;\">As inscri\u00e7\u00f5es para o processo seletivo nacional do Instituto Brasileiro de Geografia e Estat\u00edstica (IBGE), destinado ao 12\u00ba Censo Agropecu\u00e1rio, Florestal e Aqu\u00edcola (CAFA), est\u00e3o abertas at\u00e9 o dia 1\u00ba de julho. Os interessados devem se inscrever exclusivamente pela internet, por meio do site da banca organizadora IBFC (<a href=\"http:\/\/www.ibfc.org.br\/\" rel=\"noopener\">www.ibfc.org.br<\/a>).<\/p>\n<p>&#13;<\/p>\n<p style=\"text-align: justify;\">O certame oferece vagas para atua\u00e7\u00e3o em Limeira, onde funcionar\u00e1 um dos postos de coleta do levantamento. Al\u00e9m da remunera\u00e7\u00e3o, todos os profissionais contratados ter\u00e3o direito a aux\u00edlio-alimenta\u00e7\u00e3o no valor de R$ 1.192.<\/p>\n<p>&#13;<\/p>\n<p style=\"text-align: justify;\">As oportunidades dispon\u00edveis para Limeira s\u00e3o:<\/p>\n<p>&#13;<\/p>\n<ul style=\"text-align: justify;\">&#13;<\/p>\n<li>&#13;\n<p>Agente Operacional Regional (AOR): 1 vaga, com remunera\u00e7\u00e3o de R$ 4.008;<\/p>\n<p>&#13;\n<\/li>\n<p>&#13;<\/p>\n<li>&#13;\n<p>Agente Censit\u00e1rio Regional (ACR): 1 vaga, com remunera\u00e7\u00e3o de R$ 3.858;<\/p>\n<p>&#13;\n<\/li>\n<p>&#13;<\/p>\n<li>&#13;\n<p>Agente Censit\u00e1rio Supervisor (ACS): 12 vagas, sendo oito para ampla concorr\u00eancia, tr\u00eas destinadas a pessoas pretas e pardas (PPP) e uma para pessoa com defici\u00eancia (PCD), com remunera\u00e7\u00e3o de R$ 3.480;<\/p>\n<p>&#13;\n<\/li>\n<p>&#13;<\/p>\n<li>&#13;\n<p>Agente Censit\u00e1rio de Inform\u00e1tica (ACI): 1 vaga, com remunera\u00e7\u00e3o de R$ 2.128;<\/p>\n<p>&#13;\n<\/li>\n<p>&#13;<\/p>\n<li>&#13;\n<p>Agente Censit\u00e1rio Administrativo (ACA): 1 vaga, com remunera\u00e7\u00e3o de R$ 2.128.<\/p>\n<p>&#13;\n<\/li>\n<p>&#13;\n<\/ul>\n<p>&#13;<\/p>\n<p style=\"text-align: justify;\">Para todos os cargos \u00e9 exigido Ensino M\u00e9dio completo. J\u00e1 para as fun\u00e7\u00f5es de Agente Operacional Regional, Agente Censit\u00e1rio Regional e Agente Censit\u00e1rio Supervisor tamb\u00e9m \u00e9 obrigat\u00f3ria Carteira Nacional de Habilita\u00e7\u00e3o (CNH) v\u00e1lida, no m\u00ednimo na categoria B.<\/p>\n<p>&#13;<\/p>\n<p style=\"text-align: justify;\">Os profissionais contratados para Limeira atuar\u00e3o no Posto de Coleta do munic\u00edpio e realizar\u00e3o atividades em toda a \u00e1rea de abrang\u00eancia da unidade, que inclui os munic\u00edpios de Americana, Araras, Artur Nogueira, Campinas, Cordeir\u00f3polis, Cosm\u00f3polis, Engenheiro Coelho, Hortol\u00e2ndia, Iracem\u00e1polis, Limeira, Monte Mor, Nova Odessa, Paul\u00ednia, Santa B\u00e1rbara d&#8217;Oeste e Sumar\u00e9.<\/p>\n<p>&#13;<\/p>\n<p style=\"text-align: justify;\">De acordo com o cronograma do processo seletivo, as convoca\u00e7\u00f5es est\u00e3o previstas para dezembro de 2026, com contrata\u00e7\u00f5es a partir de janeiro de 2027, em conformidade com a legisla\u00e7\u00e3o e o calend\u00e1rio eleitoral.<\/p>\n<p>&#13;<\/p>\n<p style=\"text-align: justify;\">\u00a0<\/p>\n<p>&#13;<br \/>\n&#13;<br \/>\n&#13;<br \/>\n&#13;<\/p>\n<article class=\"conteudo-relacionado no-print\">&#13;<br \/>\n        &#13;<br \/>\n&#13;<br \/>\n        &#13;<br \/>\n    <\/article>\n<p>&#13;<br \/>\n&#13;<br \/>\n                <\/main><\/p><\/div>\n<p><br \/>\n<br \/><a href=\"https:\/\/limeira.sp.gov.br\/ibge-abre-inscricoes-para-processo-seletivo-com-vagas-em-limeira-para-o-12-censo-agropecuario\" rel=\"noopener\">Informa\u00e7\u00f5es da PML <\/a><\/p>\n","protected":false},"excerpt":{"rendered":"<p>&#13; &#13; &#13; &#13; &#13; &#13; &#13; &#13; &#13; &#13; \u00a0 &#13; As inscri\u00e7\u00f5es para o processo seletivo nacional do Instituto Brasileiro de Geografia e Estat\u00edstica (IBGE), destinado ao 12\u00ba Censo Agropecu\u00e1rio, Florestal e Aqu\u00edcola (CAFA), est\u00e3o abertas at\u00e9 o dia 1\u00ba de julho. Os interessados devem se inscrever exclusivamente pela internet, por meio do [&hellip;]<\/p>\n","protected":false},"author":1,"featured_media":70432,"comment_status":"","ping_status":"open","sticky":false,"template":"","format":"standard","meta":{"_jetpack_newsletter_access":"","_jetpack_dont_email_post_to_subs":false,"_jetpack_newsletter_tier_id":0,"_jetpack_memberships_contains_paywalled_content":false,"_mbp_banners":[],"_jetpack_feature_clip_id":0,"_jetpack_memberships_contains_paid_content":false,"footnotes":"","jetpack_publicize_message":"","jetpack_publicize_feature_enabled":true,"jetpack_social_post_already_shared":true,"jetpack_social_options":{"image_generator_settings":{"template":"highway","default_image_id":0,"font":"","enabled":false},"version":2},"jetpack_post_was_ever_published":false},"categories":[16],"tags":[],"class_list":["post-70431","post","type-post","status-publish","format-standard","has-post-thumbnail","category-local"],"jetpack_publicize_connections":[],"jetpack-related-posts":[],"jetpack_shortlink":"https:\/\/wp.me\/p7Eq1F-ijZ","jetpack_sharing_enabled":true,"jetpack_featured_media_url":"https:\/\/i0.wp.com\/guialimeira.com.br\/news\/wp-content\/uploads\/2026\/06\/m_137_0_1_26062026135406.png?fit=1024%2C563&ssl=1","_links":{"self":[{"href":"https:\/\/guialimeira.com.br\/news\/wp-json\/wp\/v2\/posts\/70431","targetHints":{"allow":["GET"]}}],"collection":[{"href":"https:\/\/guialimeira.com.br\/news\/wp-json\/wp\/v2\/posts"}],"about":[{"href":"https:\/\/guialimeira.com.br\/news\/wp-json\/wp\/v2\/types\/post"}],"author":[{"embeddable":true,"href":"https:\/\/guialimeira.com.br\/news\/wp-json\/wp\/v2\/users\/1"}],"replies":[{"embeddable":true,"href":"https:\/\/guialimeira.com.br\/news\/wp-json\/wp\/v2\/comments?post=70431"}],"version-history":[{"count":0,"href":"https:\/\/guialimeira.com.br\/news\/wp-json\/wp\/v2\/posts\/70431\/revisions"}],"wp:featuredmedia":[{"embeddable":true,"href":"https:\/\/guialimeira.com.br\/news\/wp-json\/wp\/v2\/media\/70432"}],"wp:attachment":[{"href":"https:\/\/guialimeira.com.br\/news\/wp-json\/wp\/v2\/media?parent=70431"}],"wp:term":[{"taxonomy":"category","embeddable":true,"href":"https:\/\/guialimeira.com.br\/news\/wp-json\/wp\/v2\/categories?post=70431"},{"taxonomy":"post_tag","embeddable":true,"href":"https:\/\/guialimeira.com.br\/news\/wp-json\/wp\/v2\/tags?post=70431"}],"curies":[{"name":"wp","href":"https:\/\/api.w.org\/{rel}","templated":true}]}}