{"id":70415,"date":"2026-06-26T11:40:14","date_gmt":"2026-06-26T14:40:14","guid":{"rendered":"https:\/\/guialimeira.com.br\/paulistao-atacadista-e-inaugurado-em-limeira-com-mais-de-220-vagas-de-trabalho\/"},"modified":"2026-06-26T11:40:14","modified_gmt":"2026-06-26T14:40:14","slug":"paulistao-atacadista-e-inaugurado-em-limeira-com-mais-de-220-vagas-de-trabalho","status":"publish","type":"post","link":"https:\/\/guialimeira.com.br\/news\/paulistao-atacadista-e-inaugurado-em-limeira-com-mais-de-220-vagas-de-trabalho\/","title":{"rendered":"Paulist\u00e3o Atacadista \u00e9 inaugurado em Limeira com mais de 220 vagas de trabalho"},"content":{"rendered":"<p> <br \/>\n<\/p>\n<div id=\"\">&#13;<br \/>\n                    &#13;<br \/>\n&#13;<br \/>\n&#13;<br \/>\n&#13;<br \/>\n&#13;<br \/>\n&#13;<br \/>\n    <img data-recalc-dims=\"1\" decoding=\"async\" src=\"https:\/\/i0.wp.com\/ecrie.com.br\/sistema\/conteudos\/imagem\/m_137_0_1_26062026113632.jpg?w=696&#038;ssl=1\" alt=\"Paulist\u00e3o Atacadista \u00e9 inaugurado em Limeira com mais de 220 vagas de trabalho\"\/>&#13;<br \/>\n&#13;<br \/>\n&#13;<\/p>\n<p style=\"text-align: justify;\">O prefeito Murilo F\u00e9lix participou na quinta-feira (25) da inaugura\u00e7\u00e3o do Paulist\u00e3o Atacadista em Limeira. O empreendimento, administrado pelo Grupo Savegnago, recebeu investimento de R$ 65,7 milh\u00f5es, gerando mais de 220 empregos diretos. A implanta\u00e7\u00e3o da unidade \u00e9 resultado de uma parceria entre a Prefeitura de Limeira e o Grupo Savegnago, que envolveu a concess\u00e3o de incentivos fiscais ao empreendimento, condicionados \u00e0 gera\u00e7\u00e3o de empregos, conforme o C\u00f3digo Municipal de Programas de Incentivos Fiscais, institu\u00eddo pela Lei Complementar 983\/2025, de autoria do prefeito Murilo F\u00e9lix.<\/p>\n<p>&#13;<\/p>\n<p style=\"text-align: justify;\">Como parte do processo de desburocratiza\u00e7\u00e3o para a opera\u00e7\u00e3o da empresa, a administra\u00e7\u00e3o municipal realizou ainda um mutir\u00e3o t\u00e9cnico para an\u00e1lise e agiliza\u00e7\u00e3o da documenta\u00e7\u00e3o necess\u00e1ria \u00e0 aprova\u00e7\u00e3o do projeto.<\/p>\n<p>&#13;<\/p>\n<p style=\"text-align: justify;\">\u201cRecebemos com satisfa\u00e7\u00e3o investimentos que criam novos postos de trabalho, movimentam a economia e ampliam as op\u00e7\u00f5es de compras para a popula\u00e7\u00e3o. A inaugura\u00e7\u00e3o do Paulist\u00e3o Atacadista demonstra a confian\u00e7a do setor privado em Limeira e fortalece o ambiente favor\u00e1vel ao desenvolvimento do munic\u00edpio\u201d, afirmou o prefeito Murilo F\u00e9lix.<\/p>\n<p>&#13;<\/p>\n<p style=\"text-align: justify;\">Durante a cerim\u00f4nia, o prefeito conheceu as instala\u00e7\u00f5es da nova loja e acompanhou a apresenta\u00e7\u00e3o da estrutura do empreendimento, que est\u00e1 localizado na Via Luiz Varga. Tamb\u00e9m estiveram presentes a primeira-dama, Luciana F\u00e9lix, e o ex-prefeito Silvio F\u00e9lix.<\/p>\n<p>&#13;<\/p>\n<p style=\"text-align: justify;\">A inaugura\u00e7\u00e3o reuniu representantes do Grupo Savegnago, entre eles o presidente-executivo, Chalim Savegnago; o presidente do Conselho, Toninho Savegnago; o vice-presidente Comercial e Log\u00edstico, Jos\u00e9 Sarrassini; o diretor executivo de Opera\u00e7\u00f5es, Carlos Trov\u00e3o; o diretor de Marketing e Trade Marketing, Murilo Savegnago; e o diretor do Paulist\u00e3o Atacadista, Rodolfo Savegnago.<\/p>\n<p>&#13;<\/p>\n<p style=\"text-align: justify;\">Estrutura<\/p>\n<p>&#13;<\/p>\n<p style=\"text-align: justify;\">A nova unidade conta com aproximadamente oito mil metros quadrados de \u00e1rea constru\u00edda, dos quais 3.500 metros quadrados s\u00e3o destinados \u00e0 \u00e1rea de vendas. O espa\u00e7o oferece setores como padaria, hortifruti, a\u00e7ougue, bebidas, mercearia, limpeza, bazar, frios e congelados, al\u00e9m de estacionamento com 185 vagas para carros e 42 para motos.<\/p>\n<p>&#13;<\/p>\n<p style=\"text-align: justify;\">Com a abertura da unidade de Limeira, o Paulist\u00e3o Atacadista passa a contar com 11 lojas em opera\u00e7\u00e3o no interior paulista. Fundado em 1976, o Grupo Savegnago est\u00e1 presente em 23 munic\u00edpios do estado e emprega mais de 14 mil trabalhadores<\/p>\n<p>&#13;<br \/>\n&#13;<br \/>\n&#13;<br \/>\n&#13;<\/p>\n<article class=\"conteudo-relacionado no-print\">&#13;<br \/>\n        &#13;<br \/>\n&#13;<br \/>\n        &#13;<br \/>\n    <\/article>\n<p>&#13;<br \/>\n&#13;\n                <\/p><\/div>\n<p><br \/>\n<br \/><a href=\"https:\/\/limeira.sp.gov.br\/paulistao-atacadista-e-inaugurado-em-limeira-com-mais-de-220-vagas-de-trabalho\" rel=\"noopener\">Informa\u00e7\u00f5es da PML <\/a><\/p>\n","protected":false},"excerpt":{"rendered":"<p>&#13; &#13; &#13; &#13; &#13; &#13; &#13; &#13; &#13; &#13; O prefeito Murilo F\u00e9lix participou na quinta-feira (25) da inaugura\u00e7\u00e3o do Paulist\u00e3o Atacadista em Limeira. O empreendimento, administrado pelo Grupo Savegnago, recebeu investimento de R$ 65,7 milh\u00f5es, gerando mais de 220 empregos diretos. A implanta\u00e7\u00e3o da unidade \u00e9 resultado de uma parceria entre a Prefeitura [&hellip;]<\/p>\n","protected":false},"author":1,"featured_media":70416,"comment_status":"","ping_status":"open","sticky":false,"template":"","format":"standard","meta":{"_jetpack_newsletter_access":"","_jetpack_dont_email_post_to_subs":false,"_jetpack_newsletter_tier_id":0,"_jetpack_memberships_contains_paywalled_content":false,"_mbp_banners":[],"_jetpack_feature_clip_id":0,"_jetpack_memberships_contains_paid_content":false,"footnotes":"","jetpack_publicize_message":"","jetpack_publicize_feature_enabled":true,"jetpack_social_post_already_shared":true,"jetpack_social_options":{"image_generator_settings":{"template":"highway","default_image_id":0,"font":"","enabled":false},"version":2},"jetpack_post_was_ever_published":false},"categories":[16],"tags":[],"class_list":["post-70415","post","type-post","status-publish","format-standard","has-post-thumbnail","category-local"],"jetpack_publicize_connections":[],"jetpack-related-posts":[],"jetpack_shortlink":"https:\/\/wp.me\/p7Eq1F-ijJ","jetpack_sharing_enabled":true,"jetpack_featured_media_url":"https:\/\/i0.wp.com\/guialimeira.com.br\/news\/wp-content\/uploads\/2026\/06\/m_137_0_1_26062026113632.jpg?fit=1024%2C682&ssl=1","_links":{"self":[{"href":"https:\/\/guialimeira.com.br\/news\/wp-json\/wp\/v2\/posts\/70415","targetHints":{"allow":["GET"]}}],"collection":[{"href":"https:\/\/guialimeira.com.br\/news\/wp-json\/wp\/v2\/posts"}],"about":[{"href":"https:\/\/guialimeira.com.br\/news\/wp-json\/wp\/v2\/types\/post"}],"author":[{"embeddable":true,"href":"https:\/\/guialimeira.com.br\/news\/wp-json\/wp\/v2\/users\/1"}],"replies":[{"embeddable":true,"href":"https:\/\/guialimeira.com.br\/news\/wp-json\/wp\/v2\/comments?post=70415"}],"version-history":[{"count":0,"href":"https:\/\/guialimeira.com.br\/news\/wp-json\/wp\/v2\/posts\/70415\/revisions"}],"wp:featuredmedia":[{"embeddable":true,"href":"https:\/\/guialimeira.com.br\/news\/wp-json\/wp\/v2\/media\/70416"}],"wp:attachment":[{"href":"https:\/\/guialimeira.com.br\/news\/wp-json\/wp\/v2\/media?parent=70415"}],"wp:term":[{"taxonomy":"category","embeddable":true,"href":"https:\/\/guialimeira.com.br\/news\/wp-json\/wp\/v2\/categories?post=70415"},{"taxonomy":"post_tag","embeddable":true,"href":"https:\/\/guialimeira.com.br\/news\/wp-json\/wp\/v2\/tags?post=70415"}],"curies":[{"name":"wp","href":"https:\/\/api.w.org\/{rel}","templated":true}]}}