{"id":70411,"date":"2026-06-26T11:01:16","date_gmt":"2026-06-26T14:01:16","guid":{"rendered":"https:\/\/guialimeira.com.br\/limeira-promove-feira-de-adocao-de-caes-e-gatos-neste-sabado-27-no-parque-cidade\/"},"modified":"2026-06-26T11:01:16","modified_gmt":"2026-06-26T14:01:16","slug":"limeira-promove-feira-de-adocao-de-caes-e-gatos-neste-sabado-27-no-parque-cidade","status":"publish","type":"post","link":"https:\/\/guialimeira.com.br\/news\/limeira-promove-feira-de-adocao-de-caes-e-gatos-neste-sabado-27-no-parque-cidade\/","title":{"rendered":"Limeira promove Feira de Ado\u00e7\u00e3o de c\u00e3es e gatos neste s\u00e1bado (27) no Parque Cidade"},"content":{"rendered":"<p> <br \/>\n<\/p>\n<div id=\"\">&#13;<br \/>\n                    &#13;<br \/>\n&#13;<br \/>\n&#13;<br \/>\n&#13;<\/p>\n<header class=\"list-header\">&#13;<br \/>\n    &#13;<br \/>\n&#13;<\/p>\n<nav class=\"breadcrumbs__container no-print\">&#13;<br \/>\n    <a class=\"breadcrumbs__item\" href=\"https:\/\/limeira.sp.gov.br\/\" rel=\"noopener\">In\u00edcio<\/a>&#13;<br \/>\n&#13;<br \/>\n&#13;<br \/>\n&#13;<br \/>\n<\/nav>\n<p>&#13;<br \/>\n&#13;<br \/>\n    &#13;<br \/>\n&#13;<\/p>\n<p class=\"page-description\">&#13;<br \/>\n            Evento acontece das 9h \u00e0s 12h e ter\u00e1 animais resgatados para ado\u00e7\u00e3o respons\u00e1vel&#13;\n        <\/p>\n<p>&#13;<br \/>\n&#13;<br \/>\n    &#13;<br \/>\n<\/header>\n<p>&#13;<br \/>\n&#13;<br \/>\n    <img data-recalc-dims=\"1\" decoding=\"async\" src=\"https:\/\/i0.wp.com\/ecrie.com.br\/sistema\/conteudos\/imagem\/m_137_0_1_26062026105826.jpeg?w=696&#038;ssl=1\" alt=\"Limeira promove Feira de Ado\u00e7\u00e3o de c\u00e3es e gatos neste s\u00e1bado (27) no Parque Cidade\"\/>&#13;<br \/>\n&#13;<br \/>\n&#13;<\/p>\n<p style=\"text-align: justify;\">Quem deseja adotar um pet ter\u00e1 a oportunidade de encontrar um novo companheiro neste s\u00e1bado (27), durante a Feira de Ado\u00e7\u00e3o de c\u00e3es e gatos promovida pela Prefeitura de Limeira. A a\u00e7\u00e3o ser\u00e1 realizada das 9h \u00e0s 12h, na \u00e1rea do palco do Parque Cidade.<\/p>\n<p>&#13;<\/p>\n<p style=\"text-align: justify;\">&#8220;Al\u00e9m de oferecer um lar para um animal resgatado, a ado\u00e7\u00e3o contribui para reduzir o abandono e promover o bem-estar animal&#8221;, refor\u00e7a a secret\u00e1ria de Prote\u00e7\u00e3o Animal, Juliana Kopczynski.<\/p>\n<p>&#13;<\/p>\n<p style=\"text-align: justify;\">Os animais dispon\u00edveis s\u00e3o c\u00e3es e gatos resgatados que vivem sob os cuidados do Departamento de Prote\u00e7\u00e3o e Bem-Estar Animal. Todos receberam os atendimentos necess\u00e1rios e aguardam uma fam\u00edlia para um novo lar por meio da ado\u00e7\u00e3o respons\u00e1vel.<\/p>\n<p>&#13;<\/p>\n<p style=\"text-align: justify;\">Como adotar<\/p>\n<p>&#13;<\/p>\n<p style=\"text-align: justify;\">Para participar, o interessado deve ter mais de 18 anos e apresentar documento pessoal com foto e comprovante de endere\u00e7o. Quem optar pela ado\u00e7\u00e3o de um gato deve levar caixa de transporte. No caso dos c\u00e3es, \u00e9 obrigat\u00f3rio o uso de guia e coleira durante o transporte.<\/p>\n<p>&#13;<\/p>\n<p style=\"text-align: justify;\">A a\u00e7\u00e3o \u00e9 promovida pela Secretaria de Prote\u00e7\u00e3o Animal e est\u00e1 alinhada \u00e0 ODS 11 \u2013 Cidades e Comunidades Sustent\u00e1veis, da ONU, ao incentivar pr\u00e1ticas de ado\u00e7\u00e3o respons\u00e1vel e contribuir para uma cidade mais inclusiva e sustent\u00e1vel.<\/p>\n<p>&#13;<br \/>\n&#13;<br \/>\n&#13;<br \/>\n&#13;<\/p>\n<article class=\"conteudo-relacionado no-print\">&#13;<\/p>\n<header class=\"list-header\">&#13;<\/p>\n<h4>Conte\u00fados Relacionados<\/h4>\n<p>&#13;<br \/>\n        <\/header>\n<p>&#13;<br \/>\n&#13;<br \/>\n        &#13;<br \/>\n    <\/article>\n<p>&#13;<br \/>\n&#13;\n                <\/p><\/div>\n<p><br \/>\n<br \/><a href=\"https:\/\/limeira.sp.gov.br\/limeira-promove-feira-de-adocao-de-caes-e-gatos-neste-sabado-27-no-parque-cidade\" rel=\"noopener\">Informa\u00e7\u00f5es da PML <\/a><\/p>\n","protected":false},"excerpt":{"rendered":"<p>&#13; &#13; &#13; &#13; &#13; &#13; &#13; &#13; &#13; In\u00edcio&#13; &#13; &#13; &#13; &#13; &#13; &#13; &#13; &#13; Evento acontece das 9h \u00e0s 12h e ter\u00e1 animais resgatados para ado\u00e7\u00e3o respons\u00e1vel&#13; &#13; &#13; &#13; &#13; &#13; &#13; &#13; &#13; Quem deseja adotar um pet ter\u00e1 a oportunidade de encontrar um novo companheiro neste s\u00e1bado (27), [&hellip;]<\/p>\n","protected":false},"author":1,"featured_media":70412,"comment_status":"","ping_status":"open","sticky":false,"template":"","format":"standard","meta":{"_jetpack_newsletter_access":"","_jetpack_dont_email_post_to_subs":false,"_jetpack_newsletter_tier_id":0,"_jetpack_memberships_contains_paywalled_content":false,"_mbp_banners":[],"_jetpack_feature_clip_id":0,"_jetpack_memberships_contains_paid_content":false,"footnotes":"","jetpack_publicize_message":"","jetpack_publicize_feature_enabled":true,"jetpack_social_post_already_shared":true,"jetpack_social_options":{"image_generator_settings":{"template":"highway","default_image_id":0,"font":"","enabled":false},"version":2},"jetpack_post_was_ever_published":false},"categories":[16],"tags":[],"class_list":["post-70411","post","type-post","status-publish","format-standard","has-post-thumbnail","category-local"],"jetpack_publicize_connections":[],"jetpack-related-posts":[],"jetpack_shortlink":"https:\/\/wp.me\/p7Eq1F-ijF","jetpack_sharing_enabled":true,"jetpack_featured_media_url":"https:\/\/i0.wp.com\/guialimeira.com.br\/news\/wp-content\/uploads\/2026\/06\/m_137_0_1_26062026105826.jpeg?fit=1024%2C681&ssl=1","_links":{"self":[{"href":"https:\/\/guialimeira.com.br\/news\/wp-json\/wp\/v2\/posts\/70411","targetHints":{"allow":["GET"]}}],"collection":[{"href":"https:\/\/guialimeira.com.br\/news\/wp-json\/wp\/v2\/posts"}],"about":[{"href":"https:\/\/guialimeira.com.br\/news\/wp-json\/wp\/v2\/types\/post"}],"author":[{"embeddable":true,"href":"https:\/\/guialimeira.com.br\/news\/wp-json\/wp\/v2\/users\/1"}],"replies":[{"embeddable":true,"href":"https:\/\/guialimeira.com.br\/news\/wp-json\/wp\/v2\/comments?post=70411"}],"version-history":[{"count":0,"href":"https:\/\/guialimeira.com.br\/news\/wp-json\/wp\/v2\/posts\/70411\/revisions"}],"wp:featuredmedia":[{"embeddable":true,"href":"https:\/\/guialimeira.com.br\/news\/wp-json\/wp\/v2\/media\/70412"}],"wp:attachment":[{"href":"https:\/\/guialimeira.com.br\/news\/wp-json\/wp\/v2\/media?parent=70411"}],"wp:term":[{"taxonomy":"category","embeddable":true,"href":"https:\/\/guialimeira.com.br\/news\/wp-json\/wp\/v2\/categories?post=70411"},{"taxonomy":"post_tag","embeddable":true,"href":"https:\/\/guialimeira.com.br\/news\/wp-json\/wp\/v2\/tags?post=70411"}],"curies":[{"name":"wp","href":"https:\/\/api.w.org\/{rel}","templated":true}]}}