{"id":70409,"date":"2026-06-26T10:43:58","date_gmt":"2026-06-26T13:43:58","guid":{"rendered":"https:\/\/guialimeira.com.br\/neste-sabado-27-limeira-recebe-a-1a-edicao-do-bombeiros-na-praca\/"},"modified":"2026-06-26T10:43:58","modified_gmt":"2026-06-26T13:43:58","slug":"neste-sabado-27-limeira-recebe-a-1a-edicao-do-bombeiros-na-praca","status":"publish","type":"post","link":"https:\/\/guialimeira.com.br\/news\/neste-sabado-27-limeira-recebe-a-1a-edicao-do-bombeiros-na-praca\/","title":{"rendered":"Neste s\u00e1bado (27), Limeira recebe a 1\u00aa edi\u00e7\u00e3o do Bombeiros na Pra\u00e7a"},"content":{"rendered":"<p> <br \/>\n<\/p>\n<div>\n                <main class=\"\">&#13;<br \/>\n                    &#13;<br \/>\n&#13;<br \/>\n&#13;<br \/>\n&#13;<br \/>\n&#13;<br \/>\n&#13;<br \/>\n    <img data-recalc-dims=\"1\" decoding=\"async\" src=\"https:\/\/i0.wp.com\/ecrie.com.br\/sistema\/conteudos\/imagem\/m_137_0_1_26062026103952.jpeg?w=696&#038;ssl=1\" alt=\"Neste s\u00e1bado (27), Limeira recebe a 1\u00aa edi\u00e7\u00e3o do Bombeiros na Pra\u00e7a\"\/>&#13;<br \/>\n&#13;<br \/>\n&#13;<\/p>\n<p>Quem passar pela Pra\u00e7a Toledo Barros neste s\u00e1bado (27), das 9h \u00e0s 13h, poder\u00e1 conhecer de perto o trabalho realizado pelos profissionais que atuam diariamente no atendimento a emerg\u00eancias. A Prefeitura de Limeira, em parceria com o Corpo de Bombeiros, convida a popula\u00e7\u00e3o para a 1\u00aa edi\u00e7\u00e3o do Bombeiros na Pra\u00e7a, evento gratuito em comemora\u00e7\u00e3o ao Dia do Bombeiro, celebrado em 2 de julho.<\/p>\n<p>&#13;<\/p>\n<p>Durante a programa\u00e7\u00e3o, crian\u00e7as e adultos ter\u00e3o a oportunidade de visitar uma exposi\u00e7\u00e3o com cerca de 10 viaturas do Corpo de Bombeiros e conhecer tamb\u00e9m as ambul\u00e2ncias do Servi\u00e7o de Atendimento M\u00f3vel de Urg\u00eancia (SAMU), que participar\u00e3o do evento. O evento contar\u00e1 ainda com exposi\u00e7\u00f5es de equipamentos operacionais, uniformes e tecnologias utilizadas em ocorr\u00eancias de resgate, salvamento e combate a inc\u00eandios.<\/p>\n<p>&#13;<\/p>\n<p>Outro destaque da programa\u00e7\u00e3o ser\u00e1 a Casa do Bombeiro Educador, espa\u00e7o interativo voltado \u00e0 conscientiza\u00e7\u00e3o sobre preven\u00e7\u00e3o de inc\u00eandios, primeiros socorros e atitudes corretas em situa\u00e7\u00f5es de emerg\u00eancia. A manh\u00e3 tamb\u00e9m ter\u00e1 apresenta\u00e7\u00e3o especial da Corpora\u00e7\u00e3o Musical Arthur Giambelli.<\/p>\n<p>&#13;<\/p>\n<p>Para o comandante do Posto do Corpo de Bombeiros de Limeira, tenente F\u00e9lix, a iniciativa \u00e9 uma oportunidade de aproximar ainda mais a corpora\u00e7\u00e3o da popula\u00e7\u00e3o. &#8220;A proposta \u00e9 abrir as portas do nosso trabalho para que as fam\u00edlias conhe\u00e7am de perto a atua\u00e7\u00e3o dos bombeiros, os equipamentos utilizados nas ocorr\u00eancias e a import\u00e2ncia da preven\u00e7\u00e3o. Queremos proporcionar um momento de aprendizado e integra\u00e7\u00e3o com a comunidade&#8221;, afirmou.<\/p>\n<p>&#13;<\/p>\n<p>O prefeito Murilo F\u00e9lix destacou que o evento tamb\u00e9m valoriza os profissionais que atuam no atendimento de urg\u00eancias e emerg\u00eancias no munic\u00edpio. &#8220;Ser\u00e1 uma oportunidade para que a popula\u00e7\u00e3o conhe\u00e7a melhor o trabalho realizado pelo Corpo de Bombeiros e pelo SAMU, servi\u00e7os fundamentais para a prote\u00e7\u00e3o e o salvamento de vidas. Al\u00e9m de aprender mais sobre preven\u00e7\u00e3o e seguran\u00e7a, as fam\u00edlias poder\u00e3o aproveitar uma programa\u00e7\u00e3o educativa e interativa. Todos est\u00e3o convidados para participar&#8221;, ressaltou.<\/p>\n<p>&#13;<\/p>\n<p>A entrada \u00e9 gratuita e o evento \u00e9 aberto ao p\u00fablico.<\/p>\n<p>&#13;<\/p>\n<p>Servi\u00e7o:<\/p>\n<p>&#13;<\/p>\n<p>1\u00ba Bombeiros na Pra\u00e7a<br \/>\ud83d\udcc5 S\u00e1bado (27)<br \/>\ud83d\udd58 Das 9h \u00e0s 13h<br \/>\ud83d\udccd Pra\u00e7a Toledo Barros<br \/>\ud83c\udf9f\ufe0f Entrada gratuita<\/p>\n<p>&#13;<br \/>\n&#13;<br \/>\n&#13;<br \/>\n&#13;<\/p>\n<article class=\"conteudo-relacionado no-print\">&#13;<br \/>\n        &#13;<br \/>\n&#13;<br \/>\n        &#13;<br \/>\n    <\/article>\n<p>&#13;<br \/>\n&#13;<br \/>\n                <\/main><\/p><\/div>\n<p><br \/>\n<br \/><a href=\"https:\/\/limeira.sp.gov.br\/neste-sabado-27-limeira-recebe-a-1-edicao-do-bombeiros-na-praca\" rel=\"noopener\">Informa\u00e7\u00f5es da PML <\/a><\/p>\n","protected":false},"excerpt":{"rendered":"<p>&#13; &#13; &#13; &#13; &#13; &#13; &#13; &#13; &#13; &#13; Quem passar pela Pra\u00e7a Toledo Barros neste s\u00e1bado (27), das 9h \u00e0s 13h, poder\u00e1 conhecer de perto o trabalho realizado pelos profissionais que atuam diariamente no atendimento a emerg\u00eancias. A Prefeitura de Limeira, em parceria com o Corpo de Bombeiros, convida a popula\u00e7\u00e3o para a [&hellip;]<\/p>\n","protected":false},"author":1,"featured_media":70410,"comment_status":"","ping_status":"open","sticky":false,"template":"","format":"standard","meta":{"_jetpack_newsletter_access":"","_jetpack_dont_email_post_to_subs":false,"_jetpack_newsletter_tier_id":0,"_jetpack_memberships_contains_paywalled_content":false,"_mbp_banners":[],"_jetpack_feature_clip_id":0,"_jetpack_memberships_contains_paid_content":false,"footnotes":"","jetpack_publicize_message":"","jetpack_publicize_feature_enabled":true,"jetpack_social_post_already_shared":true,"jetpack_social_options":{"image_generator_settings":{"template":"highway","default_image_id":0,"font":"","enabled":false},"version":2},"jetpack_post_was_ever_published":false},"categories":[16],"tags":[],"class_list":["post-70409","post","type-post","status-publish","format-standard","has-post-thumbnail","category-local"],"jetpack_publicize_connections":[],"jetpack-related-posts":[],"jetpack_shortlink":"https:\/\/wp.me\/p7Eq1F-ijD","jetpack_sharing_enabled":true,"jetpack_featured_media_url":"https:\/\/i0.wp.com\/guialimeira.com.br\/news\/wp-content\/uploads\/2026\/06\/m_137_0_1_26062026103952.jpeg?fit=1024%2C576&ssl=1","_links":{"self":[{"href":"https:\/\/guialimeira.com.br\/news\/wp-json\/wp\/v2\/posts\/70409","targetHints":{"allow":["GET"]}}],"collection":[{"href":"https:\/\/guialimeira.com.br\/news\/wp-json\/wp\/v2\/posts"}],"about":[{"href":"https:\/\/guialimeira.com.br\/news\/wp-json\/wp\/v2\/types\/post"}],"author":[{"embeddable":true,"href":"https:\/\/guialimeira.com.br\/news\/wp-json\/wp\/v2\/users\/1"}],"replies":[{"embeddable":true,"href":"https:\/\/guialimeira.com.br\/news\/wp-json\/wp\/v2\/comments?post=70409"}],"version-history":[{"count":0,"href":"https:\/\/guialimeira.com.br\/news\/wp-json\/wp\/v2\/posts\/70409\/revisions"}],"wp:featuredmedia":[{"embeddable":true,"href":"https:\/\/guialimeira.com.br\/news\/wp-json\/wp\/v2\/media\/70410"}],"wp:attachment":[{"href":"https:\/\/guialimeira.com.br\/news\/wp-json\/wp\/v2\/media?parent=70409"}],"wp:term":[{"taxonomy":"category","embeddable":true,"href":"https:\/\/guialimeira.com.br\/news\/wp-json\/wp\/v2\/categories?post=70409"},{"taxonomy":"post_tag","embeddable":true,"href":"https:\/\/guialimeira.com.br\/news\/wp-json\/wp\/v2\/tags?post=70409"}],"curies":[{"name":"wp","href":"https:\/\/api.w.org\/{rel}","templated":true}]}}