{"id":70399,"date":"2026-06-26T09:32:51","date_gmt":"2026-06-26T12:32:51","guid":{"rendered":"https:\/\/guialimeira.com.br\/prefeitura-de-limeira-abre-inscricoes-para-o-bale-baby-class-na-emcea\/"},"modified":"2026-06-26T09:32:51","modified_gmt":"2026-06-26T12:32:51","slug":"prefeitura-de-limeira-abre-inscricoes-para-o-bale-baby-class-na-emcea","status":"publish","type":"post","link":"https:\/\/guialimeira.com.br\/news\/prefeitura-de-limeira-abre-inscricoes-para-o-bale-baby-class-na-emcea\/","title":{"rendered":"Prefeitura de Limeira abre inscri\u00e7\u00f5es para o Bal\u00e9 Baby Class na EMCEA"},"content":{"rendered":"<p> <br \/>\n<\/p>\n<div>\n                <main class=\"\">&#13;<br \/>\n                    &#13;<br \/>\n&#13;<br \/>\n&#13;<br \/>\n&#13;<br \/>\n&#13;<br \/>\n&#13;<br \/>\n    <img data-recalc-dims=\"1\" decoding=\"async\" src=\"https:\/\/i0.wp.com\/ecrie.com.br\/sistema\/conteudos\/imagem\/m_137_0_1_13022026093236.jpeg?w=696&#038;ssl=1\" alt=\"Prefeitura de Limeira abre inscri\u00e7\u00f5es para o Bal\u00e9 Baby Class na EMCEA\"\/>&#13;<br \/>\n&#13;<br \/>\n&#13;<\/p>\n<p>A Prefeitura de Limeira abre no dia 6 de julho inscri\u00e7\u00f5es para 60 vagas de Bal\u00e9 Baby Class para o segundo semestre de 2026. As aulas ser\u00e3o realizadas na Escola Municipal de Cultura e Artes (EMCEA) entre os meses de agosto e novembro.<\/p>\n<p>&#13;<\/p>\n<p>\u00a0<\/p>\n<p>&#13;<\/p>\n<p>O curso \u00e9 destinado a crian\u00e7as de 4 a 6 anos e tem como objetivo estimular o desenvolvimento motor, a coordena\u00e7\u00e3o, a musicalidade e a express\u00e3o corporal de forma l\u00fadica e adequada \u00e0 faixa et\u00e1ria. As inscri\u00e7\u00f5es ser\u00e3o realizadas por ordem de chegada, at\u00e9 o preenchimento total das vagas. O atendimento ser\u00e1 na EMCEA, das 9h \u00e0s 12h e das 13h \u00e0s 16h.<\/p>\n<p>&#13;<\/p>\n<p>\u00a0<\/p>\n<p>&#13;<\/p>\n<p>Para a matr\u00edcula, \u00e9 necess\u00e1rio apresentar c\u00f3pia do RG ou da certid\u00e3o de nascimento da crian\u00e7a e c\u00f3pia do RG do respons\u00e1vel.\u00a0A EMCEA fica na Rua Boa Morte, 471, na Pra\u00e7a Coronel Flam\u00ednio Ferreira, no Centro de Limeira.<\/p>\n<p>&#13;<\/p>\n<p>\u00a0<\/p>\n<p>&#13;<\/p>\n<p>As aulas ter\u00e3o in\u00edcio em 7 de agosto e seguem at\u00e9 27 de novembro. Ser\u00e3o oferecidas 15 vagas em cada turma, sempre \u00e0s sextas-feiras, nos seguintes hor\u00e1rios:<\/p>\n<p>&#13;<\/p>\n<p>\u00a0<\/p>\n<p>&#13;<\/p>\n<p>Manh\u00e3: das 9h \u00e0s 10h\u00a0e das 10h \u00e0s 11h<\/p>\n<p>&#13;<\/p>\n<p>Tarde: das 14h \u00e0s 15h\u00a0e das 15h \u00e0s 16h<\/p>\n<p>&#13;<\/p>\n<p>\u00a0<\/p>\n<p>&#13;<\/p>\n<p>Mais informa\u00e7\u00f5es na EMCEA\u00a0ou pelo telefone (19) 3441-5493, que \u00e9 tamb\u00e9m WhatsApp.<\/p>\n<p>&#13;<\/p>\n<p>\u00a0<\/p>\n<p>&#13;<\/p>\n<p><strong>SERVI\u00c7O<\/strong><strong><br \/><\/strong><strong>INSCRI\u00c7\u00d5ES PARA BAL\u00c9 BABY CLASS (4 a 6 anos)<\/strong><\/p>\n<p>&#13;<\/p>\n<p>\u00a0<\/p>\n<p>&#13;<\/p>\n<p><strong>Data:<\/strong>\u00a06 de julho de 2026 at\u00e9 completarem as vagas.<\/p>\n<p>&#13;<\/p>\n<p><strong>Hor\u00e1rio:<\/strong>\u00a09h \u00e0s 12h e 13h \u00e0s 16h.<\/p>\n<p>&#13;<\/p>\n<p><strong>Local:<\/strong>\u00a0Emcea &#8211; Pra\u00e7a Coronel Flam\u00ednio Ferreira (Rua Boa Morte, 471, Centro, Limeira-SP).<\/p>\n<p>&#13;<\/p>\n<p><strong>Faixa et\u00e1ria:<\/strong>\u00a04 a 6 anos.<\/p>\n<p>&#13;<\/p>\n<p><strong>Vagas:<\/strong>\u00a015 em cada turma (60 no total).<\/p>\n<p>&#13;<br \/>\n&#13;<br \/>\n&#13;<br \/>\n&#13;<\/p>\n<article class=\"conteudo-relacionado no-print\">&#13;<br \/>\n        &#13;<br \/>\n&#13;<br \/>\n        &#13;<br \/>\n    <\/article>\n<p>&#13;<br \/>\n&#13;<br \/>\n                <\/main><\/p><\/div>\n<p><br \/>\n<br \/><a href=\"https:\/\/limeira.sp.gov.br\/prefeitura-de-limeira-abre-inscricoes-para-o-bale-baby-class-na-emcea\" rel=\"noopener\">Informa\u00e7\u00f5es da PML <\/a><\/p>\n","protected":false},"excerpt":{"rendered":"<p>&#13; &#13; &#13; &#13; &#13; &#13; &#13; &#13; &#13; &#13; A Prefeitura de Limeira abre no dia 6 de julho inscri\u00e7\u00f5es para 60 vagas de Bal\u00e9 Baby Class para o segundo semestre de 2026. As aulas ser\u00e3o realizadas na Escola Municipal de Cultura e Artes (EMCEA) entre os meses de agosto e novembro. &#13; \u00a0 [&hellip;]<\/p>\n","protected":false},"author":1,"featured_media":55196,"comment_status":"","ping_status":"open","sticky":false,"template":"","format":"standard","meta":{"_jetpack_newsletter_access":"","_jetpack_dont_email_post_to_subs":false,"_jetpack_newsletter_tier_id":0,"_jetpack_memberships_contains_paywalled_content":false,"_mbp_banners":[],"_jetpack_feature_clip_id":0,"_jetpack_memberships_contains_paid_content":false,"footnotes":"","jetpack_publicize_message":"","jetpack_publicize_feature_enabled":true,"jetpack_social_post_already_shared":true,"jetpack_social_options":{"image_generator_settings":{"template":"highway","default_image_id":0,"font":"","enabled":false},"version":2},"jetpack_post_was_ever_published":false},"categories":[16],"tags":[],"class_list":["post-70399","post","type-post","status-publish","format-standard","has-post-thumbnail","category-local"],"jetpack_publicize_connections":[],"jetpack-related-posts":[],"jetpack_shortlink":"https:\/\/wp.me\/p7Eq1F-ijt","jetpack_sharing_enabled":true,"jetpack_featured_media_url":"https:\/\/i0.wp.com\/guialimeira.com.br\/news\/wp-content\/uploads\/2026\/02\/m_137_0_1_13022026093236.jpeg?fit=1024%2C575&ssl=1","_links":{"self":[{"href":"https:\/\/guialimeira.com.br\/news\/wp-json\/wp\/v2\/posts\/70399","targetHints":{"allow":["GET"]}}],"collection":[{"href":"https:\/\/guialimeira.com.br\/news\/wp-json\/wp\/v2\/posts"}],"about":[{"href":"https:\/\/guialimeira.com.br\/news\/wp-json\/wp\/v2\/types\/post"}],"author":[{"embeddable":true,"href":"https:\/\/guialimeira.com.br\/news\/wp-json\/wp\/v2\/users\/1"}],"replies":[{"embeddable":true,"href":"https:\/\/guialimeira.com.br\/news\/wp-json\/wp\/v2\/comments?post=70399"}],"version-history":[{"count":0,"href":"https:\/\/guialimeira.com.br\/news\/wp-json\/wp\/v2\/posts\/70399\/revisions"}],"wp:featuredmedia":[{"embeddable":true,"href":"https:\/\/guialimeira.com.br\/news\/wp-json\/wp\/v2\/media\/55196"}],"wp:attachment":[{"href":"https:\/\/guialimeira.com.br\/news\/wp-json\/wp\/v2\/media?parent=70399"}],"wp:term":[{"taxonomy":"category","embeddable":true,"href":"https:\/\/guialimeira.com.br\/news\/wp-json\/wp\/v2\/categories?post=70399"},{"taxonomy":"post_tag","embeddable":true,"href":"https:\/\/guialimeira.com.br\/news\/wp-json\/wp\/v2\/tags?post=70399"}],"curies":[{"name":"wp","href":"https:\/\/api.w.org\/{rel}","templated":true}]}}