{"id":7039,"date":"2024-05-30T11:00:42","date_gmt":"2024-05-30T14:00:42","guid":{"rendered":"https:\/\/guialimeira.com.br\/2024\/05\/30\/saude-lanca-campanha-de-prevencao-ao-uso-de-cigarros-eletronicos\/"},"modified":"2024-05-30T11:00:42","modified_gmt":"2024-05-30T14:00:42","slug":"saude-lanca-campanha-de-prevencao-ao-uso-de-cigarros-eletronicos","status":"publish","type":"post","link":"https:\/\/guialimeira.com.br\/news\/saude-lanca-campanha-de-prevencao-ao-uso-de-cigarros-eletronicos\/","title":{"rendered":"Sa\u00fade lan\u00e7a campanha de preven\u00e7\u00e3o ao uso de cigarros eletr\u00f4nicos"},"content":{"rendered":"<p> <br \/>\n<\/p>\n<div>\n<p>O Minist\u00e9rio da Sa\u00fade e o Instituto Nacional de C\u00e2ncer (Inca) lan\u00e7aram nessa quarta-feira (29) campanha de preven\u00e7\u00e3o ao uso de cigarros eletr\u00f4nicos. \u201cDe acordo com a Organiza\u00e7\u00e3o Mundial da Sa\u00fade (OMS), novos produtos, como os cigarros eletr\u00f4nicos, e informa\u00e7\u00f5es enganosas da ind\u00fastria do tabaco\u00a0s\u00e3o uma amea\u00e7a, levando a uma inicia\u00e7\u00e3o ao tabagismo cada vez mais precoce\u201d, destacou a pasta em nota.<img data-recalc-dims=\"1\" decoding=\"async\" src=\"https:\/\/i0.wp.com\/agenciabrasil.ebc.com.br\/ebc.png?w=696&#038;ssl=1\" style=\"width:1px; height:1px; display:inline;\"\/><img data-recalc-dims=\"1\" decoding=\"async\" src=\"https:\/\/i0.wp.com\/agenciabrasil.ebc.com.br\/ebc.gif?w=696&#038;ssl=1\" style=\"width:1px; height:1px; display:inline;\"\/><\/p>\n<p>Dados apresentados pelo minist\u00e9rio indicam que crian\u00e7as e adolescentes que usam cigarros eletr\u00f4nicos t\u00eam pelo menos duas vezes mais probabilidade de fumar cigarros mais tarde na vida. O mote da campanha \u00e9 o Dia Mundial Sem Tabaco 2024, lembrado nesta sexta-feira (31) e que, este ano, tem como tema Prote\u00e7\u00e3o das crian\u00e7as contra a interfer\u00eancia da ind\u00fastria do tabaco.<\/p>\n<p>\u201cPor meio de\u00a0linguagem jovem, a campanha visa a promover uma mudan\u00e7a de comportamento, al\u00e9m de proteger as novas gera\u00e7\u00f5es dos perigos do uso do tabaco, alertando sobre as t\u00e1ticas da ind\u00fastria para atrair crian\u00e7as e adolescentes, com interesse em garantir e ampliar seu mercado consumidor.\u201d<\/p>\n<h2>N\u00fameros<\/h2>\n<p>Dados da \u00faltima Pesquisa Nacional de Sa\u00fade do Escolar (PeNSE) revelam que, em 2019, 16,8% dos estudantes no Brasil com idade entre 13 e 17 anos j\u00e1 haviam experimentado o cigarro eletr\u00f4nico, sendo 13,6% com idade de 13 a 15 anos e 22,7% com 16 e 17 anos. Quanto ao sexo, a experimenta\u00e7\u00e3o \u00e9 maior entre os homens (18,1%) do que entre as mulheres (14,6%).<\/p>\n<p>A varia\u00e7\u00e3o regional foi significativa, com maior experimenta\u00e7\u00e3o do cigarro eletr\u00f4nico nas regi\u00f5es Centro-Oeste (23,7%), Sul (21,0%) e Sudeste (18,4%), ficando menor do que a m\u00e9dia nacional o\u00a0Nordeste (10,8%) e o Norte (12,3%).<\/p>\n<p>Houve ainda aumento dos estudantes de 13 a 17 anos que declararam consumo de cigarros nos 30 dias anteriores \u00e0 data da pesquisa, com o percentual passando de 5,6% em 2013 para 6,8% em 2019.<\/p>\n<h2>Preju\u00edzos<\/h2>\n<p>O minist\u00e9rio destaca que os dispositivos eletr\u00f4nicos para fumar (DEFs), que englobam os cigarros eletr\u00f4nicos e outros produtos de tabaco aquecido, t\u00eam\u00a0quantidades vari\u00e1veis de nicotina e outras subst\u00e2ncias t\u00f3xicas, o que faz com que suas emiss\u00f5es sejam prejudiciais tanto para quem faz o uso direto quanto para quem \u00e9 exposto aos aeross\u00f3is.<\/p>\n<p>\u201cMesmo alguns produtos que alegam n\u00e3o conter nicotina podem apresentar a subst\u00e2ncia em sua composi\u00e7\u00e3o e suas emiss\u00f5es s\u00e3o nocivas\u201d, ressaltou a pasta. \u201cA nicotina causa depend\u00eancia e pode afetar negativamente o desenvolvimento cerebral de crian\u00e7as e adolescentes, impactando no aprendizado e na sa\u00fade mental.\u201d<\/p>\n<p>Ainda de acordo com o minist\u00e9rio, o consumo de tabaco \u00e9 considerado importante fator de risco para doen\u00e7as cardiovasculares e respirat\u00f3rias e para mais de 20 tipos ou subtipos diferentes de c\u00e2ncer, al\u00e9m de outras condi\u00e7\u00f5es de sa\u00fade classificadas como \u201cdebilitantes\u201d.<\/p>\n<p>\u201cAlguns estudos recentes sugerem que o uso de DEFs pode aumentar o risco de doen\u00e7as card\u00edacas e dist\u00farbios pulmonares. Al\u00e9m disso, a exposi\u00e7\u00e3o \u00e0 nicotina em mulheres gr\u00e1vidas pode afetar negativamente o desenvolvimento cerebral do feto. J\u00e1 a exposi\u00e7\u00e3o acidental de crian\u00e7as aos l\u00edquidos dos cigarros eletr\u00f4nicos representa s\u00e9rios riscos, pois os dispositivos podem vazar ou as crian\u00e7as podem engolir o l\u00edquido ou as c\u00e1psulas.\u201d<\/p>\n<h2>Anvisa<\/h2>\n<p>Em 2009, a Ag\u00eancia Nacional de Vigil\u00e2ncia Sanit\u00e1ria (Anvisa) publicou resolu\u00e7\u00e3o proibindo a comercializa\u00e7\u00e3o, a fabrica\u00e7\u00e3o e a publicidade de cigarros eletr\u00f4nicos no Brasil. Recentemente, em abril, a diretoria colegiada da ag\u00eancia revisou a legisla\u00e7\u00e3o e proibiu a fabrica\u00e7\u00e3o, a importa\u00e7\u00e3o, a comercializa\u00e7\u00e3o, a distribui\u00e7\u00e3o, o armazenamento, o transporte e a propaganda de dispositivos eletr\u00f4nicos para fumar.<\/p>\n<\/p><\/div>\n<p><br \/>\n<br \/><a href=\"https:\/\/agenciabrasil.ebc.com.br\/saude\/noticia\/2024-05\/saude-lanca-campanha-de-prevencao-ao-uso-de-cigarros-eletronicos\" rel=\"noopener\">Ag\u00eancia Brasil <\/a><\/p>\n","protected":false},"excerpt":{"rendered":"<p>O Minist\u00e9rio da Sa\u00fade e o Instituto Nacional de C\u00e2ncer (Inca) lan\u00e7aram nessa quarta-feira (29) campanha de preven\u00e7\u00e3o ao uso de cigarros eletr\u00f4nicos. \u201cDe acordo com a Organiza\u00e7\u00e3o Mundial da Sa\u00fade (OMS), novos produtos, como os cigarros eletr\u00f4nicos, e informa\u00e7\u00f5es enganosas da ind\u00fastria do tabaco\u00a0s\u00e3o uma amea\u00e7a, levando a uma inicia\u00e7\u00e3o ao tabagismo cada vez [&hellip;]<\/p>\n","protected":false},"author":1,"featured_media":1731,"comment_status":"open","ping_status":"open","sticky":false,"template":"","format":"standard","meta":{"_jetpack_newsletter_access":"","_jetpack_dont_email_post_to_subs":false,"_jetpack_newsletter_tier_id":0,"_jetpack_memberships_contains_paywalled_content":false,"_mbp_banners":[],"_jetpack_feature_clip_id":0,"_jetpack_memberships_contains_paid_content":false,"footnotes":"","jetpack_publicize_message":"","jetpack_publicize_feature_enabled":true,"jetpack_social_post_already_shared":true,"jetpack_social_options":{"image_generator_settings":{"template":"highway","default_image_id":0,"font":"","enabled":false},"version":2},"jetpack_post_was_ever_published":false},"categories":[15],"tags":[],"class_list":["post-7039","post","type-post","status-publish","format-standard","has-post-thumbnail","category-saude"],"jetpack_publicize_connections":[],"jetpack-related-posts":[],"jetpack_shortlink":"https:\/\/wp.me\/p7Eq1F-1Px","jetpack_sharing_enabled":true,"jetpack_featured_media_url":"https:\/\/i0.wp.com\/guialimeira.com.br\/news\/wp-content\/uploads\/2024\/04\/ja_8787.jpg?fit=1600%2C800&ssl=1","_links":{"self":[{"href":"https:\/\/guialimeira.com.br\/news\/wp-json\/wp\/v2\/posts\/7039","targetHints":{"allow":["GET"]}}],"collection":[{"href":"https:\/\/guialimeira.com.br\/news\/wp-json\/wp\/v2\/posts"}],"about":[{"href":"https:\/\/guialimeira.com.br\/news\/wp-json\/wp\/v2\/types\/post"}],"author":[{"embeddable":true,"href":"https:\/\/guialimeira.com.br\/news\/wp-json\/wp\/v2\/users\/1"}],"replies":[{"embeddable":true,"href":"https:\/\/guialimeira.com.br\/news\/wp-json\/wp\/v2\/comments?post=7039"}],"version-history":[{"count":0,"href":"https:\/\/guialimeira.com.br\/news\/wp-json\/wp\/v2\/posts\/7039\/revisions"}],"wp:featuredmedia":[{"embeddable":true,"href":"https:\/\/guialimeira.com.br\/news\/wp-json\/wp\/v2\/media\/1731"}],"wp:attachment":[{"href":"https:\/\/guialimeira.com.br\/news\/wp-json\/wp\/v2\/media?parent=7039"}],"wp:term":[{"taxonomy":"category","embeddable":true,"href":"https:\/\/guialimeira.com.br\/news\/wp-json\/wp\/v2\/categories?post=7039"},{"taxonomy":"post_tag","embeddable":true,"href":"https:\/\/guialimeira.com.br\/news\/wp-json\/wp\/v2\/tags?post=7039"}],"curies":[{"name":"wp","href":"https:\/\/api.w.org\/{rel}","templated":true}]}}