{"id":70335,"date":"2026-06-25T19:54:09","date_gmt":"2026-06-25T22:54:09","guid":{"rendered":"https:\/\/guialimeira.com.br\/prefeitura-altera-horario-de-expediente-na-segunda-feira-29-devido-ao-jogo-da-selecao-brasileira\/"},"modified":"2026-06-25T19:54:09","modified_gmt":"2026-06-25T22:54:09","slug":"prefeitura-altera-horario-de-expediente-na-segunda-feira-29-devido-ao-jogo-da-selecao-brasileira","status":"publish","type":"post","link":"https:\/\/guialimeira.com.br\/news\/prefeitura-altera-horario-de-expediente-na-segunda-feira-29-devido-ao-jogo-da-selecao-brasileira\/","title":{"rendered":"Prefeitura altera hor\u00e1rio de expediente na segunda-feira (29) devido ao jogo da Sele\u00e7\u00e3o Brasileira"},"content":{"rendered":"<p> <br \/>\n<br \/><img data-recalc-dims=\"1\" decoding=\"async\" src=\"https:\/\/i0.wp.com\/ecrie.com.br\/sistema\/conteudos\/imagem\/m_137_0_1_25062026195124.jpeg?w=696&#038;ssl=1\" \/><\/p>\n<p>&nbsp;<\/p>\n<p>Em raz&atilde;o da partida da Sele&ccedil;&atilde;o Brasileira nessa nova etapa da Copa do Mundo de Futebol, marcada para as 14h da pr&oacute;xima segunda-feira (29), a Prefeitura de Limeira adotar&aacute; hor&aacute;rio especial de expediente nas reparti&ccedil;&otilde;es p&uacute;blicas da Administra&ccedil;&atilde;o Direta e Indireta, que funcionar&atilde;o at&eacute; as 13h.<\/p>\n<p>A mudan&ccedil;a no expediente n&atilde;o afetar&aacute; atividades consideradas essenciais e inadi&aacute;veis, especialmente nas &aacute;reas de sa&uacute;de e seguran&ccedil;a. Dessa forma, os Prontos Atendimentos (PAs), a UPA 24 Horas do Ab&iacute;lio Pedro, o Centro de Sa&uacute;de da Crian&ccedil;a (Hospital da Crian&ccedil;a), Defesa Civil, entre outras, funcionar&atilde;o normalmente.<\/p>\n<p>A altera&ccedil;&atilde;o ser&aacute; oficializada por meio de portaria, assinada pelo prefeito Murilo F&eacute;lix, a ser publicada na edi&ccedil;&atilde;o desta sexta-feira (26) do Jornal Oficial do Munic&iacute;pio e poder&aacute; ser consultada pelo link <a href=\"http:\/\/www.limeira.sp.gov.br\/jornaloficial\" rel=\"noopener\">www.limeira.sp.gov.br\/jornaloficial<\/a><\/p>\n<p><br \/>\n<br \/><a href=\"https:\/\/limeira.sp.gov.br\/prefeitura-altera-horario-de-expediente-na-segunda-feira-29-devido-ao-jogo-da-selecao-brasileira\" rel=\"noopener\">Informa\u00e7\u00f5es da PML <\/a><\/p>\n","protected":false},"excerpt":{"rendered":"<p>&nbsp; Em raz&atilde;o da partida da Sele&ccedil;&atilde;o Brasileira nessa nova etapa da Copa do Mundo de Futebol, marcada para as 14h da pr&oacute;xima segunda-feira (29), a Prefeitura de Limeira adotar&aacute; hor&aacute;rio especial de expediente nas reparti&ccedil;&otilde;es p&uacute;blicas da Administra&ccedil;&atilde;o Direta e Indireta, que funcionar&atilde;o at&eacute; as 13h. A mudan&ccedil;a no expediente n&atilde;o afetar&aacute; atividades consideradas [&hellip;]<\/p>\n","protected":false},"author":1,"featured_media":70336,"comment_status":"","ping_status":"open","sticky":false,"template":"","format":"standard","meta":{"_jetpack_newsletter_access":"","_jetpack_dont_email_post_to_subs":false,"_jetpack_newsletter_tier_id":0,"_jetpack_memberships_contains_paywalled_content":false,"_mbp_banners":[],"_jetpack_feature_clip_id":0,"_jetpack_memberships_contains_paid_content":false,"footnotes":"","jetpack_publicize_message":"","jetpack_publicize_feature_enabled":true,"jetpack_social_post_already_shared":true,"jetpack_social_options":{"image_generator_settings":{"template":"highway","default_image_id":0,"font":"","enabled":false},"version":2},"jetpack_post_was_ever_published":false},"categories":[16],"tags":[],"class_list":["post-70335","post","type-post","status-publish","format-standard","has-post-thumbnail","category-local"],"jetpack_publicize_connections":[],"jetpack-related-posts":[],"jetpack_shortlink":"https:\/\/wp.me\/p7Eq1F-iir","jetpack_sharing_enabled":true,"jetpack_featured_media_url":"https:\/\/i0.wp.com\/guialimeira.com.br\/news\/wp-content\/uploads\/2026\/06\/m_137_0_1_25062026195124.jpeg?fit=1024%2C657&ssl=1","_links":{"self":[{"href":"https:\/\/guialimeira.com.br\/news\/wp-json\/wp\/v2\/posts\/70335","targetHints":{"allow":["GET"]}}],"collection":[{"href":"https:\/\/guialimeira.com.br\/news\/wp-json\/wp\/v2\/posts"}],"about":[{"href":"https:\/\/guialimeira.com.br\/news\/wp-json\/wp\/v2\/types\/post"}],"author":[{"embeddable":true,"href":"https:\/\/guialimeira.com.br\/news\/wp-json\/wp\/v2\/users\/1"}],"replies":[{"embeddable":true,"href":"https:\/\/guialimeira.com.br\/news\/wp-json\/wp\/v2\/comments?post=70335"}],"version-history":[{"count":0,"href":"https:\/\/guialimeira.com.br\/news\/wp-json\/wp\/v2\/posts\/70335\/revisions"}],"wp:featuredmedia":[{"embeddable":true,"href":"https:\/\/guialimeira.com.br\/news\/wp-json\/wp\/v2\/media\/70336"}],"wp:attachment":[{"href":"https:\/\/guialimeira.com.br\/news\/wp-json\/wp\/v2\/media?parent=70335"}],"wp:term":[{"taxonomy":"category","embeddable":true,"href":"https:\/\/guialimeira.com.br\/news\/wp-json\/wp\/v2\/categories?post=70335"},{"taxonomy":"post_tag","embeddable":true,"href":"https:\/\/guialimeira.com.br\/news\/wp-json\/wp\/v2\/tags?post=70335"}],"curies":[{"name":"wp","href":"https:\/\/api.w.org\/{rel}","templated":true}]}}