{"id":70331,"date":"2026-06-25T19:34:32","date_gmt":"2026-06-25T22:34:32","guid":{"rendered":"https:\/\/guialimeira.com.br\/?p=70331"},"modified":"2026-06-25T19:34:35","modified_gmt":"2026-06-25T22:34:35","slug":"expediente-prefeitura-limeira-29-junho-jogo-brasil-copa-2026","status":"publish","type":"post","link":"https:\/\/guialimeira.com.br\/news\/expediente-prefeitura-limeira-29-junho-jogo-brasil-copa-2026\/","title":{"rendered":"Expediente da Prefeitura de Limeira ser\u00e1 encerrado \u00e0s 13h no dia 29 de junho por jogo do Brasil na Copa do Mundo"},"content":{"rendered":"\n<p class=\"wp-block-paragraph\">A Prefeitura de Limeira publicou decreto que altera o hor\u00e1rio de funcionamento das reparti\u00e7\u00f5es p\u00fablicas municipais na pr\u00f3xima <strong>segunda-feira, 29 de junho de 2026<\/strong>, em raz\u00e3o da partida da Sele\u00e7\u00e3o Brasileira pelas oitavas de final da Copa do Mundo FIFA 2026.<\/p>\n\n\n\n<p class=\"wp-block-paragraph\">A decis\u00e3o considera que o Brasil entra em campo \u00e0s <strong>14h<\/strong>, em confronto v\u00e1lido pela fase de mata-mata da competi\u00e7\u00e3o.<\/p>\n\n\n\n<h2 class=\"wp-block-heading\">Expediente ser\u00e1 das 8h \u00e0s 13h<\/h2>\n\n\n\n<p class=\"wp-block-paragraph\">Conforme o decreto, nas reparti\u00e7\u00f5es p\u00fablicas da Administra\u00e7\u00e3o Direta e Indireta, a jornada de trabalho ser\u00e1 cumprida <strong>das 8h \u00e0s 13h<\/strong>, com encerramento do expediente uma hora antes do in\u00edcio da partida da Sele\u00e7\u00e3o Brasileira.<\/p>\n\n\n\n<p class=\"wp-block-paragraph\">A medida busca adequar o funcionamento dos servi\u00e7os p\u00fablicos durante o dia do jogo, mantendo o atendimento \u00e0 popula\u00e7\u00e3o no per\u00edodo da manh\u00e3.<\/p>\n\n\n\n<h2 class=\"wp-block-heading\">O que muda<\/h2>\n\n\n\n<ul class=\"wp-block-list\">\n<li><strong>Data:<\/strong> 29 de junho de 2026 (segunda-feira)<\/li>\n\n\n\n<li><strong>Hor\u00e1rio de funcionamento:<\/strong> das 8h \u00e0s 13h<\/li>\n\n\n\n<li><strong>Motivo:<\/strong> jogo da Sele\u00e7\u00e3o Brasileira pelas oitavas de final da Copa do Mundo FIFA 2026<\/li>\n\n\n\n<li><strong>Hor\u00e1rio da partida:<\/strong> 14h<\/li>\n<\/ul>\n\n\n\n<p class=\"wp-block-paragraph\">A orienta\u00e7\u00e3o \u00e9 para que os cidad\u00e3os que necessitem de atendimento presencial nas reparti\u00e7\u00f5es municipais programem seus compromissos dentro do hor\u00e1rio especial estabelecido.<\/p>\n\n\n\n<p class=\"wp-block-paragraph\"><\/p>\n","protected":false},"excerpt":{"rendered":"<p>A Prefeitura de Limeira publicou decreto que altera o hor\u00e1rio de funcionamento das reparti\u00e7\u00f5es p\u00fablicas municipais na pr\u00f3xima segunda-feira, 29 de junho de 2026, em raz\u00e3o da partida da Sele\u00e7\u00e3o Brasileira pelas oitavas de final da Copa do Mundo FIFA 2026. A decis\u00e3o considera que o Brasil entra em campo \u00e0s 14h, em confronto v\u00e1lido [&hellip;]<\/p>\n","protected":false},"author":1,"featured_media":70332,"comment_status":"closed","ping_status":"open","sticky":false,"template":"","format":"standard","meta":{"_jetpack_newsletter_access":"","_jetpack_dont_email_post_to_subs":false,"_jetpack_newsletter_tier_id":0,"_jetpack_memberships_contains_paywalled_content":false,"_mbp_banners":[],"_jetpack_feature_clip_id":0,"_jetpack_memberships_contains_paid_content":false,"footnotes":"","jetpack_publicize_message":"","jetpack_publicize_feature_enabled":true,"jetpack_social_post_already_shared":true,"jetpack_social_options":{"image_generator_settings":{"template":"highway","default_image_id":0,"font":"","enabled":false},"version":2},"jetpack_post_was_ever_published":false},"categories":[1],"tags":[],"class_list":["post-70331","post","type-post","status-publish","format-standard","has-post-thumbnail","category-geral"],"jetpack_publicize_connections":[],"jetpack-related-posts":[],"jetpack_shortlink":"https:\/\/wp.me\/p7Eq1F-iin","jetpack_sharing_enabled":true,"jetpack_featured_media_url":"https:\/\/i0.wp.com\/guialimeira.com.br\/news\/wp-content\/uploads\/2026\/06\/expediente-prefeitura-limeira-29-junho-jogo-brasil-copa-2026.png?fit=1536%2C1024&ssl=1","_links":{"self":[{"href":"https:\/\/guialimeira.com.br\/news\/wp-json\/wp\/v2\/posts\/70331","targetHints":{"allow":["GET"]}}],"collection":[{"href":"https:\/\/guialimeira.com.br\/news\/wp-json\/wp\/v2\/posts"}],"about":[{"href":"https:\/\/guialimeira.com.br\/news\/wp-json\/wp\/v2\/types\/post"}],"author":[{"embeddable":true,"href":"https:\/\/guialimeira.com.br\/news\/wp-json\/wp\/v2\/users\/1"}],"replies":[{"embeddable":true,"href":"https:\/\/guialimeira.com.br\/news\/wp-json\/wp\/v2\/comments?post=70331"}],"version-history":[{"count":1,"href":"https:\/\/guialimeira.com.br\/news\/wp-json\/wp\/v2\/posts\/70331\/revisions"}],"predecessor-version":[{"id":70333,"href":"https:\/\/guialimeira.com.br\/news\/wp-json\/wp\/v2\/posts\/70331\/revisions\/70333"}],"wp:featuredmedia":[{"embeddable":true,"href":"https:\/\/guialimeira.com.br\/news\/wp-json\/wp\/v2\/media\/70332"}],"wp:attachment":[{"href":"https:\/\/guialimeira.com.br\/news\/wp-json\/wp\/v2\/media?parent=70331"}],"wp:term":[{"taxonomy":"category","embeddable":true,"href":"https:\/\/guialimeira.com.br\/news\/wp-json\/wp\/v2\/categories?post=70331"},{"taxonomy":"post_tag","embeddable":true,"href":"https:\/\/guialimeira.com.br\/news\/wp-json\/wp\/v2\/tags?post=70331"}],"curies":[{"name":"wp","href":"https:\/\/api.w.org\/{rel}","templated":true}]}}