{"id":7031,"date":"2024-05-30T09:14:49","date_gmt":"2024-05-30T12:14:49","guid":{"rendered":"https:\/\/guialimeira.com.br\/2024\/05\/30\/feriado-de-corpus-christi-e-maratona-aquecem-ocupacao-hoteleira-no-rio\/"},"modified":"2024-05-30T09:14:49","modified_gmt":"2024-05-30T12:14:49","slug":"feriado-de-corpus-christi-e-maratona-aquecem-ocupacao-hoteleira-no-rio","status":"publish","type":"post","link":"https:\/\/guialimeira.com.br\/news\/feriado-de-corpus-christi-e-maratona-aquecem-ocupacao-hoteleira-no-rio\/","title":{"rendered":"Feriado de Corpus Christi e maratona aquecem ocupa\u00e7\u00e3o hoteleira no Rio"},"content":{"rendered":"<p> <br \/>\n<\/p>\n<div>\n<p>Apesar do frio, a ocupa\u00e7\u00e3o hoteleira se mostra aquecida para o feriado prolongado de Corpus Christi, de acordo com pesquisa divulgada nessa quarta-feira (29) pelo Sindicato Patronal dos Meios de Hospedagem da Cidade do Rio de Janeiro (Hot\u00e9isRIO) e pela Associa\u00e7\u00e3o de Hot\u00e9is do Estado (ABIH-RJ). A taxa m\u00e9dia de ocupa\u00e7\u00e3o na capital\u00a0ficou em 79,71% e, no interior, em 78,21%. Al\u00e9m do Corpus Christi, a Maratona do Rio, que come\u00e7a nesta\u00a0quinta-feira (30) e vai at\u00e9 domingo (2\/6) impulsionou as reservas na rede hoteleira.<img data-recalc-dims=\"1\" decoding=\"async\" src=\"https:\/\/i0.wp.com\/agenciabrasil.ebc.com.br\/ebc.png?w=696&#038;ssl=1\" style=\"width:1px; height:1px; display:inline;\"\/><img data-recalc-dims=\"1\" decoding=\"async\" src=\"https:\/\/i0.wp.com\/agenciabrasil.ebc.com.br\/ebc.gif?w=696&#038;ssl=1\" style=\"width:1px; height:1px; display:inline;\"\/><\/p>\n<p>No munic\u00edpio do Rio, a regi\u00e3o de Flamengo\/Botafogo registrou ocupa\u00e7\u00e3o de 89,66%, seguida por Copacabana\/Leme (89,15%), Ipanema\/Leblon (81,47%), Centro (76,29%) e Barra\/Recreio (69,05%).<\/p>\n<p>No interior do estado, o destaque \u00e9 a cidade de Miguel Pereira, com 97,80%, seguida por Vassouras (91,20%), Petr\u00f3polis (85,80%), Teres\u00f3polis (84,30%), Itatiaia\/Penedo (84,10%), Nova Friburgo (83,40%), Rio das Ostras (77,60%), Maca\u00e9 (76,30%), Valen\u00e7a\/Conservat\u00f3ria (75,40%), Angra dos Reis (72,50%), Paraty (71,50%), Arraial do Cabo (68,50%), Cabo Frio (64,80%) e Arma\u00e7\u00e3o dos B\u00fazios (61,80%).<\/p>\n<h2>Atrativos<\/h2>\n<p>O presidente do Hot\u00e9isRIO e conselheiro da ABIH-RJ, Alfredo Lopes, comentou que os bons n\u00fameros registrados em Miguel Pereira se devem \u00e0 inaugura\u00e7\u00e3o de diversos atrativos tur\u00edsticos. Outro fator \u00e9 que o munic\u00edpio vizinho de Paty de Alferes realiza nesta \u00e9poca a Festa do Tomate, maior evento\u00a0local. \u201cE os visitantes que n\u00e3o conseguem hospedagem l\u00e1 buscam alternativas pr\u00f3ximas. Vassouras tamb\u00e9m se beneficia disso\u201d.<\/p>\n<p>Lopes destacou ainda o in\u00edcio da alta temporada em Teres\u00f3polis, Petr\u00f3polis, Nova Friburgo e Itatiaia, em fun\u00e7\u00e3o da chegada do frio, o que se traduz nos n\u00fameros alcan\u00e7ados.<\/p>\n<\/p><\/div>\n<p><br \/>\n<br \/><a href=\"https:\/\/agenciabrasil.ebc.com.br\/economia\/noticia\/2024-05\/feriado-de-corpus-christi-e-maratona-aquecem-ocupacao-hoteleira-no-rio\" rel=\"noopener\">Ag\u00eancia Brasil<\/a><\/p>\n","protected":false},"excerpt":{"rendered":"<p>Apesar do frio, a ocupa\u00e7\u00e3o hoteleira se mostra aquecida para o feriado prolongado de Corpus Christi, de acordo com pesquisa divulgada nessa quarta-feira (29) pelo Sindicato Patronal dos Meios de Hospedagem da Cidade do Rio de Janeiro (Hot\u00e9isRIO) e pela Associa\u00e7\u00e3o de Hot\u00e9is do Estado (ABIH-RJ). A taxa m\u00e9dia de ocupa\u00e7\u00e3o na capital\u00a0ficou em 79,71% [&hellip;]<\/p>\n","protected":false},"author":1,"featured_media":3779,"comment_status":"open","ping_status":"open","sticky":false,"template":"","format":"standard","meta":{"_jetpack_newsletter_access":"","_jetpack_dont_email_post_to_subs":false,"_jetpack_newsletter_tier_id":0,"_jetpack_memberships_contains_paywalled_content":false,"_mbp_banners":[],"_jetpack_feature_clip_id":0,"_jetpack_memberships_contains_paid_content":false,"footnotes":"","jetpack_publicize_message":"","jetpack_publicize_feature_enabled":true,"jetpack_social_post_already_shared":true,"jetpack_social_options":{"image_generator_settings":{"template":"highway","default_image_id":0,"font":"","enabled":false},"version":2},"jetpack_post_was_ever_published":false},"categories":[24],"tags":[],"class_list":["post-7031","post","type-post","status-publish","format-standard","has-post-thumbnail","category-economia"],"jetpack_publicize_connections":[],"jetpack-related-posts":[],"jetpack_shortlink":"https:\/\/wp.me\/p7Eq1F-1Pp","jetpack_sharing_enabled":true,"jetpack_featured_media_url":"https:\/\/i0.wp.com\/guialimeira.com.br\/news\/wp-content\/uploads\/2024\/05\/trbr2192_0.jpg?fit=1600%2C800&ssl=1","_links":{"self":[{"href":"https:\/\/guialimeira.com.br\/news\/wp-json\/wp\/v2\/posts\/7031","targetHints":{"allow":["GET"]}}],"collection":[{"href":"https:\/\/guialimeira.com.br\/news\/wp-json\/wp\/v2\/posts"}],"about":[{"href":"https:\/\/guialimeira.com.br\/news\/wp-json\/wp\/v2\/types\/post"}],"author":[{"embeddable":true,"href":"https:\/\/guialimeira.com.br\/news\/wp-json\/wp\/v2\/users\/1"}],"replies":[{"embeddable":true,"href":"https:\/\/guialimeira.com.br\/news\/wp-json\/wp\/v2\/comments?post=7031"}],"version-history":[{"count":0,"href":"https:\/\/guialimeira.com.br\/news\/wp-json\/wp\/v2\/posts\/7031\/revisions"}],"wp:featuredmedia":[{"embeddable":true,"href":"https:\/\/guialimeira.com.br\/news\/wp-json\/wp\/v2\/media\/3779"}],"wp:attachment":[{"href":"https:\/\/guialimeira.com.br\/news\/wp-json\/wp\/v2\/media?parent=7031"}],"wp:term":[{"taxonomy":"category","embeddable":true,"href":"https:\/\/guialimeira.com.br\/news\/wp-json\/wp\/v2\/categories?post=7031"},{"taxonomy":"post_tag","embeddable":true,"href":"https:\/\/guialimeira.com.br\/news\/wp-json\/wp\/v2\/tags?post=7031"}],"curies":[{"name":"wp","href":"https:\/\/api.w.org\/{rel}","templated":true}]}}