{"id":70292,"date":"2026-06-25T14:46:12","date_gmt":"2026-06-25T17:46:12","guid":{"rendered":"https:\/\/guialimeira.com.br\/limeira-reforca-alerta-para-febre-maculosa-e-importancia-do-diagnostico-precoce\/"},"modified":"2026-06-25T14:46:12","modified_gmt":"2026-06-25T17:46:12","slug":"limeira-reforca-alerta-para-febre-maculosa-e-importancia-do-diagnostico-precoce","status":"publish","type":"post","link":"https:\/\/guialimeira.com.br\/news\/limeira-reforca-alerta-para-febre-maculosa-e-importancia-do-diagnostico-precoce\/","title":{"rendered":"Limeira refor\u00e7a alerta para febre maculosa e import\u00e2ncia do diagn\u00f3stico precoce"},"content":{"rendered":"<p> <br \/>\n<\/p>\n<div>\n                <main class=\"\">&#13;<br \/>\n                    &#13;<br \/>\n&#13;<br \/>\n&#13;<br \/>\n&#13;<br \/>\n&#13;<br \/>\n&#13;<br \/>\n    <img data-recalc-dims=\"1\" decoding=\"async\" src=\"https:\/\/i0.wp.com\/ecrie.com.br\/sistema\/conteudos\/imagem\/m_137_0_1_25062026144432.jpeg?w=696&#038;ssl=1\" alt=\"Limeira refor\u00e7a alerta para febre maculosa e import\u00e2ncia do diagn\u00f3stico precoce\"\/>&#13;<br \/>\n&#13;<br \/>\n&#13;<\/p>\n<p>\u00a0<\/p>\n<p>&#13;<\/p>\n<p style=\"text-align: justify;\">A Prefeitura de Limeira refor\u00e7a \u00e0 popula\u00e7\u00e3o as medidas de preven\u00e7\u00e3o contra a febre maculosa, doen\u00e7a infecciosa grave transmitida pela picada do carrapato-estrela infectado pela bact\u00e9ria <em>Rickettsia rickettsii<\/em>. Embora o munic\u00edpio n\u00e3o tenha casos confirmados da doen\u00e7a em 2026, a orienta\u00e7\u00e3o \u00e9 manter os cuidados, pois a doen\u00e7a pode evoluir rapidamente e, quando n\u00e3o tratada a tempo, apresenta risco elevado de complica\u00e7\u00f5es e \u00f3bito.<\/p>\n<p>&#13;<\/p>\n<p style=\"text-align: justify;\"><span style=\"font-family: Times New Roman, serif;\"><span style=\"font-size: medium;\">Os principais sintomas incluem febre alta, dor de cabe\u00e7a intensa, dores no corpo e nas articula\u00e7\u00f5es, n\u00e1useas, v\u00f4mitos, diarreia e manchas vermelhas na pele, especialmente nos punhos e tornozelos. Como os sinais iniciais s\u00e3o semelhantes aos de outras doen\u00e7as, como a dengue, o diagn\u00f3stico pode ser dificultado.<\/span><\/span><\/p>\n<p>&#13;<\/p>\n<p style=\"text-align: justify;\">O m\u00e9dico da Vigil\u00e2ncia Epidemiol\u00f3gica de Limeira, M\u00e1rio Jos\u00e9 Junior, destaca que, por esse motivo, \u00e9 fundamental informar ao profissional de sa\u00fade sobre qualquer exposi\u00e7\u00e3o recente a \u00e1reas de risco. \u201cOs sintomas s\u00e3o muito semelhantes aos da dengue. Por isso, \u00e9 fundamental que o paciente informe ao m\u00e9dico se esteve em \u00e1reas verdes ou se teve contato com animais que possam abrigar o carrapato-estrela. Isso \u00e9 o que chamamos de diagn\u00f3stico diferencial, e ele \u00e9 decisivo para o in\u00edcio r\u00e1pido do tratamento\u201d, explicou.<\/p>\n<p>&#13;<\/p>\n<p style=\"text-align: justify;\">O diagn\u00f3stico precoce \u00e9 determinante para aumentar as chances de recupera\u00e7\u00e3o. O tratamento deve ser iniciado o quanto antes, com antibi\u00f3tico espec\u00edfico, disponibilizado gratuitamente pelo Sistema \u00danico de Sa\u00fade (SUS).<\/p>\n<p>&#13;<\/p>\n<p style=\"text-align: justify;\">Os carrapatos podem estar presentes em \u00e1reas verdes com gramados, pastos e matas, especialmente pr\u00f3ximas a rios, lagos e c\u00f3rregos frequentados por animais como capivaras e cavalos. Todas as fases do parasita \u2014 larva, ninfa e adulto \u2014 s\u00e3o capazes de transmitir a bact\u00e9ria.<\/p>\n<p>&#13;<\/p>\n<p style=\"text-align: justify;\">Para reduzir o risco de infec\u00e7\u00e3o, a Secretaria de Sa\u00fade orienta que a popula\u00e7\u00e3o evite \u00e1reas com mato alto e utilize roupas claras, de manga longa, cal\u00e7as compridas e botas ao frequentar locais com vegeta\u00e7\u00e3o. Tamb\u00e9m \u00e9 recomendado aplicar repelente quando indicado, inspecionar o corpo e os animais ap\u00f3s a exposi\u00e7\u00e3o a \u00e1reas de risco e remover corretamente os carrapatos com o uso de pin\u00e7a e movimento de tor\u00e7\u00e3o, sem esmag\u00e1-los.<\/p>\n<p>&#13;<br \/>\n&#13;<br \/>\n&#13;<br \/>\n&#13;<br \/>\n&#13;<\/p>\n<article class=\"conteudo-relacionado no-print\">&#13;<br \/>\n        &#13;<br \/>\n&#13;<br \/>\n        &#13;<br \/>\n    <\/article>\n<p>&#13;<br \/>\n&#13;<br \/>\n                <\/main><\/p><\/div>\n<p><br \/>\n<br \/><a href=\"https:\/\/limeira.sp.gov.br\/limeira-reforca-alerta-para-febre-maculosa-e-importancia-do-diagnostico-precoce\" rel=\"noopener\">Informa\u00e7\u00f5es da PML <\/a><\/p>\n","protected":false},"excerpt":{"rendered":"<p>&#13; &#13; &#13; &#13; &#13; &#13; &#13; &#13; &#13; &#13; \u00a0 &#13; A Prefeitura de Limeira refor\u00e7a \u00e0 popula\u00e7\u00e3o as medidas de preven\u00e7\u00e3o contra a febre maculosa, doen\u00e7a infecciosa grave transmitida pela picada do carrapato-estrela infectado pela bact\u00e9ria Rickettsia rickettsii. Embora o munic\u00edpio n\u00e3o tenha casos confirmados da doen\u00e7a em 2026, a orienta\u00e7\u00e3o \u00e9 manter [&hellip;]<\/p>\n","protected":false},"author":1,"featured_media":70293,"comment_status":"","ping_status":"open","sticky":false,"template":"","format":"standard","meta":{"_jetpack_newsletter_access":"","_jetpack_dont_email_post_to_subs":false,"_jetpack_newsletter_tier_id":0,"_jetpack_memberships_contains_paywalled_content":false,"_mbp_banners":[],"_jetpack_feature_clip_id":0,"_jetpack_memberships_contains_paid_content":false,"footnotes":"","jetpack_publicize_message":"","jetpack_publicize_feature_enabled":true,"jetpack_social_post_already_shared":true,"jetpack_social_options":{"image_generator_settings":{"template":"highway","default_image_id":0,"font":"","enabled":false},"version":2},"jetpack_post_was_ever_published":false},"categories":[16],"tags":[],"class_list":["post-70292","post","type-post","status-publish","format-standard","has-post-thumbnail","category-local"],"jetpack_publicize_connections":[],"jetpack-related-posts":[],"jetpack_shortlink":"https:\/\/wp.me\/p7Eq1F-ihK","jetpack_sharing_enabled":true,"jetpack_featured_media_url":"https:\/\/i0.wp.com\/guialimeira.com.br\/news\/wp-content\/uploads\/2026\/06\/m_137_0_1_25062026144432.jpeg?fit=1024%2C576&ssl=1","_links":{"self":[{"href":"https:\/\/guialimeira.com.br\/news\/wp-json\/wp\/v2\/posts\/70292","targetHints":{"allow":["GET"]}}],"collection":[{"href":"https:\/\/guialimeira.com.br\/news\/wp-json\/wp\/v2\/posts"}],"about":[{"href":"https:\/\/guialimeira.com.br\/news\/wp-json\/wp\/v2\/types\/post"}],"author":[{"embeddable":true,"href":"https:\/\/guialimeira.com.br\/news\/wp-json\/wp\/v2\/users\/1"}],"replies":[{"embeddable":true,"href":"https:\/\/guialimeira.com.br\/news\/wp-json\/wp\/v2\/comments?post=70292"}],"version-history":[{"count":0,"href":"https:\/\/guialimeira.com.br\/news\/wp-json\/wp\/v2\/posts\/70292\/revisions"}],"wp:featuredmedia":[{"embeddable":true,"href":"https:\/\/guialimeira.com.br\/news\/wp-json\/wp\/v2\/media\/70293"}],"wp:attachment":[{"href":"https:\/\/guialimeira.com.br\/news\/wp-json\/wp\/v2\/media?parent=70292"}],"wp:term":[{"taxonomy":"category","embeddable":true,"href":"https:\/\/guialimeira.com.br\/news\/wp-json\/wp\/v2\/categories?post=70292"},{"taxonomy":"post_tag","embeddable":true,"href":"https:\/\/guialimeira.com.br\/news\/wp-json\/wp\/v2\/tags?post=70292"}],"curies":[{"name":"wp","href":"https:\/\/api.w.org\/{rel}","templated":true}]}}