{"id":70287,"date":"2026-06-25T13:52:07","date_gmt":"2026-06-25T16:52:07","guid":{"rendered":"https:\/\/guialimeira.com.br\/limeira-tem-maratona-cultural-com-concertos-e-contacao-de-historias\/"},"modified":"2026-06-25T13:52:07","modified_gmt":"2026-06-25T16:52:07","slug":"limeira-tem-maratona-cultural-com-concertos-e-contacao-de-historias","status":"publish","type":"post","link":"https:\/\/guialimeira.com.br\/news\/limeira-tem-maratona-cultural-com-concertos-e-contacao-de-historias\/","title":{"rendered":"Limeira tem maratona cultural com concertos e conta\u00e7\u00e3o de hist\u00f3rias"},"content":{"rendered":"<p> <br \/>\n<\/p>\n<div id=\"\">&#13;<br \/>\n                    &#13;<br \/>\n&#13;<br \/>\n&#13;<br \/>\n&#13;<br \/>\n&#13;<br \/>\n&#13;<br \/>\n    <img data-recalc-dims=\"1\" decoding=\"async\" src=\"https:\/\/i0.wp.com\/ecrie.com.br\/sistema\/conteudos\/imagem\/m_137_0_1_10122025154043.jpeg?w=696&#038;ssl=1\" alt=\"Limeira tem maratona cultural com concertos e conta\u00e7\u00e3o de hist\u00f3rias\"\/>&#13;<br \/>\n&#13;<br \/>\n&#13;<\/p>\n<p data-path-to-node=\"2\">A Prefeitura de Limeira apresenta uma agenda cultural diversificada para movimentar os espa\u00e7os p\u00fablicos e hist\u00f3ricos nos pr\u00f3ximos dias. As atra\u00e7\u00f5es contam com uma grande maratona de concertos de encerramento semestral da Escola Livre de M\u00fasica (ELM), sess\u00f5es de conta\u00e7\u00e3o de hist\u00f3rias infantis, mostras de artes visuais, al\u00e9m das tradicionais op\u00e7\u00f5es de lazer e m\u00fasica instrumental na \u00e1rea central do munic\u00edpio.<\/p>\n<p>&#13;<\/p>\n<p data-path-to-node=\"3\">As atividades t\u00eam in\u00edcio nesta sexta-feira (26) com a &#8220;Hora do Conto&#8221;, realizada no espa\u00e7o da Biblioteca Municipal (Parque Cidade). A a\u00e7\u00e3o, promovida em parceria pelas Secretarias de Cultura e Educa\u00e7\u00e3o, traz as contadoras do Recanto das Hist\u00f3rias para uma imers\u00e3o l\u00fadica no universo da literatura infantil. O evento ocorre em duas sess\u00f5es: \u00e0s 9h, conduzida por Mara Belo, e \u00e0s 14h, sob o comando de Amanda Hergert e Priscilla Celestino. A entrada \u00e9 gratuita e aberta a todas as idades.<\/p>\n<p>&#13;<\/p>\n<p data-path-to-node=\"4\">O s\u00e1bado (27) come\u00e7a com a tradicional Feira de Artes e Gastronomia na Pra\u00e7a Toledo Barros, das 9h \u00e0s 14h, reunindo op\u00e7\u00f5es de artesanato regional e variedades locais. \u00c0 noite, \u00e0s 20h30, o Teatro Vit\u00f3ria sedia o primeiro grande concerto de encerramento do semestre da Escola Livre de M\u00fasica, com a apresenta\u00e7\u00e3o da OSLI Jovem (Orquestra Sinf\u00f4nica de Limeira Jovem) e do Coro da ELM, sob a coordena\u00e7\u00e3o da Sociedade Pr\u00f3-Sinf\u00f4nica de Limeira (SPSL) e com o apoio da Prefeitura.<\/p>\n<p>&#13;<\/p>\n<p data-path-to-node=\"5\">O domingo (28) concentra uma sequ\u00eancia de espet\u00e1culos instrumentais e eruditos gratuitos para a popula\u00e7\u00e3o. \u00c0s 10h30, o Coreto da Pra\u00e7a Toledo Barros recebe a tradicional retreta dominical da Banda Henrique Marques. No mesmo dia, o Teatro Vit\u00f3ria abre as portas para mais tr\u00eas exibi\u00e7\u00f5es da ELM: \u00e0s 11h, apresentam-se a Orquestra de C\u00e2mara, Orquestra de Cordas e Orquestras Preparat\u00f3rias; \u00e0s 15h, \u00e9 a vez das turmas de Viol\u00f5es, Sopros e dos Polos Descentralizados; e, fechando o cronograma \u00e0s 19h, as Bandas ELM trazem um repert\u00f3rio marcado pela intensidade sonora e diversidade de estilos.<\/p>\n<p>&#13;<\/p>\n<p data-path-to-node=\"6\">A programa\u00e7\u00e3o semanal traz ainda a reta final de visita\u00e7\u00e3o da exposi\u00e7\u00e3o &#8220;JussarAt\u00f4mica \u2013 Em estilo livre&#8221;, primeira mostra individual da artista autodidata Jussara Santucci Bou\u00e7as. O acervo permanece aberto ao p\u00fablico no Palacete Levy at\u00e9 o dia 30 de junho, de segunda a sexta-feira, das 8h \u00e0s 17h, com entrada franca.<\/p>\n<p>&#13;<\/p>\n<p data-path-to-node=\"8\"><strong data-path-to-node=\"8\" data-index-in-node=\"0\">Servi\u00e7o:<\/strong><\/p>\n<p>&#13;<\/p>\n<p data-path-to-node=\"9\"><strong data-path-to-node=\"9\" data-index-in-node=\"0\">Hora do Conto com Recanto das Hist\u00f3rias<\/strong><\/p>\n<p>&#13;<\/p>\n<ul data-path-to-node=\"10\">&#13;<\/p>\n<li>&#13;\n<p data-path-to-node=\"10,0,0\"><strong data-path-to-node=\"10,0,0\" data-index-in-node=\"0\">Data:<\/strong> 26 de junho (esta sexta-feira)<\/p>\n<p>&#13;\n<\/li>\n<p>&#13;<\/p>\n<li>&#13;\n<p data-path-to-node=\"10,1,0\"><strong data-path-to-node=\"10,1,0\" data-index-in-node=\"0\">Hor\u00e1rios:<\/strong> \u00c0s 9h (com Mara Belo) e \u00e0s 14h (com Amanda Hergert e Priscilla Celestino)<\/p>\n<p>&#13;\n<\/li>\n<p>&#13;<\/p>\n<li>&#13;\n<p data-path-to-node=\"10,2,0\"><strong data-path-to-node=\"10,2,0\" data-index-in-node=\"0\">Local:<\/strong> Biblioteca Municipal (Parque Cidade)<\/p>\n<p>&#13;\n<\/li>\n<p>&#13;<\/p>\n<li>&#13;\n<p data-path-to-node=\"10,3,0\"><strong data-path-to-node=\"10,3,0\" data-index-in-node=\"0\">Entrada:<\/strong> Gratuita | Classifica\u00e7\u00e3o: Livre<\/p>\n<p>&#13;\n<\/li>\n<p>&#13;<\/p>\n<li>&#13;\n<p data-path-to-node=\"10,4,0\"><strong data-path-to-node=\"10,4,0\" data-index-in-node=\"0\">Realiza\u00e7\u00e3o:<\/strong> Prefeitura de Limeira<\/p>\n<p>&#13;\n<\/li>\n<p>&#13;\n<\/ul>\n<p>&#13;<\/p>\n<p data-path-to-node=\"11\"><strong data-path-to-node=\"11\" data-index-in-node=\"0\">Feira de Artes e Gastronomia<\/strong><\/p>\n<p>&#13;<\/p>\n<ul data-path-to-node=\"12\">&#13;<\/p>\n<li>&#13;\n<p data-path-to-node=\"12,0,0\"><strong data-path-to-node=\"12,0,0\" data-index-in-node=\"0\">Data:<\/strong> Todo s\u00e1bado (27 de junho)<\/p>\n<p>&#13;\n<\/li>\n<p>&#13;<\/p>\n<li>&#13;\n<p data-path-to-node=\"12,1,0\"><strong data-path-to-node=\"12,1,0\" data-index-in-node=\"0\">Hor\u00e1rio:<\/strong> Das 9h \u00e0s 14h<\/p>\n<p>&#13;\n<\/li>\n<p>&#13;<\/p>\n<li>&#13;\n<p data-path-to-node=\"12,2,0\"><strong data-path-to-node=\"12,2,0\" data-index-in-node=\"0\">Local:<\/strong> Pra\u00e7a Toledo Barros (Centro)<\/p>\n<p>&#13;\n<\/li>\n<p>&#13;<\/p>\n<li>&#13;\n<p data-path-to-node=\"12,3,0\"><strong data-path-to-node=\"12,3,0\" data-index-in-node=\"0\">Entrada:<\/strong> Gratuita | <strong data-path-to-node=\"12,3,0\" data-index-in-node=\"20\">Realiza\u00e7\u00e3o:<\/strong> Prefeitura de Limeira<\/p>\n<p>&#13;\n<\/li>\n<p>&#13;\n<\/ul>\n<p>&#13;<\/p>\n<p data-path-to-node=\"13\"><strong data-path-to-node=\"13\" data-index-in-node=\"0\">Concerto ELM: OSLI Jovem e Coro<\/strong><\/p>\n<p>&#13;<\/p>\n<ul data-path-to-node=\"14\">&#13;<\/p>\n<li>&#13;\n<p data-path-to-node=\"14,0,0\"><strong data-path-to-node=\"14,0,0\" data-index-in-node=\"0\">Data:<\/strong> 27 de junho (s\u00e1bado) | <strong data-path-to-node=\"14,0,0\" data-index-in-node=\"29\">Hor\u00e1rio:<\/strong> 20h30<\/p>\n<p>&#13;\n<\/li>\n<p>&#13;<\/p>\n<li>&#13;\n<p data-path-to-node=\"14,1,0\"><strong data-path-to-node=\"14,1,0\" data-index-in-node=\"0\">Local:<\/strong> Teatro Vit\u00f3ria (Pra\u00e7a Toledo Barros, s\/n\u00ba &#8211; Centro)<\/p>\n<p>&#13;\n<\/li>\n<p>&#13;<\/p>\n<li>&#13;\n<p data-path-to-node=\"14,2,0\"><strong data-path-to-node=\"14,2,0\" data-index-in-node=\"0\">Entrada:<\/strong> Gratuita | Classifica\u00e7\u00e3o: Livre<\/p>\n<p>&#13;\n<\/li>\n<p>&#13;<\/p>\n<li>&#13;\n<p data-path-to-node=\"14,3,0\"><strong data-path-to-node=\"14,3,0\" data-index-in-node=\"0\">Realiza\u00e7\u00e3o:<\/strong> Sociedade Pr\u00f3-Sinf\u00f4nica de Limeira (SPSL), com apoio da Prefeitura de Limeira<\/p>\n<p>&#13;\n<\/li>\n<p>&#13;\n<\/ul>\n<p>&#13;<\/p>\n<p data-path-to-node=\"15\"><strong data-path-to-node=\"15\" data-index-in-node=\"0\">M\u00fasica na Pra\u00e7a: Banda Henrique Marques<\/strong><\/p>\n<p>&#13;<\/p>\n<ul data-path-to-node=\"16\">&#13;<\/p>\n<li>&#13;\n<p data-path-to-node=\"16,0,0\"><strong data-path-to-node=\"16,0,0\" data-index-in-node=\"0\">Data:<\/strong> 28 de junho (domingo) | <strong data-path-to-node=\"16,0,0\" data-index-in-node=\"30\">Hor\u00e1rio:<\/strong> 10h30<\/p>\n<p>&#13;\n<\/li>\n<p>&#13;<\/p>\n<li>&#13;\n<p data-path-to-node=\"16,1,0\"><strong data-path-to-node=\"16,1,0\" data-index-in-node=\"0\">Local:<\/strong> Coreto da Pra\u00e7a Toledo Barros<\/p>\n<p>&#13;\n<\/li>\n<p>&#13;<\/p>\n<li>&#13;\n<p data-path-to-node=\"16,2,0\"><strong data-path-to-node=\"16,2,0\" data-index-in-node=\"0\">Entrada:<\/strong> Gratuita | Classifica\u00e7\u00e3o: Livre<\/p>\n<p>&#13;\n<\/li>\n<p>&#13;<\/p>\n<li>&#13;\n<p data-path-to-node=\"16,3,0\"><strong data-path-to-node=\"16,3,0\" data-index-in-node=\"0\">Realiza\u00e7\u00e3o:<\/strong> Prefeitura de Limeira<\/p>\n<p>&#13;\n<\/li>\n<p>&#13;\n<\/ul>\n<p>&#13;<\/p>\n<p data-path-to-node=\"17\"><strong data-path-to-node=\"17\" data-index-in-node=\"0\">Concerto ELM: Orquestra de C\u00e2mara, Orquestra de Cordas e Preparat\u00f3rias<\/strong><\/p>\n<p>&#13;<\/p>\n<ul data-path-to-node=\"18\">&#13;<\/p>\n<li>&#13;\n<p data-path-to-node=\"18,0,0\"><strong data-path-to-node=\"18,0,0\" data-index-in-node=\"0\">Data:<\/strong> 28 de junho (domingo) | <strong data-path-to-node=\"18,0,0\" data-index-in-node=\"30\">Hor\u00e1rio:<\/strong> 11h<\/p>\n<p>&#13;\n<\/li>\n<p>&#13;<\/p>\n<li>&#13;\n<p data-path-to-node=\"18,1,0\"><strong data-path-to-node=\"18,1,0\" data-index-in-node=\"0\">Local:<\/strong> Teatro Vit\u00f3ria (Centro)<\/p>\n<p>&#13;\n<\/li>\n<p>&#13;<\/p>\n<li>&#13;\n<p data-path-to-node=\"18,2,0\"><strong data-path-to-node=\"18,2,0\" data-index-in-node=\"0\">Entrada:<\/strong> Gratuita | Classifica\u00e7\u00e3o: Livre<\/p>\n<p>&#13;\n<\/li>\n<p>&#13;<\/p>\n<li>&#13;\n<p data-path-to-node=\"18,3,0\"><strong data-path-to-node=\"18,3,0\" data-index-in-node=\"0\">Realiza\u00e7\u00e3o:<\/strong> Sociedade Pr\u00f3-Sinf\u00f4nica de Limeira (SPSL), com apoio da Prefeitura de Limeira<\/p>\n<p>&#13;\n<\/li>\n<p>&#13;\n<\/ul>\n<p>&#13;<\/p>\n<p data-path-to-node=\"19\"><strong data-path-to-node=\"19\" data-index-in-node=\"0\">Concerto ELM: Viol\u00f5es, Sopros e Polos Descentralizados<\/strong><\/p>\n<p>&#13;<\/p>\n<ul data-path-to-node=\"20\">&#13;<\/p>\n<li>&#13;\n<p data-path-to-node=\"20,0,0\"><strong data-path-to-node=\"20,0,0\" data-index-in-node=\"0\">Data:<\/strong> 28 de junho (domingo) | <strong data-path-to-node=\"20,0,0\" data-index-in-node=\"30\">Hor\u00e1rio:<\/strong> 15h<\/p>\n<p>&#13;\n<\/li>\n<p>&#13;<\/p>\n<li>&#13;\n<p data-path-to-node=\"20,1,0\"><strong data-path-to-node=\"20,1,0\" data-index-in-node=\"0\">Local:<\/strong> Teatro Vit\u00f3ria (Centro)<\/p>\n<p>&#13;\n<\/li>\n<p>&#13;<\/p>\n<li>&#13;\n<p data-path-to-node=\"20,2,0\"><strong data-path-to-node=\"20,2,0\" data-index-in-node=\"0\">Entrada:<\/strong> Gratuita | Classifica\u00e7\u00e3o: Livre<\/p>\n<p>&#13;\n<\/li>\n<p>&#13;<\/p>\n<li>&#13;\n<p data-path-to-node=\"20,3,0\"><strong data-path-to-node=\"20,3,0\" data-index-in-node=\"0\">Realiza\u00e7\u00e3o:<\/strong> Sociedade Pr\u00f3-Sinf\u00f4nica de Limeira (SPSL), com apoio da Prefeitura de Limeira<\/p>\n<p>&#13;\n<\/li>\n<p>&#13;\n<\/ul>\n<p>&#13;<\/p>\n<p data-path-to-node=\"21\"><strong data-path-to-node=\"21\" data-index-in-node=\"0\">Concerto ELM: Bandas ELM<\/strong><\/p>\n<p>&#13;<\/p>\n<ul data-path-to-node=\"22\">&#13;<\/p>\n<li>&#13;\n<p data-path-to-node=\"22,0,0\"><strong data-path-to-node=\"22,0,0\" data-index-in-node=\"0\">Data:<\/strong> 28 de junho (domingo) | <strong data-path-to-node=\"22,0,0\" data-index-in-node=\"30\">Hor\u00e1rio:<\/strong> 19h<\/p>\n<p>&#13;\n<\/li>\n<p>&#13;<\/p>\n<li>&#13;\n<p data-path-to-node=\"22,1,0\"><strong data-path-to-node=\"22,1,0\" data-index-in-node=\"0\">Local:<\/strong> Teatro Vit\u00f3ria (Centro)<\/p>\n<p>&#13;\n<\/li>\n<p>&#13;<\/p>\n<li>&#13;\n<p data-path-to-node=\"22,2,0\"><strong data-path-to-node=\"22,2,0\" data-index-in-node=\"0\">Entrada:<\/strong> Gratuita | Classifica\u00e7\u00e3o: Livre<\/p>\n<p>&#13;\n<\/li>\n<p>&#13;<\/p>\n<li>&#13;\n<p data-path-to-node=\"22,3,0\"><strong data-path-to-node=\"22,3,0\" data-index-in-node=\"0\">Realiza\u00e7\u00e3o:<\/strong> Sociedade Pr\u00f3-Sinf\u00f4nica de Limeira (SPSL), com apoio da Prefeitura de Limeira<\/p>\n<p>&#13;\n<\/li>\n<p>&#13;\n<\/ul>\n<p>&#13;<\/p>\n<p data-path-to-node=\"23\"><strong data-path-to-node=\"23\" data-index-in-node=\"0\">Exposi\u00e7\u00e3o: \u201cJussarAt\u00f4mica \u2013 Em estilo livre\u201d (Artista: Jussara Santucci Bou\u00e7as)<\/strong><\/p>\n<p>&#13;<\/p>\n<ul data-path-to-node=\"24\">&#13;<\/p>\n<li>&#13;\n<p data-path-to-node=\"24,0,0\"><strong data-path-to-node=\"24,0,0\" data-index-in-node=\"0\">Per\u00edodo:<\/strong> At\u00e9 30 de junho (ter\u00e7a-feira)<\/p>\n<p>&#13;\n<\/li>\n<p>&#13;<\/p>\n<li>&#13;\n<p data-path-to-node=\"24,1,0\"><strong data-path-to-node=\"24,1,0\" data-index-in-node=\"0\">Hor\u00e1rio:<\/strong> Das 8h \u00e0s 17h<\/p>\n<p>&#13;\n<\/li>\n<p>&#13;<\/p>\n<li>&#13;\n<p data-path-to-node=\"24,2,0\"><strong data-path-to-node=\"24,2,0\" data-index-in-node=\"0\">Local:<\/strong> Palacete Levy (Largo da Boa Morte, 11 &#8211; Centro)<\/p>\n<p>&#13;\n<\/li>\n<p>&#13;<\/p>\n<li>&#13;\n<p data-path-to-node=\"24,3,0\"><strong data-path-to-node=\"24,3,0\" data-index-in-node=\"0\">Entrada:<\/strong> Gratuita | Classifica\u00e7\u00e3o: Livre<\/p>\n<p>&#13;\n<\/li>\n<p>&#13;<\/p>\n<li>&#13;\n<p data-path-to-node=\"24,4,0\"><strong data-path-to-node=\"24,4,0\" data-index-in-node=\"0\">Realiza\u00e7\u00e3o:<\/strong> Artista Jussara S. Bou\u00e7as, com apoio da Prefeitura de Limeira<\/p>\n<p>&#13;\n<\/li>\n<p>&#13;\n<\/ul>\n<p>&#13;<br \/>\n&#13;<br \/>\n&#13;<br \/>\n&#13;<\/p>\n<article class=\"conteudo-relacionado no-print\">&#13;<br \/>\n        &#13;<br \/>\n&#13;<br \/>\n        &#13;<br \/>\n    <\/article>\n<p>&#13;<br \/>\n&#13;\n                <\/p><\/div>\n<p><br \/>\n<br \/><a href=\"https:\/\/limeira.sp.gov.br\/limeira-tem-maratona-cultural-com-concertos-e-contacao-de-historias\" rel=\"noopener\">Informa\u00e7\u00f5es da PML <\/a><\/p>\n","protected":false},"excerpt":{"rendered":"<p>&#13; &#13; &#13; &#13; &#13; &#13; &#13; &#13; &#13; &#13; A Prefeitura de Limeira apresenta uma agenda cultural diversificada para movimentar os espa\u00e7os p\u00fablicos e hist\u00f3ricos nos pr\u00f3ximos dias. As atra\u00e7\u00f5es contam com uma grande maratona de concertos de encerramento semestral da Escola Livre de M\u00fasica (ELM), sess\u00f5es de conta\u00e7\u00e3o de hist\u00f3rias infantis, mostras de [&hellip;]<\/p>\n","protected":false},"author":1,"featured_media":51101,"comment_status":"","ping_status":"open","sticky":false,"template":"","format":"standard","meta":{"_jetpack_newsletter_access":"","_jetpack_dont_email_post_to_subs":false,"_jetpack_newsletter_tier_id":0,"_jetpack_memberships_contains_paywalled_content":false,"_mbp_banners":[],"_jetpack_feature_clip_id":0,"_jetpack_memberships_contains_paid_content":false,"footnotes":"","jetpack_publicize_message":"","jetpack_publicize_feature_enabled":true,"jetpack_social_post_already_shared":true,"jetpack_social_options":{"image_generator_settings":{"template":"highway","default_image_id":0,"font":"","enabled":false},"version":2},"jetpack_post_was_ever_published":false},"categories":[16],"tags":[],"class_list":["post-70287","post","type-post","status-publish","format-standard","has-post-thumbnail","category-local"],"jetpack_publicize_connections":[],"jetpack-related-posts":[],"jetpack_shortlink":"https:\/\/wp.me\/p7Eq1F-ihF","jetpack_sharing_enabled":true,"jetpack_featured_media_url":"https:\/\/i0.wp.com\/guialimeira.com.br\/news\/wp-content\/uploads\/2025\/12\/m_137_0_1_10122025154043.jpeg?fit=848%2C570&ssl=1","_links":{"self":[{"href":"https:\/\/guialimeira.com.br\/news\/wp-json\/wp\/v2\/posts\/70287","targetHints":{"allow":["GET"]}}],"collection":[{"href":"https:\/\/guialimeira.com.br\/news\/wp-json\/wp\/v2\/posts"}],"about":[{"href":"https:\/\/guialimeira.com.br\/news\/wp-json\/wp\/v2\/types\/post"}],"author":[{"embeddable":true,"href":"https:\/\/guialimeira.com.br\/news\/wp-json\/wp\/v2\/users\/1"}],"replies":[{"embeddable":true,"href":"https:\/\/guialimeira.com.br\/news\/wp-json\/wp\/v2\/comments?post=70287"}],"version-history":[{"count":0,"href":"https:\/\/guialimeira.com.br\/news\/wp-json\/wp\/v2\/posts\/70287\/revisions"}],"wp:featuredmedia":[{"embeddable":true,"href":"https:\/\/guialimeira.com.br\/news\/wp-json\/wp\/v2\/media\/51101"}],"wp:attachment":[{"href":"https:\/\/guialimeira.com.br\/news\/wp-json\/wp\/v2\/media?parent=70287"}],"wp:term":[{"taxonomy":"category","embeddable":true,"href":"https:\/\/guialimeira.com.br\/news\/wp-json\/wp\/v2\/categories?post=70287"},{"taxonomy":"post_tag","embeddable":true,"href":"https:\/\/guialimeira.com.br\/news\/wp-json\/wp\/v2\/tags?post=70287"}],"curies":[{"name":"wp","href":"https:\/\/api.w.org\/{rel}","templated":true}]}}