{"id":70206,"date":"2026-06-24T19:51:22","date_gmt":"2026-06-24T22:51:22","guid":{"rendered":"https:\/\/guialimeira.com.br\/sao-paulo-inicia-operacao-inverno-com-reforco-de-500-policiais-na-serra-da-mantiqueira\/"},"modified":"2026-06-24T19:51:22","modified_gmt":"2026-06-24T22:51:22","slug":"sao-paulo-inicia-operacao-inverno-com-reforco-de-500-policiais-na-serra-da-mantiqueira","status":"publish","type":"post","link":"https:\/\/guialimeira.com.br\/news\/sao-paulo-inicia-operacao-inverno-com-reforco-de-500-policiais-na-serra-da-mantiqueira\/","title":{"rendered":"S\u00e3o Paulo inicia Opera\u00e7\u00e3o Inverno com refor\u00e7o de 500 policiais na Serra da Mantiqueira"},"content":{"rendered":"<p> <br \/>\n<br \/><img data-recalc-dims=\"1\" decoding=\"async\" src=\"https:\/\/i0.wp.com\/www.agenciasp.sp.gov.br\/wp-content\/uploads\/2026\/06\/WhatsApp-Image-2026-06-24-at-14.52.47-e1782324550227.jpeg?w=696&#038;ssl=1\" \/><\/p>\n<div>\n<p class=\"wp-block-paragraph\">A Pol\u00edcia Militar inicia nesta quarta-feira (24) mais uma edi\u00e7\u00e3o da Opera\u00e7\u00e3o Inverno na Serra da Mantiqueira. Com o refor\u00e7o do efetivo policial durante a temporada de f\u00e9rias e o Festival de Inverno, a a\u00e7\u00e3o tem como objetivo ampliar a seguran\u00e7a de moradores e turistas que circulam por Campos do Jord\u00e3o, S\u00e3o Bento do Sapuca\u00ed e Santo Ant\u00f4nio do Pinhal, munic\u00edpios que registram aumento expressivo no fluxo de visitantes nesta \u00e9poca do ano.<\/p>\n<p class=\"wp-block-paragraph\">Entre junho e agosto, cerca de 500 policiais militares atuar\u00e3o nos principais pontos tur\u00edsticos, \u00e1reas comerciais e locais de grande circula\u00e7\u00e3o de pessoas. Segundo a corpora\u00e7\u00e3o, a expectativa \u00e9 de que aproximadamente 2 milh\u00f5es de visitantes passem pela regi\u00e3o durante o per\u00edodo.<\/p>\n<p class=\"wp-block-paragraph\"><strong>LEIA TAMB\u00c9M: <a href=\"https:\/\/www.agenciasp.sp.gov.br\/policia-militar-reforca-seguranca-nas-marginais-tiete-e-pinheiros-com-operacao-especial\/\" rel=\"noopener\">Pol\u00edcia Militar refor\u00e7a seguran\u00e7a nas marginais Tiet\u00ea e Pinheiros com opera\u00e7\u00e3o especial<\/a><\/strong><\/p>\n<p class=\"wp-block-paragraph\">\u201cA Opera\u00e7\u00e3o Inverno 2026 foi planejada para ampliar a presen\u00e7a policial nos principais pontos tur\u00edsticos da Serra da Mantiqueira. Com o emprego de equipes especializadas, policiamento terrestre e a\u00e9reo, al\u00e9m do uso de tecnologias de monitoramento, estaremos preparados para agir de forma r\u00e1pida e eficiente, garantindo a seguran\u00e7a da popula\u00e7\u00e3o e dos visitantes durante toda a temporada\u201d, afirmou o coronel Mendes Ribeiro, comandante do Comando de Policiamento de \u00c1rea 1 (CPA\/M-1), respons\u00e1vel pela regi\u00e3o de S\u00e3o Jos\u00e9 dos Campos.<\/p>\n<p class=\"wp-block-paragraph\">As a\u00e7\u00f5es incluem o refor\u00e7o do policiamento ostensivo e preventivo com base em an\u00e1lises de intelig\u00eancia policial e georreferenciamento de ocorr\u00eancias, al\u00e9m da intensifica\u00e7\u00e3o da fiscaliza\u00e7\u00e3o nas rodovias de acesso aos munic\u00edpios e do patrulhamento nas \u00e1reas urbanas.<\/p>\n<p class=\"wp-block-paragraph\">A mobiliza\u00e7\u00e3o tamb\u00e9m contar\u00e1 com o apoio de unidades especializadas, incluindo os policiamentos rodovi\u00e1rio, de tr\u00e2nsito, ambiental, de choque e a\u00e9reo, al\u00e9m do Corpo de Bombeiros. Entre as medidas previstas est\u00e3o a amplia\u00e7\u00e3o do patrulhamento em \u00e1reas de preserva\u00e7\u00e3o ambiental, o monitoramento a\u00e9reo para apoio \u00e0s equipes em campo e o fortalecimento da capacidade de resposta em ocorr\u00eancias de busca, salvamento e combate a inc\u00eandios.<\/p>\n<p class=\"wp-block-paragraph\">Na edi\u00e7\u00e3o de 2025, a Opera\u00e7\u00e3o Inverno resultou na pris\u00e3o de 85 pessoas, entre elas 28 procurados pela Justi\u00e7a capturados e seis adolescentes apreendidos. As a\u00e7\u00f5es tamb\u00e9m levaram \u00e0 remo\u00e7\u00e3o de 201 motos e 216 autom\u00f3veis em situa\u00e7\u00e3o irregular, al\u00e9m da localiza\u00e7\u00e3o de 14 ve\u00edculos. Durante o per\u00edodo, os policiais apreenderam quatro armas de fogo e 512 quilos de drogas.<\/p>\n<h3 class=\"wp-block-heading\">Pol\u00edcia Civil amplia atendimento durante o per\u00edodo<\/h3>\n<p class=\"wp-block-paragraph\">Para refor\u00e7ar o atendimento durante a temporada de maior movimento tur\u00edstico na Serra da Mantiqueira, a Pol\u00edcia Civil tamb\u00e9m ampliar\u00e1 o efetivo nas delegacias da regi\u00e3o, com o refor\u00e7o de escriv\u00e3es, investigadores e delegados. O objetivo \u00e9 garantir mais agilidade no atendimento das ocorr\u00eancias, especialmente nos hor\u00e1rios de maior fluxo de visitantes e nos casos que demandem atua\u00e7\u00e3o imediata no local dos fatos.<\/p>\n<p class=\"wp-block-paragraph\">As delegacias dos tr\u00eas munic\u00edpios permanecer\u00e3o abertas durante fins de semana e feriados, assegurando atendimento presencial \u00e0 popula\u00e7\u00e3o e aos turistas. Al\u00e9m disso, um delegado escalado para a opera\u00e7\u00e3o poder\u00e1 se deslocar entre as cidades sempre que a complexidade da ocorr\u00eancia exigir acompanhamento especializado.<\/p>\n<p class=\"wp-block-paragraph\">A a\u00e7\u00e3o contar\u00e1 ainda com suporte tecnol\u00f3gico para garantir o atendimento ininterrupto das ocorr\u00eancias e agilizar os procedimentos investigativos. Entre as medidas previstas est\u00e1 a solicita\u00e7\u00e3o de uma equipe pericial fixa em Campos do Jord\u00e3o, o que permitir\u00e1 a realiza\u00e7\u00e3o de exames preliminares relacionados ao tr\u00e1fico de drogas no pr\u00f3prio munic\u00edpio, reduzindo deslocamentos e conferindo maior rapidez aos procedimentos de flagrante.<\/p>\n<\/p><\/div>\n<p><br \/>\n<br \/><a href=\"https:\/\/www.agenciasp.sp.gov.br\/pm-inicia-operacao-inverno-com-reforco-de-500-policiais-na-serra-da-mantiqueira\/\" rel=\"noopener\">Informa\u00e7\u00f5es GOV.SP<\/a><\/p>\n","protected":false},"excerpt":{"rendered":"<p>A Pol\u00edcia Militar inicia nesta quarta-feira (24) mais uma edi\u00e7\u00e3o da Opera\u00e7\u00e3o Inverno na Serra da Mantiqueira. Com o refor\u00e7o do efetivo policial durante a temporada de f\u00e9rias e o Festival de Inverno, a a\u00e7\u00e3o tem como objetivo ampliar a seguran\u00e7a de moradores e turistas que circulam por Campos do Jord\u00e3o, S\u00e3o Bento do Sapuca\u00ed [&hellip;]<\/p>\n","protected":false},"author":1,"featured_media":70207,"comment_status":"","ping_status":"open","sticky":false,"template":"","format":"standard","meta":{"_jetpack_newsletter_access":"","_jetpack_dont_email_post_to_subs":false,"_jetpack_newsletter_tier_id":0,"_jetpack_memberships_contains_paywalled_content":false,"_mbp_banners":[],"_jetpack_feature_clip_id":0,"_jetpack_memberships_contains_paid_content":false,"footnotes":"","jetpack_publicize_message":"","jetpack_publicize_feature_enabled":true,"jetpack_social_post_already_shared":true,"jetpack_social_options":{"image_generator_settings":{"template":"highway","default_image_id":0,"font":"","enabled":false},"version":2},"jetpack_post_was_ever_published":false},"categories":[21],"tags":[],"class_list":["post-70206","post","type-post","status-publish","format-standard","has-post-thumbnail","category-sp-news"],"jetpack_publicize_connections":[],"jetpack-related-posts":[],"jetpack_shortlink":"https:\/\/wp.me\/p7Eq1F-igm","jetpack_sharing_enabled":true,"jetpack_featured_media_url":"https:\/\/i0.wp.com\/guialimeira.com.br\/news\/wp-content\/uploads\/2026\/06\/Sao-Paulo-inicia-Operacao-Inverno-com-reforco-de-500-policiais.jpeg?fit=1600%2C900&ssl=1","_links":{"self":[{"href":"https:\/\/guialimeira.com.br\/news\/wp-json\/wp\/v2\/posts\/70206","targetHints":{"allow":["GET"]}}],"collection":[{"href":"https:\/\/guialimeira.com.br\/news\/wp-json\/wp\/v2\/posts"}],"about":[{"href":"https:\/\/guialimeira.com.br\/news\/wp-json\/wp\/v2\/types\/post"}],"author":[{"embeddable":true,"href":"https:\/\/guialimeira.com.br\/news\/wp-json\/wp\/v2\/users\/1"}],"replies":[{"embeddable":true,"href":"https:\/\/guialimeira.com.br\/news\/wp-json\/wp\/v2\/comments?post=70206"}],"version-history":[{"count":0,"href":"https:\/\/guialimeira.com.br\/news\/wp-json\/wp\/v2\/posts\/70206\/revisions"}],"wp:featuredmedia":[{"embeddable":true,"href":"https:\/\/guialimeira.com.br\/news\/wp-json\/wp\/v2\/media\/70207"}],"wp:attachment":[{"href":"https:\/\/guialimeira.com.br\/news\/wp-json\/wp\/v2\/media?parent=70206"}],"wp:term":[{"taxonomy":"category","embeddable":true,"href":"https:\/\/guialimeira.com.br\/news\/wp-json\/wp\/v2\/categories?post=70206"},{"taxonomy":"post_tag","embeddable":true,"href":"https:\/\/guialimeira.com.br\/news\/wp-json\/wp\/v2\/tags?post=70206"}],"curies":[{"name":"wp","href":"https:\/\/api.w.org\/{rel}","templated":true}]}}