{"id":70201,"date":"2026-06-24T18:50:13","date_gmt":"2026-06-24T21:50:13","guid":{"rendered":"https:\/\/guialimeira.com.br\/governo-de-sp-entrega-terceira-escola-da-ppp-novas-escolas-e-anuncia-campus-integrado-da-etec-e-fatec-em-atibaia\/"},"modified":"2026-06-24T18:50:13","modified_gmt":"2026-06-24T21:50:13","slug":"governo-de-sp-entrega-terceira-escola-da-ppp-novas-escolas-e-anuncia-campus-integrado-da-etec-e-fatec-em-atibaia","status":"publish","type":"post","link":"https:\/\/guialimeira.com.br\/news\/governo-de-sp-entrega-terceira-escola-da-ppp-novas-escolas-e-anuncia-campus-integrado-da-etec-e-fatec-em-atibaia\/","title":{"rendered":"Governo de SP entrega terceira escola da PPP Novas Escolas e anuncia campus integrado da Etec e Fatec em Atibaia"},"content":{"rendered":"<p> <br \/>\n<\/p>\n<div>\n<p class=\"wp-block-paragraph\">O Governo de S\u00e3o Paulo entregou nesta quarta-feira (24), em Atibaia, a Escola Estadual Cientista Hideki Yukawa, terceira unidade constru\u00edda pelo programa PPP Novas Escolas no estado e a primeira da iniciativa na regi\u00e3o de Bragan\u00e7a Paulista. Localizada no bairro Nova Cerejeiras, a escola tem capacidade para atender 1.040 estudantes dos anos finais do Ensino Fundamental e do Ensino M\u00e9dio. A unidade funcionar\u00e1 em per\u00edodo integral, com jornada di\u00e1ria de nove horas, das 7h30 \u00e0s 16h30.\u00a0<\/p>\n<p class=\"wp-block-paragraph\">\u201cA PPP permite entregar escolas modernas, com infraestrutura de excel\u00eancia e um padr\u00e3o que n\u00e3o deve nada \u00e0s melhores institui\u00e7\u00f5es de ensino. Ao mesmo tempo, transfere para a concession\u00e1ria responsabilidades como manuten\u00e7\u00e3o, zeladoria, mobili\u00e1rio e tecnologia, liberando diretores e professores para se dedicarem ao que realmente importa: ensinar e educar. Temos indicadores de desempenho, fiscaliza\u00e7\u00e3o e acompanhamento permanente para garantir a qualidade do servi\u00e7o. O resultado est\u00e1 aparecendo: as escolas est\u00e3o sendo entregues antes do prazo e oferecendo um ambiente que favorece a aprendizagem. No fim, o que queremos \u00e9 que cada unidade seja um instrumento de transforma\u00e7\u00e3o na vida dos nossos estudantes.\u201d\u00a0<\/p>\n<p class=\"wp-block-paragraph\">As aulas ter\u00e3o in\u00edcio no segundo semestre letivo. Neste ano, a escola receber\u00e1 488 estudantes, com amplia\u00e7\u00e3o gradual das matr\u00edculas at\u00e9 atingir sua capacidade total. Na rede estadual, o retorno \u00e0s aulas est\u00e1 previsto para 24 de julho.<\/p>\n<p class=\"wp-block-paragraph\">Constru\u00edda em um terreno de 7.115 metros quadrados, a unidade foi projetada para oferecer ambientes modernos e adequados ao desenvolvimento da aprendizagem. A estrutura inclui salas de aula, sala de recursos, quatro espa\u00e7os de inova\u00e7\u00e3o, sala de leitura, espa\u00e7o de estudos individuais, audit\u00f3rio, refeit\u00f3rio, cozinha completa, p\u00e1tio coberto, ambientes de conviv\u00eancia, gin\u00e1sio poliesportivo, arquibancada, centro de m\u00eddias e \u00e1reas administrativas e pedag\u00f3gicas. O projeto tamb\u00e9m contempla sanit\u00e1rios e vesti\u00e1rios adaptados para pessoas com defici\u00eancia.<\/p>\n<p class=\"wp-block-paragraph\">A nova escola refor\u00e7a a expans\u00e3o do Programa de Ensino Integral na regi\u00e3o. Atualmente, a Diretoria de Ensino de Bragan\u00e7a Paulista conta com 35 escolas estaduais que adotam o modelo, atendendo cerca de 15,1 mil estudantes. Em todo o estado, o n\u00famero de unidades de Ensino Integral cresceu 12% em rela\u00e7\u00e3o ao ano passado.<\/p>\n<figure class=\"wp-block-image size-large\"><img data-recalc-dims=\"1\" fetchpriority=\"high\" decoding=\"async\" width=\"696\" height=\"464\" src=\"https:\/\/i0.wp.com\/www.agenciasp.sp.gov.br\/wp-content\/uploads\/2026\/06\/Inauguracao-EE-Hideki-Yukawa-1024x683.jpg?resize=696%2C464&#038;ssl=1\" alt=\"\" class=\"wp-image-154856 lazy\" srcset=\"https:\/\/www.agenciasp.sp.gov.br\/wp-content\/uploads\/2026\/06\/Inauguracao-EE-Hideki-Yukawa-1024x683.jpg 1024w, https:\/\/www.agenciasp.sp.gov.br\/wp-content\/uploads\/2026\/06\/Inauguracao-EE-Hideki-Yukawa-300x200.jpg 300w, https:\/\/www.agenciasp.sp.gov.br\/wp-content\/uploads\/2026\/06\/Inauguracao-EE-Hideki-Yukawa-768x512.jpg 768w, https:\/\/www.agenciasp.sp.gov.br\/wp-content\/uploads\/2026\/06\/Inauguracao-EE-Hideki-Yukawa-1536x1024.jpg 1536w, https:\/\/www.agenciasp.sp.gov.br\/wp-content\/uploads\/2026\/06\/Inauguracao-EE-Hideki-Yukawa-2048x1365.jpg 2048w, https:\/\/www.agenciasp.sp.gov.br\/wp-content\/uploads\/2026\/06\/Inauguracao-EE-Hideki-Yukawa-150x100.jpg 150w\" data-sizes=\"(max-width: 1024px) 100vw, 1024px\"\/><figcaption class=\"wp-element-caption\">Unidade escolar amplia Programa de Ensino Integral na regi\u00e3o, que j\u00e1 conta com 35 unidades que adotam essa jornada. Foto: Jo\u00e3o Val\u00e9rio\/Governo do Estado de SP<\/figcaption><\/figure>\n<p class=\"wp-block-paragraph\">O programa PPP Novas Escolas prev\u00ea a constru\u00e7\u00e3o de 33 unidades em 29 munic\u00edpios paulistas. A iniciativa combina investimentos privados em infraestrutura e manuten\u00e7\u00e3o com a gest\u00e3o pedag\u00f3gica mantida integralmente pela Secretaria da Educa\u00e7\u00e3o do Estado. No Lote Leste da PPP, onde est\u00e1 inclu\u00edda a unidade de Atibaia, est\u00e3o previstos investimentos de R$ 2,1 bilh\u00f5es ao longo dos 25 anos da concess\u00e3o.<\/p>\n<p class=\"wp-block-paragraph\">\u201cNas PPPs, temos um contrato que garante uma boa execu\u00e7\u00e3o para que os nossos alunos tenham as melhores condi\u00e7\u00f5es de estudar em escolas limpas, organizadas, com infraestrutura, com laborat\u00f3rios, com internet. Assim, o Estado foca na \u00e1rea pedag\u00f3gica, na aprendizagem, no cuidado com os alunos, e a iniciativa privada foca na manuten\u00e7\u00e3o\u201d, afirma o secret\u00e1rio da Educa\u00e7\u00e3o, Renato Feder.<\/p>\n<p class=\"wp-block-paragraph\"><strong>Novo campus para ensino profissionalizante<\/strong><\/p>\n<p class=\"wp-block-paragraph\">O Governo de S\u00e3o Paulo tamb\u00e9m anunciou a constru\u00e7\u00e3o de um novo campus que reunir\u00e1 a Escola T\u00e9cnica Estadual (Etec) e a Faculdade de Tecnologia do Estado (Fatec) do munic\u00edpio, ampliando a oferta de ensino t\u00e9cnico e tecnol\u00f3gico na regi\u00e3o. O projeto do futuro campus que abrigar\u00e1 a Etec e a Fatec de Atibaia prev\u00ea investimento de R$ 130 milh\u00f5es, sendo metade dos recursos provenientes do Governo do Estado e metade do Programa de Pleno Pagamento de D\u00edvidas dos Estados (Propag).<\/p>\n<p class=\"wp-block-paragraph\">O complexo ser\u00e1 implantado em um terreno de 14 mil metros quadrados, no bairro Estoril, com \u00e1rea constru\u00edda de mais de 20 mil metros quadrados. Quando conclu\u00eddo, o campus ter\u00e1 capacidade para atender aproximadamente 4.300 estudantes, fortalecendo a forma\u00e7\u00e3o t\u00e9cnica e tecnol\u00f3gica e ampliando as oportunidades de qualifica\u00e7\u00e3o profissional na regi\u00e3o.<\/p>\n<p class=\"wp-block-paragraph\">Atualmente, a Fatec Atibaia funciona em instala\u00e7\u00f5es cedidas pelo munic\u00edpio e atende estudantes do curso de Desenvolvimento de Software Multiplataforma. J\u00e1 a Etec Professor Carmine Biagio Tundisi re\u00fane mais de mil alunos em cursos t\u00e9cnicos e integrados ao Ensino M\u00e9dio nas \u00e1reas de Administra\u00e7\u00e3o, Desenvolvimento de Sistemas, Design Gr\u00e1fico, Marketing, Recursos Humanos e Enfermagem.<\/p>\n<p class=\"wp-block-paragraph\">O novo campus permitir\u00e1 ampliar a capacidade das duas institui\u00e7\u00f5es e consolidar um polo regional de educa\u00e7\u00e3o profissional, alinhado \u00e0s demandas do mercado de trabalho e ao desenvolvimento econ\u00f4mico da regi\u00e3o.<\/p>\n<\/p><\/div>\n<p><br \/>\n<br \/><a href=\"https:\/\/www.agenciasp.sp.gov.br\/governo-de-sp-entrega-terceira-escola-da-ppp-novas-escolas-e-anuncia-campus-integrado-da-etec-e-fatec-em-atibaia\/\" rel=\"noopener\">Informa\u00e7\u00f5es GOV.SP<\/a><\/p>\n","protected":false},"excerpt":{"rendered":"<p>O Governo de S\u00e3o Paulo entregou nesta quarta-feira (24), em Atibaia, a Escola Estadual Cientista Hideki Yukawa, terceira unidade constru\u00edda pelo programa PPP Novas Escolas no estado e a primeira da iniciativa na regi\u00e3o de Bragan\u00e7a Paulista. Localizada no bairro Nova Cerejeiras, a escola tem capacidade para atender 1.040 estudantes dos anos finais do Ensino [&hellip;]<\/p>\n","protected":false},"author":1,"featured_media":70202,"comment_status":"","ping_status":"open","sticky":false,"template":"","format":"standard","meta":{"_jetpack_newsletter_access":"","_jetpack_dont_email_post_to_subs":false,"_jetpack_newsletter_tier_id":0,"_jetpack_memberships_contains_paywalled_content":false,"_mbp_banners":[],"_jetpack_feature_clip_id":0,"_jetpack_memberships_contains_paid_content":false,"footnotes":"","jetpack_publicize_message":"","jetpack_publicize_feature_enabled":true,"jetpack_social_post_already_shared":true,"jetpack_social_options":{"image_generator_settings":{"template":"highway","default_image_id":0,"font":"","enabled":false},"version":2},"jetpack_post_was_ever_published":false},"categories":[21],"tags":[],"class_list":["post-70201","post","type-post","status-publish","format-standard","has-post-thumbnail","category-sp-news"],"jetpack_publicize_connections":[],"jetpack-related-posts":[],"jetpack_shortlink":"https:\/\/wp.me\/p7Eq1F-igh","jetpack_sharing_enabled":true,"jetpack_featured_media_url":"https:\/\/i0.wp.com\/guialimeira.com.br\/news\/wp-content\/uploads\/2026\/06\/Governo-de-SP-entrega-terceira-escola-da-PPP-Novas-Escolas.jpg?fit=1024%2C683&ssl=1","_links":{"self":[{"href":"https:\/\/guialimeira.com.br\/news\/wp-json\/wp\/v2\/posts\/70201","targetHints":{"allow":["GET"]}}],"collection":[{"href":"https:\/\/guialimeira.com.br\/news\/wp-json\/wp\/v2\/posts"}],"about":[{"href":"https:\/\/guialimeira.com.br\/news\/wp-json\/wp\/v2\/types\/post"}],"author":[{"embeddable":true,"href":"https:\/\/guialimeira.com.br\/news\/wp-json\/wp\/v2\/users\/1"}],"replies":[{"embeddable":true,"href":"https:\/\/guialimeira.com.br\/news\/wp-json\/wp\/v2\/comments?post=70201"}],"version-history":[{"count":0,"href":"https:\/\/guialimeira.com.br\/news\/wp-json\/wp\/v2\/posts\/70201\/revisions"}],"wp:featuredmedia":[{"embeddable":true,"href":"https:\/\/guialimeira.com.br\/news\/wp-json\/wp\/v2\/media\/70202"}],"wp:attachment":[{"href":"https:\/\/guialimeira.com.br\/news\/wp-json\/wp\/v2\/media?parent=70201"}],"wp:term":[{"taxonomy":"category","embeddable":true,"href":"https:\/\/guialimeira.com.br\/news\/wp-json\/wp\/v2\/categories?post=70201"},{"taxonomy":"post_tag","embeddable":true,"href":"https:\/\/guialimeira.com.br\/news\/wp-json\/wp\/v2\/tags?post=70201"}],"curies":[{"name":"wp","href":"https:\/\/api.w.org\/{rel}","templated":true}]}}