{"id":7020,"date":"2024-05-30T06:10:36","date_gmt":"2024-05-30T09:10:36","guid":{"rendered":"https:\/\/guialimeira.com.br\/?p=7020"},"modified":"2024-05-30T06:10:38","modified_gmt":"2024-05-30T09:10:38","slug":"vencedores-do-resolve-ai-propoem-solucoes-para-conflitos-com-a-arborizacao-urbana-em-limeira","status":"publish","type":"post","link":"https:\/\/guialimeira.com.br\/news\/vencedores-do-resolve-ai-propoem-solucoes-para-conflitos-com-a-arborizacao-urbana-em-limeira\/","title":{"rendered":"Vencedores do \u201cResolve A\u00ed\u201d prop\u00f5em solu\u00e7\u00f5es para conflitos com a arboriza\u00e7\u00e3o urbana em Limeira"},"content":{"rendered":"\n<p class=\"wp-block-paragraph\">\u201cConflitos com a arboriza\u00e7\u00e3o urbana\u201d. Encontrar solu\u00e7\u00e3o para esse desafio levou quatro alunos de Limeira (SP) a conquistarem a edi\u00e7\u00e3o mais recente do \u201cResolve A\u00ed\u201d, programa desenvolvido pela F\u00e1brica de&nbsp;Inova\u00e7\u00e3o&nbsp;(FDI) e Prefeitura de Limeira, por meio da Secretaria de Desenvolvimento, Turismo e&nbsp;Inova\u00e7\u00e3o. O evento ocorreu no s\u00e1bado (25\/5), no Espa\u00e7o Elo, que fica no primeiro andar do P\u00e1tio Office, pr\u00e9dio ao lado do P\u00e1tio Limeira Shopping.<\/p>\n\n\n\n<p class=\"wp-block-paragraph\">Neste ano, o tema foi \u201cMeio Ambiente\u201d e contou com estudantes das escolas estaduais Professor Ely de Almeida Campos, Brasil, Castello Branco e da escola Sesi. Servidores p\u00fablicos da Secretaria Municipal de Meio Ambiente expuseram os principais desafios di\u00e1rios identificados pela pasta e os assuntos foram sorteados entre os grupos de alunos. Assim, cada grupo teve a miss\u00e3o de identificar as solu\u00e7\u00f5es e apresent\u00e1-las \u00e0 banca de jurados.<\/p>\n\n\n\n<p class=\"wp-block-paragraph\">A proposta desenvolvida pelos alunos Enrico Ponte (Escola Brasil), Emanuely da Silva Croscatto (Escola Brasil), Laura Fernandes da Silva (Escola Ely) e Thiago Silva Oliveira (Escola Sesi), para a problem\u00e1tica \u201cConflitos com a arboriza\u00e7\u00e3o urbana\u201d, foi a que mais agradou aos jurados.&nbsp;<\/p>\n\n\n\n<p class=\"wp-block-paragraph\">Eles alcan\u00e7aram a primeira coloca\u00e7\u00e3o ao propor a implementa\u00e7\u00e3o de bueiros inteligentes para evitar o entupimento provocado por folhas e galhos; maior arboriza\u00e7\u00e3o da cidade com divis\u00e3o entre distritos &#8211; uma \u00e1rea verde por distrito \u2013 e promover orienta\u00e7\u00e3o dos mun\u00edcipes quanto ao problema de entupimento de calhas com folhas, com a poda correta das \u00e1rvores. \u201cA Prefeitura possui cursos e videoaulas sobre como podar uma \u00e1rvore, fazendo com que qualquer um consiga podar uma \u00e1rvore. Se algu\u00e9m perceber que uma pessoa est\u00e1 podando a \u00e1rvore de maneira errada, ela poder\u00e1 denunci\u00e1-la para o canal de den\u00fancia da Prefeitura\u201d, mencionaram.<\/p>\n\n\n\n<p class=\"wp-block-paragraph\">A segunda coloca\u00e7\u00e3o ficou com o grupo formado pelos alunos Ivan Enrico de Paula Souza Crispin, Lu\u00eds Ot\u00e1vio Bilato, Marielle Duarte Muller Chiva e Thierry Henry Bicudo, todos da Escola Castello Branco, que propuseram solu\u00e7\u00f5es para a problem\u00e1tica \u201cQueimadas no per\u00edodo de estiagem e a polui\u00e7\u00e3o do ar\u201d.<\/p>\n\n\n\n<p class=\"wp-block-paragraph\">Na terceira coloca\u00e7\u00e3o, ficaram as alunas J\u00falia Vieira dos Santos, Kamilly Santana Rinck e Sarah Domingues, tamb\u00e9m da Escola Castello Branco. Elas receberam o desafio de propor solu\u00e7\u00f5es para \u201cProdu\u00e7\u00e3o do lixo sem impacto ambiental\u201d.<\/p>\n\n\n\n<p class=\"wp-block-paragraph\">Todos os participantes receberam camisetas do evento e os tr\u00eas melhores grupos ganharam trof\u00e9us e certificados. O P\u00e1tio Limeira Shopping tamb\u00e9m premiou cada aluno da primeira coloca\u00e7\u00e3o com um par de ingressos para uma sess\u00e3o de cinema. Todo o evento teve o apoio da empresa Mahle, que custeou a premia\u00e7\u00e3o, as camisetas e a refei\u00e7\u00e3o dos participantes.<br><br>Fotos: Divulga\u00e7\u00e3o<\/p>\n","protected":false},"excerpt":{"rendered":"<p>\u201cConflitos com a arboriza\u00e7\u00e3o urbana\u201d. Encontrar solu\u00e7\u00e3o para esse desafio levou quatro alunos de Limeira (SP) a conquistarem a edi\u00e7\u00e3o mais recente do \u201cResolve A\u00ed\u201d, programa desenvolvido pela F\u00e1brica de&nbsp;Inova\u00e7\u00e3o&nbsp;(FDI) e Prefeitura de Limeira, por meio da Secretaria de Desenvolvimento, Turismo e&nbsp;Inova\u00e7\u00e3o. O evento ocorreu no s\u00e1bado (25\/5), no Espa\u00e7o Elo, que fica no primeiro [&hellip;]<\/p>\n","protected":false},"author":1,"featured_media":7021,"comment_status":"open","ping_status":"open","sticky":false,"template":"","format":"standard","meta":{"_jetpack_newsletter_access":"","_jetpack_dont_email_post_to_subs":false,"_jetpack_newsletter_tier_id":0,"_jetpack_memberships_contains_paywalled_content":false,"_mbp_banners":[],"_jetpack_feature_clip_id":0,"_jetpack_memberships_contains_paid_content":false,"footnotes":"","jetpack_publicize_message":"","jetpack_publicize_feature_enabled":true,"jetpack_social_post_already_shared":true,"jetpack_social_options":{"image_generator_settings":{"template":"highway","default_image_id":0,"font":"","enabled":false},"version":2},"jetpack_post_was_ever_published":false},"categories":[16],"tags":[],"class_list":["post-7020","post","type-post","status-publish","format-standard","has-post-thumbnail","category-local"],"jetpack_publicize_connections":[],"jetpack-related-posts":[],"jetpack_shortlink":"https:\/\/wp.me\/p7Eq1F-1Pe","jetpack_sharing_enabled":true,"jetpack_featured_media_url":"https:\/\/i0.wp.com\/guialimeira.com.br\/news\/wp-content\/uploads\/2024\/05\/primeiro-colocado-scaled.jpg?fit=2560%2C1440&ssl=1","_links":{"self":[{"href":"https:\/\/guialimeira.com.br\/news\/wp-json\/wp\/v2\/posts\/7020","targetHints":{"allow":["GET"]}}],"collection":[{"href":"https:\/\/guialimeira.com.br\/news\/wp-json\/wp\/v2\/posts"}],"about":[{"href":"https:\/\/guialimeira.com.br\/news\/wp-json\/wp\/v2\/types\/post"}],"author":[{"embeddable":true,"href":"https:\/\/guialimeira.com.br\/news\/wp-json\/wp\/v2\/users\/1"}],"replies":[{"embeddable":true,"href":"https:\/\/guialimeira.com.br\/news\/wp-json\/wp\/v2\/comments?post=7020"}],"version-history":[{"count":1,"href":"https:\/\/guialimeira.com.br\/news\/wp-json\/wp\/v2\/posts\/7020\/revisions"}],"predecessor-version":[{"id":7022,"href":"https:\/\/guialimeira.com.br\/news\/wp-json\/wp\/v2\/posts\/7020\/revisions\/7022"}],"wp:featuredmedia":[{"embeddable":true,"href":"https:\/\/guialimeira.com.br\/news\/wp-json\/wp\/v2\/media\/7021"}],"wp:attachment":[{"href":"https:\/\/guialimeira.com.br\/news\/wp-json\/wp\/v2\/media?parent=7020"}],"wp:term":[{"taxonomy":"category","embeddable":true,"href":"https:\/\/guialimeira.com.br\/news\/wp-json\/wp\/v2\/categories?post=7020"},{"taxonomy":"post_tag","embeddable":true,"href":"https:\/\/guialimeira.com.br\/news\/wp-json\/wp\/v2\/tags?post=7020"}],"curies":[{"name":"wp","href":"https:\/\/api.w.org\/{rel}","templated":true}]}}