{"id":70197,"date":"2026-06-24T17:49:10","date_gmt":"2026-06-24T20:49:10","guid":{"rendered":"https:\/\/guialimeira.com.br\/sabesp-amplia-rede-de-atendimento-com-inauguracao-de-20-novas-lojas-em-unidades-do-poupatempo\/"},"modified":"2026-06-24T17:49:10","modified_gmt":"2026-06-24T20:49:10","slug":"sabesp-amplia-rede-de-atendimento-com-inauguracao-de-20-novas-lojas-em-unidades-do-poupatempo","status":"publish","type":"post","link":"https:\/\/guialimeira.com.br\/news\/sabesp-amplia-rede-de-atendimento-com-inauguracao-de-20-novas-lojas-em-unidades-do-poupatempo\/","title":{"rendered":"Sabesp amplia rede de atendimento com inaugura\u00e7\u00e3o de 20 novas lojas em unidades do Poupatempo"},"content":{"rendered":"<p> <br \/>\n<br \/><img data-recalc-dims=\"1\" decoding=\"async\" src=\"https:\/\/i0.wp.com\/www.agenciasp.sp.gov.br\/wp-content\/uploads\/2026\/06\/WhatsApp-Image-2026-06-24-at-16.59.51.jpeg?w=696&#038;ssl=1\" \/><\/p>\n<div>\n<p class=\"wp-block-paragraph\">A Sabesp amplia sua rede de atendimento presencial com a inaugura\u00e7\u00e3o de 20 novas lojas em unidades do Poupatempo em diferentes regi\u00f5es do Estado de S\u00e3o Paulo. As primeiras unidades entram em opera\u00e7\u00e3o nos dias 22 e 25 de junho, enquanto outras quatro lojas est\u00e3o previstas para os pr\u00f3ximos 45 dias, refor\u00e7ando o compromisso da Companhia com a melhoria cont\u00ednua da experi\u00eancia dos clientes e a amplia\u00e7\u00e3o do acesso aos servi\u00e7os.<\/p>\n<p class=\"wp-block-paragraph\">A iniciativa contempla novas unidades na capital, Regi\u00e3o Metropolitana de S\u00e3o Paulo, Baixada Santista, Vale do Para\u00edba, Litoral Norte e interior paulista, ampliando a presen\u00e7a da Sabesp em locais estrat\u00e9gicos e de f\u00e1cil acesso para a popula\u00e7\u00e3o.<\/p>\n<p class=\"wp-block-paragraph\">A abertura das novas lojas integra o plano de aprimoramento dos canais de relacionamento da Companhia, que busca oferecer mais comodidade, agilidade e efici\u00eancia aos clientes. Instaladas em unidades do Poupatempo, as novas lojas permitir\u00e3o que a popula\u00e7\u00e3o tenha acesso aos servi\u00e7os da Sabesp em espa\u00e7os reconhecidos pela qualidade do atendimento e pela facilidade de acesso.<\/p>\n<p class=\"wp-block-paragraph\"><strong>LEIA TAMB\u00c9M: <\/strong><a href=\"https:\/\/www.agenciasp.sp.gov.br\/van-bora-da-sabesp-paraisopolis-servicos\/\" rel=\"noopener\">\u2018Van Bora\u2019 da Sabesp retorna a Parais\u00f3polis, na capital, com servi\u00e7os \u00e0 popula\u00e7\u00e3o<\/a><\/p>\n<p class=\"wp-block-paragraph\">A iniciativa faz parte de uma estrat\u00e9gia mais ampla de melhoria da experi\u00eancia do cliente, combinando a expans\u00e3o da rede presencial com investimentos cont\u00ednuos em solu\u00e7\u00f5es digitais. O objetivo \u00e9 oferecer uma jornada cada vez mais simples, eficiente e integrada, permitindo que os clientes escolham o canal mais adequado \u00e0s suas necessidades.<\/p>\n<p class=\"wp-block-paragraph\">Al\u00e9m das novas lojas, a Sabesp segue fortalecendo seus canais digitais, ampliando as possibilidades de atendimento remoto para servi\u00e7os que podem ser realizados sem a necessidade de deslocamento, mantendo o atendimento presencial como alternativa para situa\u00e7\u00f5es que demandam suporte especializado.<\/p>\n<p class=\"wp-block-paragraph\">Com a expans\u00e3o da rede, a Companhia refor\u00e7a seu compromisso com a excel\u00eancia no atendimento, a proximidade com os clientes e a oferta de servi\u00e7os cada vez mais modernos, acess\u00edveis e alinhados \u00e0s necessidades da popula\u00e7\u00e3o paulista.<\/p>\n<p class=\"wp-block-paragraph\"><strong>LEIA TAMB\u00c9M:<\/strong> <a href=\"https:\/\/www.agenciasp.sp.gov.br\/voce-imagina-de-r-150-a-sua-conta-de-agua-cair-para-r-40-se-somar-o-ano-todo-garante-a-compra-de-um-mes-lider-comunitaria-destaca-a-importancia-da-tarifa-social-paulista\/\" rel=\"noopener\">\u2018Voc\u00ea imagina de R$ 150 a sua conta de \u00e1gua cair para R$ 40. Se somar o ano todo, garante a compra de um m\u00eas\u2019: l\u00edder comunit\u00e1ria destaca a import\u00e2ncia da Tarifa Social Paulista<\/a><\/p>\n<h3 class=\"wp-block-heading\"><strong>Confira a rela\u00e7\u00e3o de novas lojas abertas em unidades do Poupatempo:<\/strong><\/h3>\n<p class=\"wp-block-paragraph\"><strong>Inaugura\u00e7\u00e3o em 22 de junho<\/strong><\/p>\n<ul class=\"wp-block-list\">\n<li>Santo Amaro \u2013 Rua Amador Bueno, n\u00ba 229, Santo Amaro, S\u00e3o Paulo\/SP<\/li>\n<li>S\u00e3o Bernardo do Campo \u2013 Rua Nicolau Filizola, n\u00ba 100, Centro, S\u00e3o Bernardo do Campo\/SP<br \/>\u00a0<\/li>\n<\/ul>\n<p class=\"wp-block-paragraph\"><strong>Inaugura\u00e7\u00e3o em 25 de junho<\/strong><\/p>\n<ul class=\"wp-block-list\">\n<li>Caieiras \u2013 Rua Ambrosina do Carmo Buonaguide, n\u00ba 394, Centro, Caieiras\/SP<\/li>\n<li>Canind\u00e9 (Shopping D) \u2013 Avenida Cruzeiro do Sul, n\u00ba 1.100, Canind\u00e9, S\u00e3o Paulo\/SP<\/li>\n<li>Caraguatatuba \u2013 Avenida Rio Branco, n\u00ba 955, Indai\u00e1, Caraguatatuba\/SP<\/li>\n<li>Cotia \u2013 Avenida Nossa Senhora de F\u00e1tima, n\u00ba 833, Vila Monte Serrat, Cotia\/SP<\/li>\n<li>Embu das Artes \u2013 Avenida Rotary, n\u00ba 3.491, Parque Piraju\u00e7ara, Embu das Artes\/SP<\/li>\n<li>Ferraz de Vasconcelos \u2013 Rua Tito Temporim, n\u00ba 162, Jardim S\u00e3o Jo\u00e3o, Ferraz de Vasconcelos\/SP<\/li>\n<li>Franco da Rocha \u2013 Avenida dos Expedicion\u00e1rios, n\u00ba 77, Companhia Fazenda Bel\u00e9m, Franco da Rocha\/SP<\/li>\n<li>Guaruj\u00e1 \u2013 Avenida Santos Dumont, n\u00ba 1.586, Paecar\u00e1, Guaruj\u00e1\/SP<\/li>\n<li>Jales \u2013 Avenida da Integra\u00e7\u00e3o, n\u00ba 2.689, Jardim Trianon, Jales\/SP<\/li>\n<li>Lapa \u2013 Rua do Curtume, s\/n, Lapa, S\u00e3o Paulo\/SP<\/li>\n<li>Mongagu\u00e1 \u2013 Avenida Get\u00falio Vargas, n\u00ba 88, Centro, Mongagu\u00e1\/SP<\/li>\n<li>Pindamonhangaba \u2013 Avenida Doutor Raul Nelson Guaragna, n\u00ba 155, Ipiranga, Pindamonhangaba\/SP<\/li>\n<li>S\u00e3o Jos\u00e9 dos Campos \u2013 Rua Andorra, n\u00ba 500, Jardim Am\u00e9rica, S\u00e3o Jos\u00e9 dos Campos\/SP<\/li>\n<li>Taubat\u00e9 \u2013 Unidade Poupatempo Taubat\u00e9<br \/>\u00a0<\/li>\n<\/ul>\n<p class=\"wp-block-paragraph\"><strong>Previs\u00e3o de inaugura\u00e7\u00e3o nos pr\u00f3ximos 45 dias<\/strong><\/p>\n<ul class=\"wp-block-list\">\n<li>Aruj\u00e1 \u2013 Avenida Jo\u00e3o Manoel, n\u00ba 600, 2\u00ba andar, Centro, Aruj\u00e1\/SP<\/li>\n<li>Cubat\u00e3o \u2013 Avenida Doutor Fernando Costa, n\u00ba 931, Vila Couto, Cubat\u00e3o\/SP<\/li>\n<li>Francisco Morato \u2013 Rua Ger\u00f4nimo Caetano Garcia, s\/n, Centro, Francisco Morato\/SP<\/li>\n<li>Itapecerica da Serra \u2013 Rua Major Manoel Francisco de Moraes, n\u00ba 25, Centro, Itapecerica da Serra\/SP<\/li>\n<\/ul>\n<h3 class=\"wp-block-heading\"><strong>Confira os canais de atendimento da Sabesp:<\/strong><\/h3>\n<p class=\"wp-block-paragraph\"><strong>Ag\u00eancia Virtual:<\/strong>\u00a0<a href=\"https:\/\/agenciavirtual.sabesp.com.br\/\" target=\"_blank\" rel=\"noreferrer noopener\">Link<\/a><\/p>\n<p class=\"wp-block-paragraph\"><strong>WhatsApp:<\/strong> (11) 3388-8000 \u2013 via mensagens de texto<\/p>\n<p class=\"wp-block-paragraph\"><strong>Aplicativo \u201cSabesp Mobile\u201d<\/strong> \u2013 dispon\u00edvel gratuitamente para Android e iOS<\/p>\n<p class=\"wp-block-paragraph\"><strong>Central Telef\u00f4nica<\/strong> \u2013 0800 055 0195<br \/>Os atendimentos acima funcionam 24 horas por dia<\/p>\n<p class=\"wp-block-paragraph\"><strong>Chat<\/strong> \u2013\u00a0<a href=\"https:\/\/sabesp-chat.sabesp.com.br\/chat-externo\" target=\"_blank\" rel=\"noreferrer noopener\">Link<\/a><br \/>Atendimento automatizado: 24 horas por dia<br \/>Atendimento com atendentes: de segunda a s\u00e1bado, das 8h \u00e0s 21h<\/p>\n<p class=\"wp-block-paragraph\"><strong>Atendimento Presencial<\/strong><br \/>Consulte o endere\u00e7o da ag\u00eancia mais pr\u00f3xima na sua conta Sabesp ou pelo site\u00a0<a href=\"https:\/\/agenciavirtual.sabesp.com.br\/\" target=\"_blank\" rel=\"noreferrer noopener\">Link<\/a><\/p>\n<p class=\"wp-block-paragraph\"><strong>Atendimento acess\u00edvel<\/strong><br \/>Central de Atendimento em Libras (L\u00edngua Brasileira de Sinais)<br \/><a href=\"https:\/\/agenciavirtual.sabesp.com.br\/canais-atendimento\" target=\"_blank\" rel=\"noreferrer noopener\">Link<\/a>\u00a0\u2013 exclusivo para pessoas com defici\u00eancia auditiva e de fala. Dispon\u00edvel 24 horas por dia.<\/p>\n<p class=\"wp-block-paragraph\"><strong>Telefone adaptado para pessoas com defici\u00eancia auditiva e de fala<\/strong><br \/>0800 016 0195; necess\u00e1rio utilizar aparelho TDD, dispon\u00edvel 24 horas por dia<\/p>\n<\/p><\/div>\n<p><br \/>\n<br \/><a href=\"https:\/\/www.agenciasp.sp.gov.br\/sabesp-amplia-rede-de-atendimento-com-inauguracao-de-20-novas-lojas-em-unidades-do-poupatempo\/\" rel=\"noopener\">Informa\u00e7\u00f5es GOV.SP<\/a><\/p>\n","protected":false},"excerpt":{"rendered":"<p>A Sabesp amplia sua rede de atendimento presencial com a inaugura\u00e7\u00e3o de 20 novas lojas em unidades do Poupatempo em diferentes regi\u00f5es do Estado de S\u00e3o Paulo. As primeiras unidades entram em opera\u00e7\u00e3o nos dias 22 e 25 de junho, enquanto outras quatro lojas est\u00e3o previstas para os pr\u00f3ximos 45 dias, refor\u00e7ando o compromisso da [&hellip;]<\/p>\n","protected":false},"author":1,"featured_media":70198,"comment_status":"","ping_status":"open","sticky":false,"template":"","format":"standard","meta":{"_jetpack_newsletter_access":"","_jetpack_dont_email_post_to_subs":false,"_jetpack_newsletter_tier_id":0,"_jetpack_memberships_contains_paywalled_content":false,"_mbp_banners":[],"_jetpack_feature_clip_id":0,"_jetpack_memberships_contains_paid_content":false,"footnotes":"","jetpack_publicize_message":"","jetpack_publicize_feature_enabled":true,"jetpack_social_post_already_shared":true,"jetpack_social_options":{"image_generator_settings":{"template":"highway","default_image_id":0,"font":"","enabled":false},"version":2},"jetpack_post_was_ever_published":false},"categories":[21],"tags":[],"class_list":["post-70197","post","type-post","status-publish","format-standard","has-post-thumbnail","category-sp-news"],"jetpack_publicize_connections":[],"jetpack-related-posts":[],"jetpack_shortlink":"https:\/\/wp.me\/p7Eq1F-igd","jetpack_sharing_enabled":true,"jetpack_featured_media_url":"https:\/\/i0.wp.com\/guialimeira.com.br\/news\/wp-content\/uploads\/2026\/06\/Sabesp-amplia-rede-de-atendimento-com-inauguracao-de-20-novas.jpeg?fit=800%2C599&ssl=1","_links":{"self":[{"href":"https:\/\/guialimeira.com.br\/news\/wp-json\/wp\/v2\/posts\/70197","targetHints":{"allow":["GET"]}}],"collection":[{"href":"https:\/\/guialimeira.com.br\/news\/wp-json\/wp\/v2\/posts"}],"about":[{"href":"https:\/\/guialimeira.com.br\/news\/wp-json\/wp\/v2\/types\/post"}],"author":[{"embeddable":true,"href":"https:\/\/guialimeira.com.br\/news\/wp-json\/wp\/v2\/users\/1"}],"replies":[{"embeddable":true,"href":"https:\/\/guialimeira.com.br\/news\/wp-json\/wp\/v2\/comments?post=70197"}],"version-history":[{"count":0,"href":"https:\/\/guialimeira.com.br\/news\/wp-json\/wp\/v2\/posts\/70197\/revisions"}],"wp:featuredmedia":[{"embeddable":true,"href":"https:\/\/guialimeira.com.br\/news\/wp-json\/wp\/v2\/media\/70198"}],"wp:attachment":[{"href":"https:\/\/guialimeira.com.br\/news\/wp-json\/wp\/v2\/media?parent=70197"}],"wp:term":[{"taxonomy":"category","embeddable":true,"href":"https:\/\/guialimeira.com.br\/news\/wp-json\/wp\/v2\/categories?post=70197"},{"taxonomy":"post_tag","embeddable":true,"href":"https:\/\/guialimeira.com.br\/news\/wp-json\/wp\/v2\/tags?post=70197"}],"curies":[{"name":"wp","href":"https:\/\/api.w.org\/{rel}","templated":true}]}}