{"id":70195,"date":"2026-06-24T17:44:02","date_gmt":"2026-06-24T20:44:02","guid":{"rendered":"https:\/\/guialimeira.com.br\/especialista-da-mandic-alerta-para-prevencao-com-doencas-respiratorias\/"},"modified":"2026-06-24T17:44:02","modified_gmt":"2026-06-24T20:44:02","slug":"especialista-da-mandic-alerta-para-prevencao-com-doencas-respiratorias","status":"publish","type":"post","link":"https:\/\/guialimeira.com.br\/news\/especialista-da-mandic-alerta-para-prevencao-com-doencas-respiratorias\/","title":{"rendered":"Especialista da Mandic alerta para preven\u00e7\u00e3o com doen\u00e7as respirat\u00f3rias"},"content":{"rendered":"<p> <br \/>\n<\/p>\n<div data-id=\"626ab9d\" data-element_type=\"widget\" data-e-type=\"widget\" data-widget_type=\"theme-post-content.default\">\n<p class=\"wp-block-paragraph\">Com a chegada das temperaturas mais baixas e da baixa umidade do ar, aumentam os casos de doen\u00e7as respirat\u00f3rias e as complica\u00e7\u00f5es em pacientes que j\u00e1 convivem com condi\u00e7\u00f5es cr\u00f4nicas. Com o objetivo de conscientizar sobre a import\u00e2ncia da preven\u00e7\u00e3o, do diagn\u00f3stico precoce e formas de tratamento, a Konecta Limeira promoveu uma palestra sobre o tema, em alus\u00e3o \u00e0 campanha Junho Violeta.<\/p>\n<p class=\"wp-block-paragraph\">A atividade foi conduzida pelo m\u00e9dico pneumologista e professor da Mandic Limeira, Ign\u00e1cio Leite da Costa, que apresentou orienta\u00e7\u00f5es sobre as principais doen\u00e7as respirat\u00f3rias que costumam se intensificar durante o inverno, entre elas gripe, pneumonia, asma, bronquiolite e Doen\u00e7a Pulmonar Obstrutiva Cr\u00f4nica (DPOC).<\/p>\n<p class=\"wp-block-paragraph\">Segundo o especialista, o clima frio e seco favorece a circula\u00e7\u00e3o de v\u00edrus e bact\u00e9rias e reduz a prote\u00e7\u00e3o natural das vias a\u00e9reas, aumentando a suscetibilidade a infec\u00e7\u00f5es. \u201cDurante o inverno, o ressecamento das mucosas dificulta a filtragem de part\u00edculas e microrganismos. Al\u00e9m disso, h\u00e1 uma tend\u00eancia maior de perman\u00eancia em ambientes fechados, o que facilita a transmiss\u00e3o de doen\u00e7as respirat\u00f3rias\u201d, explicou.<\/p>\n<p class=\"wp-block-paragraph\">Durante a palestra, o pneumologista refor\u00e7ou que a vacina\u00e7\u00e3o continua sendo uma das medidas mais eficazes para evitar formas graves de doen\u00e7as respirat\u00f3rias. Al\u00e9m da vacina contra a gripe, a orienta\u00e7\u00e3o \u00e9 manter atualizada a imuniza\u00e7\u00e3o contra Covid-19 e pneumococo, especialmente entre os p\u00fablicos mais vulner\u00e1veis.<\/p>\n<p class=\"wp-block-paragraph\">Outra orienta\u00e7\u00e3o \u00e9 procurar avalia\u00e7\u00e3o m\u00e9dica diante de sintomas persistentes ou sinais de agravamento, como falta de ar, febre alta prolongada, dor no peito ou piora do estado geral de sa\u00fade.<\/p>\n<p class=\"wp-block-paragraph\">O m\u00e9dico destacou ainda que, al\u00e9m da vacina\u00e7\u00e3o, algumas medidas podem reduzir significativamente o risco de infec\u00e7\u00f5es respirat\u00f3rias. \u201cLavar as m\u00e3os com frequ\u00eancia, manter boa hidrata\u00e7\u00e3o, evitar ambientes fechados e sem ventila\u00e7\u00e3o e n\u00e3o fumar. S\u00e3o h\u00e1bitos simples que fazem toda diferen\u00e7a\u201d, refor\u00e7ou.<\/p>\n<p class=\"wp-block-paragraph\">A participa\u00e7\u00e3o da Faculdade Mandic na campanha Junho Lil\u00e1s da Konecta Limeira integra o cronograma de a\u00e7\u00f5es que envolvem educa\u00e7\u00e3o em sa\u00fade e conscientiza\u00e7\u00e3o da comunidade. \u201cPor meio da atua\u00e7\u00e3o do nosso corpo docente e dos alunos, a Mandic refor\u00e7a o compromisso de desenvolver iniciativas voltadas \u00e0 preven\u00e7\u00e3o de doen\u00e7as, promo\u00e7\u00e3o da qualidade de vida e dissemina\u00e7\u00e3o de informa\u00e7\u00f5es confi\u00e1veis para a popula\u00e7\u00e3o de Limeira\u201d, destaca o diretor da faculdade, Arthur Filgueiras.<\/p>\n<\/div>\n<p><br \/>\n<br \/><a href=\"https:\/\/dinamuscomunicacao.com.br\/junho-violeta-especialista-da-mandic-alerta-para-prevencao-e-cuidados-com-doencas-respiratorias-no-inverno\/\" rel=\"noopener\"> Informa\u00e7\u00f5es: D\u00ednamus Comunica\u00e7\u00e3o <\/a><\/p>\n","protected":false},"excerpt":{"rendered":"<p>Com a chegada das temperaturas mais baixas e da baixa umidade do ar, aumentam os casos de doen\u00e7as respirat\u00f3rias e as complica\u00e7\u00f5es em pacientes que j\u00e1 convivem com condi\u00e7\u00f5es cr\u00f4nicas. Com o objetivo de conscientizar sobre a import\u00e2ncia da preven\u00e7\u00e3o, do diagn\u00f3stico precoce e formas de tratamento, a Konecta Limeira promoveu uma palestra sobre o [&hellip;]<\/p>\n","protected":false},"author":1,"featured_media":70196,"comment_status":"","ping_status":"open","sticky":false,"template":"","format":"standard","meta":{"_jetpack_newsletter_access":"","_jetpack_dont_email_post_to_subs":false,"_jetpack_newsletter_tier_id":0,"_jetpack_memberships_contains_paywalled_content":false,"_mbp_banners":[],"_jetpack_feature_clip_id":0,"_jetpack_memberships_contains_paid_content":false,"footnotes":"","jetpack_publicize_message":"","jetpack_publicize_feature_enabled":true,"jetpack_social_post_already_shared":true,"jetpack_social_options":{"image_generator_settings":{"template":"highway","default_image_id":0,"font":"","enabled":false},"version":2},"jetpack_post_was_ever_published":false},"categories":[16],"tags":[],"class_list":["post-70195","post","type-post","status-publish","format-standard","has-post-thumbnail","category-local"],"jetpack_publicize_connections":[],"jetpack-related-posts":[],"jetpack_shortlink":"https:\/\/wp.me\/p7Eq1F-igb","jetpack_sharing_enabled":true,"jetpack_featured_media_url":"https:\/\/i0.wp.com\/guialimeira.com.br\/news\/wp-content\/uploads\/2026\/06\/WhatsApp-Image-2026-06-24-at-13.12.27.jpeg?fit=1280%2C960&ssl=1","_links":{"self":[{"href":"https:\/\/guialimeira.com.br\/news\/wp-json\/wp\/v2\/posts\/70195","targetHints":{"allow":["GET"]}}],"collection":[{"href":"https:\/\/guialimeira.com.br\/news\/wp-json\/wp\/v2\/posts"}],"about":[{"href":"https:\/\/guialimeira.com.br\/news\/wp-json\/wp\/v2\/types\/post"}],"author":[{"embeddable":true,"href":"https:\/\/guialimeira.com.br\/news\/wp-json\/wp\/v2\/users\/1"}],"replies":[{"embeddable":true,"href":"https:\/\/guialimeira.com.br\/news\/wp-json\/wp\/v2\/comments?post=70195"}],"version-history":[{"count":0,"href":"https:\/\/guialimeira.com.br\/news\/wp-json\/wp\/v2\/posts\/70195\/revisions"}],"wp:featuredmedia":[{"embeddable":true,"href":"https:\/\/guialimeira.com.br\/news\/wp-json\/wp\/v2\/media\/70196"}],"wp:attachment":[{"href":"https:\/\/guialimeira.com.br\/news\/wp-json\/wp\/v2\/media?parent=70195"}],"wp:term":[{"taxonomy":"category","embeddable":true,"href":"https:\/\/guialimeira.com.br\/news\/wp-json\/wp\/v2\/categories?post=70195"},{"taxonomy":"post_tag","embeddable":true,"href":"https:\/\/guialimeira.com.br\/news\/wp-json\/wp\/v2\/tags?post=70195"}],"curies":[{"name":"wp","href":"https:\/\/api.w.org\/{rel}","templated":true}]}}