{"id":70184,"date":"2026-06-24T16:42:43","date_gmt":"2026-06-24T19:42:43","guid":{"rendered":"https:\/\/guialimeira.com.br\/colegio-jandyra-recebe-mocao-de-reconhecimento-pelos-30-anos-de-atuacao-em-limeira\/"},"modified":"2026-06-24T16:42:43","modified_gmt":"2026-06-24T19:42:43","slug":"colegio-jandyra-recebe-mocao-de-reconhecimento-pelos-30-anos-de-atuacao-em-limeira","status":"publish","type":"post","link":"https:\/\/guialimeira.com.br\/news\/colegio-jandyra-recebe-mocao-de-reconhecimento-pelos-30-anos-de-atuacao-em-limeira\/","title":{"rendered":"Col\u00e9gio Jandyra recebe Mo\u00e7\u00e3o de Reconhecimento pelos 30 anos de atua\u00e7\u00e3o em Limeira"},"content":{"rendered":"<p> <br \/>\n<\/p>\n<div data-id=\"626ab9d\" data-element_type=\"widget\" data-e-type=\"widget\" data-widget_type=\"theme-post-content.default\">\n<p class=\"wp-block-paragraph\">Os mantenedores do Col\u00e9gio Jandyra, Jos\u00e9 Geraldo Pena Andrade e Cristina Andrade, receberam na noite de segunda-feira (22) uma Mo\u00e7\u00e3o de Reconhecimento da C\u00e2mara Municipal de Limeira em homenagem aos 30 anos de atua\u00e7\u00e3o da institui\u00e7\u00e3o na \u00e1rea da educa\u00e7\u00e3o.<\/p>\n<p class=\"wp-block-paragraph\">A honraria foi proposta pela vereadora Lu Bogo como forma de reconhecer a contribui\u00e7\u00e3o do col\u00e9gio para a forma\u00e7\u00e3o de milhares de estudantes ao longo de tr\u00eas d\u00e9cadas. Durante a solenidade, realizada no plen\u00e1rio da C\u00e2mara, foi destacada a trajet\u00f3ria do Jandyra, que ao longo dos anos consolidou sua atua\u00e7\u00e3o em Limeira por meio de uma proposta educacional voltada ao desenvolvimento acad\u00eamico, humano e social dos alunos.<\/p>\n<p class=\"wp-block-paragraph\">Fundada em 1996, a institui\u00e7\u00e3o tornou-se refer\u00eancia na educa\u00e7\u00e3o da cidade, acompanhando as transforma\u00e7\u00f5es do ensino e investindo continuamente em inova\u00e7\u00e3o, forma\u00e7\u00e3o de professores e projetos pedag\u00f3gicos que contribuem para a forma\u00e7\u00e3o integral dos estudantes.<\/p>\n<p class=\"wp-block-paragraph\">Para os mantenedores, o reconhecimento representa a valoriza\u00e7\u00e3o de uma hist\u00f3ria constru\u00edda coletivamente. \u201cReceber esta homenagem pelos 30 anos do Col\u00e9gio Jandyra \u00e9 motivo de profunda gratid\u00e3o. Ao longo dessa trajet\u00f3ria, tivemos o privil\u00e9gio de participar da forma\u00e7\u00e3o de milhares de alunos e construir rela\u00e7\u00f5es de confian\u00e7a com tantas fam\u00edlias. Este reconhecimento pertence a todos que fizeram e fazem parte da nossa hist\u00f3ria\u201d, afirma Cristina.<\/p>\n<p class=\"wp-block-paragraph\">Eles tamb\u00e9m destacaram o compromisso da institui\u00e7\u00e3o com o futuro da educa\u00e7\u00e3o. \u201cMais do que celebrar o passado, esta homenagem nos inspira a continuar investindo em uma educa\u00e7\u00e3o baseada em valores humanos, inova\u00e7\u00e3o e no desenvolvimento integral de cada estudante\u201d, destaca Jos\u00e9 Geraldo.<\/p>\n<\/div>\n<p><br \/>\n<br \/><a href=\"https:\/\/dinamuscomunicacao.com.br\/colegio-jandyra-recebe-mocao-de-reconhecimento-pelos-30-anos-de-atuacao-em-limeira\/\" rel=\"noopener\"> Informa\u00e7\u00f5es: D\u00ednamus Comunica\u00e7\u00e3o <\/a><\/p>\n","protected":false},"excerpt":{"rendered":"<p>Os mantenedores do Col\u00e9gio Jandyra, Jos\u00e9 Geraldo Pena Andrade e Cristina Andrade, receberam na noite de segunda-feira (22) uma Mo\u00e7\u00e3o de Reconhecimento da C\u00e2mara Municipal de Limeira em homenagem aos 30 anos de atua\u00e7\u00e3o da institui\u00e7\u00e3o na \u00e1rea da educa\u00e7\u00e3o. A honraria foi proposta pela vereadora Lu Bogo como forma de reconhecer a contribui\u00e7\u00e3o do [&hellip;]<\/p>\n","protected":false},"author":1,"featured_media":70185,"comment_status":"","ping_status":"open","sticky":false,"template":"","format":"standard","meta":{"_jetpack_newsletter_access":"","_jetpack_dont_email_post_to_subs":false,"_jetpack_newsletter_tier_id":0,"_jetpack_memberships_contains_paywalled_content":false,"_mbp_banners":[],"_jetpack_feature_clip_id":0,"_jetpack_memberships_contains_paid_content":false,"footnotes":"","jetpack_publicize_message":"","jetpack_publicize_feature_enabled":true,"jetpack_social_post_already_shared":true,"jetpack_social_options":{"image_generator_settings":{"template":"highway","default_image_id":0,"font":"","enabled":false},"version":2},"jetpack_post_was_ever_published":false},"categories":[16],"tags":[],"class_list":["post-70184","post","type-post","status-publish","format-standard","has-post-thumbnail","category-local"],"jetpack_publicize_connections":[],"jetpack-related-posts":[],"jetpack_shortlink":"https:\/\/wp.me\/p7Eq1F-ig0","jetpack_sharing_enabled":true,"jetpack_featured_media_url":"https:\/\/i0.wp.com\/guialimeira.com.br\/news\/wp-content\/uploads\/2026\/06\/WhatsApp-Image-2026-06-23-at-09.31.13.jpeg?fit=1280%2C960&ssl=1","_links":{"self":[{"href":"https:\/\/guialimeira.com.br\/news\/wp-json\/wp\/v2\/posts\/70184","targetHints":{"allow":["GET"]}}],"collection":[{"href":"https:\/\/guialimeira.com.br\/news\/wp-json\/wp\/v2\/posts"}],"about":[{"href":"https:\/\/guialimeira.com.br\/news\/wp-json\/wp\/v2\/types\/post"}],"author":[{"embeddable":true,"href":"https:\/\/guialimeira.com.br\/news\/wp-json\/wp\/v2\/users\/1"}],"replies":[{"embeddable":true,"href":"https:\/\/guialimeira.com.br\/news\/wp-json\/wp\/v2\/comments?post=70184"}],"version-history":[{"count":0,"href":"https:\/\/guialimeira.com.br\/news\/wp-json\/wp\/v2\/posts\/70184\/revisions"}],"wp:featuredmedia":[{"embeddable":true,"href":"https:\/\/guialimeira.com.br\/news\/wp-json\/wp\/v2\/media\/70185"}],"wp:attachment":[{"href":"https:\/\/guialimeira.com.br\/news\/wp-json\/wp\/v2\/media?parent=70184"}],"wp:term":[{"taxonomy":"category","embeddable":true,"href":"https:\/\/guialimeira.com.br\/news\/wp-json\/wp\/v2\/categories?post=70184"},{"taxonomy":"post_tag","embeddable":true,"href":"https:\/\/guialimeira.com.br\/news\/wp-json\/wp\/v2\/tags?post=70184"}],"curies":[{"name":"wp","href":"https:\/\/api.w.org\/{rel}","templated":true}]}}