{"id":70177,"date":"2026-06-24T15:47:03","date_gmt":"2026-06-24T18:47:03","guid":{"rendered":"https:\/\/guialimeira.com.br\/com-fortalecimento-da-conservacao-ambiental-pelo-governo-de-sp-mata-atlantica-tem-recorde-de-registros-de-fauna-em-areas-protegidas\/"},"modified":"2026-06-24T15:47:03","modified_gmt":"2026-06-24T18:47:03","slug":"com-fortalecimento-da-conservacao-ambiental-pelo-governo-de-sp-mata-atlantica-tem-recorde-de-registros-de-fauna-em-areas-protegidas","status":"publish","type":"post","link":"https:\/\/guialimeira.com.br\/news\/com-fortalecimento-da-conservacao-ambiental-pelo-governo-de-sp-mata-atlantica-tem-recorde-de-registros-de-fauna-em-areas-protegidas\/","title":{"rendered":"Com fortalecimento da conserva\u00e7\u00e3o ambiental pelo Governo de SP, Mata Atl\u00e2ntica tem recorde de registros de fauna em \u00e1reas protegidas"},"content":{"rendered":"<p> <br \/>\n<br \/><img data-recalc-dims=\"1\" decoding=\"async\" src=\"https:\/\/i0.wp.com\/www.agenciasp.sp.gov.br\/wp-content\/uploads\/2025\/06\/GettyImages-5824806771.jpg?w=696&#038;ssl=1\" \/><\/p>\n<div>\n<p class=\"wp-block-paragraph\">O Governo de S\u00e3o Paulo reduziu em 29% o desmatamento da Mata Atl\u00e2ntica entre 2024 e 2025, segundo dados recentes do Atlas da Mata Atl\u00e2ntica, produzido pela Funda\u00e7\u00e3o SOS Mata Atl\u00e2ntica em parceria com o Instituto Nacional de Pesquisas Espaciais (INPE). O estado passou de 49 hectares desmatados para 35 hectares de vegeta\u00e7\u00e3o nativa suprimida no per\u00edodo e manteve zerada a perda de \u00e1reas de mangue e restinga.<\/p>\n<p class=\"wp-block-paragraph\">Os resultados, segundo a Funda\u00e7\u00e3o Florestal, vinculada \u00e0 Secretaria de Meio Ambiente, Infraestrutura e Log\u00edstica do Estado de S\u00e3o Paulo (Semil), refletem o fortalecimento das pol\u00edticas de conserva\u00e7\u00e3o ambiental e da prote\u00e7\u00e3o territorial em \u00e1reas estrat\u00e9gicas do bioma, em um cen\u00e1rio de manuten\u00e7\u00e3o e amplia\u00e7\u00e3o da conectividade florestal em unidades de conserva\u00e7\u00e3o que estruturam corredores ecol\u00f3gicos essenciais para a circula\u00e7\u00e3o da fauna silvestre. Em um dos biomas mais amea\u00e7ados do planeta, que conserva menos de 12% de sua cobertura original no Brasil, esses corredores ecol\u00f3gicos mantidos em \u00e1reas protegidas paulistas s\u00e3o determinantes para a sobreviv\u00eancia de esp\u00e9cies sens\u00edveis \u00e0 fragmenta\u00e7\u00e3o, permitindo deslocamento, reprodu\u00e7\u00e3o e perman\u00eancia da biodiversidade.<\/p>\n<p class=\"wp-block-paragraph\"><strong>LEIA TAMB\u00c9M: <\/strong><a href=\"https:\/\/www.agenciasp.sp.gov.br\/governo-de-sp-fortalece-fiscalizacao-ambiental-com-avanco-nas-acoes-e-apoio-de-tecnologia\/\" rel=\"noopener\"><strong>Governo de SP fortalece fiscaliza\u00e7\u00e3o ambiental com avan\u00e7o nas a\u00e7\u00f5es e apoio de tecnologia<\/strong><\/a><\/p>\n<p class=\"wp-block-paragraph\">A plataforma \u201cMonitora Bio SP\u201d, lan\u00e7ada recentemente pela Funda\u00e7\u00e3o Florestal, que entre v\u00e1rias fun\u00e7\u00f5es monitora a biodiversidade, j\u00e1 re\u00fane mais de 123 mil registros independentes de fauna silvestre e cerca de 116 mil registros de indiv\u00edduos em Unidades de Conserva\u00e7\u00e3o administradas pela Funda\u00e7\u00e3o Florestal.<\/p>\n<p class=\"wp-block-paragraph\">Somente no recorte da Mata Atl\u00e2ntica paulista, o programa contabilizou mais de 43 mil registros independentes de mam\u00edferos silvestres e mais de 74 mil registros individuais de animais, refor\u00e7ando a presen\u00e7a cont\u00ednua de fauna em paisagens conectadas por corredores ecol\u00f3gicos. Esses registros incluem esp\u00e9cies altamente sens\u00edveis \u00e0 fragmenta\u00e7\u00e3o florestal, como on\u00e7a-pintada, anta, muriqui-do-sul, bugios e queixadas. A perman\u00eancia simult\u00e2nea desses animais em uma mesma paisagem \u00e9 considerada rara na Mata Atl\u00e2ntica e \u00e9 um dos principais indicadores de integridade ecol\u00f3gica do bioma.<\/p>\n<p class=\"wp-block-paragraph\">A plataforma estadual re\u00fane, desde 2022, informa\u00e7\u00f5es sobre esp\u00e9cies da Mata Atl\u00e2ntica e do Cerrado paulista, permitindo an\u00e1lises mais precisas sobre distribui\u00e7\u00e3o, persist\u00eancia populacional e status de conserva\u00e7\u00e3o da fauna. Os dados produzidos pelo programa v\u00eam subsidiando a atualiza\u00e7\u00e3o da Lista Estadual de Esp\u00e9cies Amea\u00e7adas e os Planos de A\u00e7\u00e3o Nacional (PANs), fundamentais para estrat\u00e9gias de conserva\u00e7\u00e3o em todo o pa\u00eds.<\/p>\n<p class=\"wp-block-paragraph\">Entre as esp\u00e9cies monitoradas est\u00e3o lobo-guar\u00e1, cachorro-vinagre, raposinha-do-campo, anta, cervo-do-pantanal, queixadas, mico-le\u00e3o-preto, mico-le\u00e3o-da-cara-preta, muriqui-do-sul e felinos silvestres. Com o fortalecimento da base cient\u00edfica e o aumento da robustez dos dados, algumas esp\u00e9cies j\u00e1 apresentam reclassifica\u00e7\u00f5es positivas no estado.<\/p>\n<p class=\"wp-block-paragraph\">A prote\u00e7\u00e3o desse patrim\u00f4nio ambiental ocorre em uma rede formada por 157 Unidades de Conserva\u00e7\u00e3o administradas pela Funda\u00e7\u00e3o Florestal, que juntas correspondem a cerca de 20% do territ\u00f3rio paulista e somam quase 5 milh\u00f5es de hectares de \u00e1reas protegidas, concentrando grande parte dos remanescentes de Mata Atl\u00e2ntica existentes no estado.<\/p>\n<p class=\"wp-block-paragraph\"><strong>LEIA TAMB\u00c9M: <a href=\"https:\/\/www.agenciasp.sp.gov.br\/quando-a-gente-recebia-visita-tinha-que-economizar-porque-dependia-da-reserva-da-caixa-dagua-agora-estamos-muito-felizes-morador-de-itupeva-comemora-ampliacao-da-rede\/\" rel=\"noopener\">\u2018Quando recebia visita, tinha que economizar porque dependia da caixa d\u2019\u00e1gua. Agora estamos muito felizes\u2019: morador de Itupeva comemora amplia\u00e7\u00e3o da rede<\/a><\/strong><\/p>\n<p class=\"wp-block-paragraph\">\u201cO monitoramento cont\u00ednuo da fauna silvestre permite entender com mais precis\u00e3o como as esp\u00e9cies amea\u00e7adas est\u00e3o distribu\u00eddas, quais \u00e1reas seguem funcionando como corredores ecol\u00f3gicos e quais estrat\u00e9gias s\u00e3o mais eficientes para conserva\u00e7\u00e3o da biodiversidade. A Mata Atl\u00e2ntica paulista ainda abriga esp\u00e9cies extremamente sens\u00edveis \u00e0 fragmenta\u00e7\u00e3o, e isso demonstra a import\u00e2ncia das Unidades de Conserva\u00e7\u00e3o para manuten\u00e7\u00e3o da vida silvestre e do equil\u00edbrio ecol\u00f3gico\u201d, destaca a diretora de biodiversidade da Funda\u00e7\u00e3o Florestal, Andrea Pires.<\/p>\n<p class=\"wp-block-paragraph\">O Monitora Bio SP ampliou o monitoramento de 38 para 48 Unidades de Conserva\u00e7\u00e3o entre 2023 e 2026, consolidando um dos maiores esfor\u00e7os cont\u00ednuos de monitoramento de fauna da Mata Atl\u00e2ntica brasileira.<\/p>\n<h3 class=\"wp-block-heading\">Avistamento de esp\u00e9cies amea\u00e7adas<\/h3>\n<p class=\"wp-block-paragraph\">Os resultados mais recentes mostram recorde de registros de esp\u00e9cies emblem\u00e1ticas da fauna paulista. O muriqui-do-sul, maior primata das Am\u00e9ricas e um dos animais mais amea\u00e7ados da Mata Atl\u00e2ntica, registrou 253 avistamentos e 1.340 indiv\u00edduos monitorados entre 2023 e 2026, com evid\u00eancias de ocupa\u00e7\u00e3o cont\u00ednua no Vale do Ribeira e na Serra do Mar, \u00e1reas conectadas por extensos corredores florestais.<\/p>\n<p class=\"wp-block-paragraph\">Outras esp\u00e9cies fundamentais para o equil\u00edbrio ecol\u00f3gico da floresta tamb\u00e9m apresentaram n\u00fameros expressivos. As queixadas passaram de 4,4 mil registros em 2023 para mais de 16 mil em 2025, enquanto as antas ultrapassaram 14 mil registros no mesmo per\u00edodo. J\u00e1 a on\u00e7a-pintada, esp\u00e9cie s\u00edmbolo da conserva\u00e7\u00e3o brasileira e dependente de grandes \u00e1reas cont\u00ednuas de floresta, alcan\u00e7ou mais de 700 registros individuais nas \u00e1reas monitoradas da Mata Atl\u00e2ntica paulista.<\/p>\n<p class=\"wp-block-paragraph\">\u201cOs resultados demonstram que S\u00e3o Paulo possui hoje uma das estruturas de conserva\u00e7\u00e3o mais relevantes do pa\u00eds. A integra\u00e7\u00e3o entre prote\u00e7\u00e3o territorial, monitoramento cient\u00edfico e gest\u00e3o ambiental fortalece n\u00e3o apenas a preserva\u00e7\u00e3o da Mata Atl\u00e2ntica, mas tamb\u00e9m a capacidade do estado de manter corredores ecol\u00f3gicos funcionais e proteger sua biodiversidade de forma estrat\u00e9gica e permanente\u201d, afirma o diretor-executivo da Funda\u00e7\u00e3o Florestal, Rodrigo Levkovicz.<\/p>\n<p class=\"wp-block-paragraph\">O levantamento do Atlas da Mata Atl\u00e2ntica tamb\u00e9m aponta que S\u00e3o Paulo possui atualmente 2,3 milh\u00f5es de hectares preservados, configurando a segunda maior \u00e1rea absoluta de remanescentes do bioma no Brasil. Para a Funda\u00e7\u00e3o Florestal, os resultados demonstram que a manuten\u00e7\u00e3o da conectividade florestal \u00e9 decisiva para a sobreviv\u00eancia de esp\u00e9cies amea\u00e7adas, a continuidade das cadeias ecol\u00f3gicas e a resili\u00eancia clim\u00e1tica em um dos biomas mais pressionados do planeta.<\/p>\n<\/p><\/div>\n<p><br \/>\n<br \/><a href=\"https:\/\/www.agenciasp.sp.gov.br\/com-fortalecimento-da-conservacao-ambiental-pelo-governo-de-sp-mata-atlantica-tem-recorde-de-registros-de-fauna-em-areas-protegidas\/\" rel=\"noopener\">Informa\u00e7\u00f5es GOV.SP<\/a><\/p>\n","protected":false},"excerpt":{"rendered":"<p>O Governo de S\u00e3o Paulo reduziu em 29% o desmatamento da Mata Atl\u00e2ntica entre 2024 e 2025, segundo dados recentes do Atlas da Mata Atl\u00e2ntica, produzido pela Funda\u00e7\u00e3o SOS Mata Atl\u00e2ntica em parceria com o Instituto Nacional de Pesquisas Espaciais (INPE). O estado passou de 49 hectares desmatados para 35 hectares de vegeta\u00e7\u00e3o nativa suprimida [&hellip;]<\/p>\n","protected":false},"author":1,"featured_media":70178,"comment_status":"","ping_status":"open","sticky":false,"template":"","format":"standard","meta":{"_jetpack_newsletter_access":"","_jetpack_dont_email_post_to_subs":false,"_jetpack_newsletter_tier_id":0,"_jetpack_memberships_contains_paywalled_content":false,"_mbp_banners":[],"_jetpack_feature_clip_id":0,"_jetpack_memberships_contains_paid_content":false,"footnotes":"","jetpack_publicize_message":"","jetpack_publicize_feature_enabled":true,"jetpack_social_post_already_shared":true,"jetpack_social_options":{"image_generator_settings":{"template":"highway","default_image_id":0,"font":"","enabled":false},"version":2},"jetpack_post_was_ever_published":false},"categories":[21],"tags":[],"class_list":["post-70177","post","type-post","status-publish","format-standard","has-post-thumbnail","category-sp-news"],"jetpack_publicize_connections":[],"jetpack-related-posts":[],"jetpack_shortlink":"https:\/\/wp.me\/p7Eq1F-ifT","jetpack_sharing_enabled":true,"jetpack_featured_media_url":"https:\/\/i0.wp.com\/guialimeira.com.br\/news\/wp-content\/uploads\/2026\/06\/Com-fortalecimento-da-conservacao-ambiental-pelo-Governo-de-SP-Mata.jpg?fit=2121%2C1414&ssl=1","_links":{"self":[{"href":"https:\/\/guialimeira.com.br\/news\/wp-json\/wp\/v2\/posts\/70177","targetHints":{"allow":["GET"]}}],"collection":[{"href":"https:\/\/guialimeira.com.br\/news\/wp-json\/wp\/v2\/posts"}],"about":[{"href":"https:\/\/guialimeira.com.br\/news\/wp-json\/wp\/v2\/types\/post"}],"author":[{"embeddable":true,"href":"https:\/\/guialimeira.com.br\/news\/wp-json\/wp\/v2\/users\/1"}],"replies":[{"embeddable":true,"href":"https:\/\/guialimeira.com.br\/news\/wp-json\/wp\/v2\/comments?post=70177"}],"version-history":[{"count":0,"href":"https:\/\/guialimeira.com.br\/news\/wp-json\/wp\/v2\/posts\/70177\/revisions"}],"wp:featuredmedia":[{"embeddable":true,"href":"https:\/\/guialimeira.com.br\/news\/wp-json\/wp\/v2\/media\/70178"}],"wp:attachment":[{"href":"https:\/\/guialimeira.com.br\/news\/wp-json\/wp\/v2\/media?parent=70177"}],"wp:term":[{"taxonomy":"category","embeddable":true,"href":"https:\/\/guialimeira.com.br\/news\/wp-json\/wp\/v2\/categories?post=70177"},{"taxonomy":"post_tag","embeddable":true,"href":"https:\/\/guialimeira.com.br\/news\/wp-json\/wp\/v2\/tags?post=70177"}],"curies":[{"name":"wp","href":"https:\/\/api.w.org\/{rel}","templated":true}]}}