{"id":70173,"date":"2026-06-24T14:45:24","date_gmt":"2026-06-24T17:45:24","guid":{"rendered":"https:\/\/guialimeira.com.br\/previsao-do-tempo-para-quinta-feira-25-em-sp-tempo-instavel\/"},"modified":"2026-06-24T14:45:24","modified_gmt":"2026-06-24T17:45:24","slug":"previsao-do-tempo-para-quinta-feira-25-em-sp-tempo-instavel","status":"publish","type":"post","link":"https:\/\/guialimeira.com.br\/news\/previsao-do-tempo-para-quinta-feira-25-em-sp-tempo-instavel\/","title":{"rendered":"Previs\u00e3o do tempo para quinta-feira (25), em SP: tempo inst\u00e1vel"},"content":{"rendered":"<p> <br \/>\n<br \/><img data-recalc-dims=\"1\" decoding=\"async\" src=\"https:\/\/i0.wp.com\/www.agenciasp.sp.gov.br\/wp-content\/uploads\/2025\/09\/Imagem-do-WhatsApp-de-2025-09-23-as-09.49.37_1846d5bb-scaled.jpg?w=696&#038;ssl=1\" \/><\/p>\n<div>\n<p class=\"wp-block-paragraph\">Nesta quinta-feira, o tempo segue inst\u00e1vel em grande parte do estado de S\u00e3o Paulo.<\/p>\n<p class=\"wp-block-paragraph\">O dia come\u00e7a com muitas nuvens, ao longo do per\u00edodo, h\u00e1 previs\u00e3o de pancadas isoladas de chuva, que podem vir acompanhadas de raios e rajadas de vento, principalmente entre o norte e o leste paulista. Nessas regi\u00f5es, a chuva poder\u00e1 ocorrer de forma persistente em alguns momentos, favorecendo acumulados mais elevados.<\/p>\n<p class=\"wp-block-paragraph\">As temperaturas come\u00e7am amenas e apresentam pequena eleva\u00e7\u00e3o durante a tarde. Na capital paulista, os term\u00f4metros variam entre 12\u00b0C e 14\u00b0C. J\u00e1 em Guapiara, a m\u00ednima prevista \u00e9 de 9\u00b0C, com m\u00e1xima de 13\u00b0C.<\/p>\n<p class=\"wp-block-paragraph\">Em dias de chuva, consulte a previs\u00e3o do tempo e fique atento aos alertas da Defesa Civil do Estado de S\u00e3o Paulo, seguindo as principais redes sociais do governo.<\/p>\n<p class=\"wp-block-paragraph\"><strong>LEIA MAIS:\u00a0<a href=\"https:\/\/www.agenciasp.sp.gov.br\/frente-fria-perde-forca-em-sao-paulo-mas-pancadas-de-chuva-ainda-podem-ocorrer-diz-defesa-civil\/\" rel=\"noopener\"><a href=\"https:\/\/www.agenciasp.sp.gov.br\/sp-sempre-alerta-entenda-o-significado-de-cada-alerta-da-defesa-civil\/\" rel=\"noopener\">SP Sempre Alerta: entenda o significado das cores dos avisos da Defesa Civil<\/a><\/strong><\/p>\n<h2 class=\"wp-block-heading\">Ou\u00e7a a previs\u00e3o do tempo no boletim de r\u00e1dio da Defesa Civil<\/h2>\n<figure class=\"wp-block-embed is-type-rich is-provider-soundcloud wp-block-embed-soundcloud\">\n<p>\n<iframe loading=\"lazy\" title=\"Defesa Civil - Quinta-Feira, dia 25\/06, o tempo segue inst\u00e1vel em grande parte do estado de S\u00e3o Paulo by Governo do Estado de S\u00e3o Paulo\" width=\"800\" height=\"400\" scrolling=\"no\" frameborder=\"no\" allow=\"autoplay; encrypted-media\" src=\"https:\/\/w.soundcloud.com\/player\/?visual=true&amp;url=https%3A%2F%2Fapi.soundcloud.com%2Ftracks%2F2345428616&amp;show_artwork=true&amp;maxheight=1000&amp;maxwidth=800\"><\/iframe>\n<\/p>\n<\/figure><\/div>\n<p><br \/>\n<br \/><a href=\"https:\/\/www.agenciasp.sp.gov.br\/previsao-do-tempo-para-quinta-feira-25-em-sp-tempo-instavel\/\" rel=\"noopener\">Informa\u00e7\u00f5es GOV.SP<\/a><\/p>\n","protected":false},"excerpt":{"rendered":"<p>Nesta quinta-feira, o tempo segue inst\u00e1vel em grande parte do estado de S\u00e3o Paulo. O dia come\u00e7a com muitas nuvens, ao longo do per\u00edodo, h\u00e1 previs\u00e3o de pancadas isoladas de chuva, que podem vir acompanhadas de raios e rajadas de vento, principalmente entre o norte e o leste paulista. Nessas regi\u00f5es, a chuva poder\u00e1 ocorrer [&hellip;]<\/p>\n","protected":false},"author":1,"featured_media":48571,"comment_status":"","ping_status":"open","sticky":false,"template":"","format":"standard","meta":{"_jetpack_newsletter_access":"","_jetpack_dont_email_post_to_subs":false,"_jetpack_newsletter_tier_id":0,"_jetpack_memberships_contains_paywalled_content":false,"_mbp_banners":[],"_jetpack_feature_clip_id":0,"_jetpack_memberships_contains_paid_content":false,"footnotes":"","jetpack_publicize_message":"","jetpack_publicize_feature_enabled":true,"jetpack_social_post_already_shared":true,"jetpack_social_options":{"image_generator_settings":{"template":"highway","default_image_id":0,"font":"","enabled":false},"version":2},"jetpack_post_was_ever_published":false},"categories":[21],"tags":[],"class_list":["post-70173","post","type-post","status-publish","format-standard","has-post-thumbnail","category-sp-news"],"jetpack_publicize_connections":[],"jetpack-related-posts":[],"jetpack_shortlink":"https:\/\/wp.me\/p7Eq1F-ifP","jetpack_sharing_enabled":true,"jetpack_featured_media_url":"https:\/\/i0.wp.com\/guialimeira.com.br\/news\/wp-content\/uploads\/2025\/10\/Previsao-do-tempo-para-terca-feira-21-em-SP-tempo-firme.jpg?fit=2560%2C1707&ssl=1","_links":{"self":[{"href":"https:\/\/guialimeira.com.br\/news\/wp-json\/wp\/v2\/posts\/70173","targetHints":{"allow":["GET"]}}],"collection":[{"href":"https:\/\/guialimeira.com.br\/news\/wp-json\/wp\/v2\/posts"}],"about":[{"href":"https:\/\/guialimeira.com.br\/news\/wp-json\/wp\/v2\/types\/post"}],"author":[{"embeddable":true,"href":"https:\/\/guialimeira.com.br\/news\/wp-json\/wp\/v2\/users\/1"}],"replies":[{"embeddable":true,"href":"https:\/\/guialimeira.com.br\/news\/wp-json\/wp\/v2\/comments?post=70173"}],"version-history":[{"count":0,"href":"https:\/\/guialimeira.com.br\/news\/wp-json\/wp\/v2\/posts\/70173\/revisions"}],"wp:featuredmedia":[{"embeddable":true,"href":"https:\/\/guialimeira.com.br\/news\/wp-json\/wp\/v2\/media\/48571"}],"wp:attachment":[{"href":"https:\/\/guialimeira.com.br\/news\/wp-json\/wp\/v2\/media?parent=70173"}],"wp:term":[{"taxonomy":"category","embeddable":true,"href":"https:\/\/guialimeira.com.br\/news\/wp-json\/wp\/v2\/categories?post=70173"},{"taxonomy":"post_tag","embeddable":true,"href":"https:\/\/guialimeira.com.br\/news\/wp-json\/wp\/v2\/tags?post=70173"}],"curies":[{"name":"wp","href":"https:\/\/api.w.org\/{rel}","templated":true}]}}