{"id":70171,"date":"2026-06-24T14:43:17","date_gmt":"2026-06-24T17:43:17","guid":{"rendered":"https:\/\/guialimeira.com.br\/ubs-dores-2-e-parque-cidade-recebem-plantao-de-vacinacao-neste-sabado-27\/"},"modified":"2026-06-24T14:43:17","modified_gmt":"2026-06-24T17:43:17","slug":"ubs-dores-2-e-parque-cidade-recebem-plantao-de-vacinacao-neste-sabado-27","status":"publish","type":"post","link":"https:\/\/guialimeira.com.br\/news\/ubs-dores-2-e-parque-cidade-recebem-plantao-de-vacinacao-neste-sabado-27\/","title":{"rendered":"UBS Dores 2 e Parque Cidade recebem plant\u00e3o de vacina\u00e7\u00e3o neste s\u00e1bado (27)"},"content":{"rendered":"<p> <br \/>\n<\/p>\n<div id=\"\">&#13;<br \/>\n                    &#13;<br \/>\n&#13;<br \/>\n&#13;<br \/>\n&#13;<br \/>\n&#13;<br \/>\n&#13;<br \/>\n    <img data-recalc-dims=\"1\" decoding=\"async\" src=\"https:\/\/i0.wp.com\/ecrie.com.br\/sistema\/conteudos\/imagem\/m_137_0_1_24062026143926.jpg?w=696&#038;ssl=1\" alt=\"UBS Dores 2 e Parque Cidade recebem plant\u00e3o de vacina\u00e7\u00e3o neste s\u00e1bado (27)\"\/>&#13;<br \/>\n&#13;<br \/>\n&#13;<\/p>\n<p style=\"text-align: justify;\">A Prefeitura de Limeira realiza neste s\u00e1bado (27), das 8h \u00e0s 13h mais uma a\u00e7\u00e3o de vacina\u00e7\u00e3o com o objetivo de ampliar a cobertura vacinal e facilitar o acesso da popula\u00e7\u00e3o aos imunizantes. A iniciativa integra as a\u00e7\u00f5es de promo\u00e7\u00e3o da sa\u00fade e preven\u00e7\u00e3o de doen\u00e7as desenvolvidas pelo munic\u00edpio.<\/p>\n<p>&#13;<\/p>\n<p style=\"text-align: justify;\">Na UBS (Unidade B\u00e1sica de Sa\u00fade) Nossa Senhora das Dores 2, ser\u00e1 realizada a multivacina\u00e7\u00e3o destinada \u00e0 popula\u00e7\u00e3o em geral, com aplica\u00e7\u00e3o das vacinas dispon\u00edveis no Calend\u00e1rio Nacional de Vacina\u00e7\u00e3o. Tamb\u00e9m ser\u00e3o oferecidas as vacinas contra a gripe e contra a dengue para adolescentes dentro da faixa et\u00e1ria preconizada pelo Minist\u00e9rio da Sa\u00fade.<\/p>\n<p>&#13;<\/p>\n<p style=\"text-align: justify;\">J\u00e1 no drive-thru do Parque Cidade, a popula\u00e7\u00e3o poder\u00e1 receber as vacinas contra febre amarela, gripe e Covid-19, al\u00e9m da vacina contra a dengue destinada aos adolescentes.<\/p>\n<p>&#13;<\/p>\n<p style=\"text-align: justify;\">A Secretaria de Sa\u00fade orienta que os moradores levem documento com foto como CPF, Cart\u00e3o SUS, a carteira de vacina\u00e7\u00e3o e o comprovante de resid\u00eancia. A apresenta\u00e7\u00e3o da caderneta auxilia na avalia\u00e7\u00e3o do esquema vacinal e na atualiza\u00e7\u00e3o das doses em atraso.<\/p>\n<p>&#13;<\/p>\n<p style=\"text-align: justify;\">Essa a\u00e7\u00e3o contribui para a ODS 3 (Sa\u00fade e Bem-Estar), promovendo a imuniza\u00e7\u00e3o e a prote\u00e7\u00e3o da sa\u00fade da popula\u00e7\u00e3o.<\/p>\n<p>&#13;<\/p>\n<p>\u00a0<\/p>\n<p>&#13;<\/p>\n<p style=\"text-align: justify;\"><strong>Servi\u00e7o<\/strong><\/p>\n<p>&#13;<\/p>\n<p style=\"text-align: justify;\">S\u00e1bado (27) &#8211; das 8h \u00e0s 13h<\/p>\n<p>&#13;<\/p>\n<p style=\"text-align: justify;\">UBS Dores 2<\/p>\n<p>&#13;<\/p>\n<p style=\"text-align: justify;\">Multivacina\u00e7\u00e3o, vacina contra gripe e dengue para adolescentes<br \/>Local: Avenida Vit\u00f3rio Bortolan, 1080<\/p>\n<p>&#13;<\/p>\n<p>\u00a0<\/p>\n<p>&#13;<\/p>\n<p style=\"text-align: justify;\">Drive-thru do Parque Cidade<\/p>\n<p>&#13;<\/p>\n<p style=\"text-align: justify;\">Vacina contra febre amarela, gripe, covid-19 e dengue para adolescentes<br \/>Endere\u00e7o: Parque Cidade &#8211; ao lado da pista de skate<\/p>\n<p>&#13;<\/p>\n<p style=\"text-align: justify;\">Acesso de ve\u00edculos: Port\u00e3o A (Anel Vi\u00e1rio) \u2013 Via Ant\u00f4nio Cru\u00e3nes Filho, s\/n\u00ba<\/p>\n<p>&#13;<\/p>\n<p>\u00a0<\/p>\n<p>&#13;<\/p>\n<p style=\"text-align: justify;\"><strong>Confira indica\u00e7\u00e3o de vacinas<\/strong><\/p>\n<p>&#13;<\/p>\n<p style=\"text-align: justify;\">GRIPE<\/p>\n<p>&#13;<\/p>\n<p style=\"text-align: justify;\">&#8211; Para a toda a popula\u00e7\u00e3o acima dos 6 meses.<\/p>\n<p>&#13;<\/p>\n<p style=\"text-align: justify;\">DENGUE (adolescentes)<\/p>\n<p>&#13;<\/p>\n<p style=\"text-align: justify;\">&#8211; Para crian\u00e7as e adolescentes de 10 a 14 anos;<\/p>\n<p>&#13;<\/p>\n<p style=\"text-align: justify;\">COVID-19<\/p>\n<p>&#13;<\/p>\n<p style=\"text-align: justify;\">Atualmente, a vacina contra covid-19 \u00e9 voltada a gestantes, pessoas imunocomprometidas e idosos (60 anos ou mais), que devem ser vacinados a cada seis meses. Crian\u00e7as de 6 meses a 4 anos, 11 meses e 29 dias devem receber duas doses da vacina, com intervalo de quatro semanas entre elas. Pessoas de 5 a 59 anos, sem comorbidades e j\u00e1 vacinadas anteriormente, n\u00e3o precisam receber novas doses. Nessa faixa et\u00e1ria, o imunizante \u00e9 destinado apenas aos grupos especiais, que devem receber uma dose anualmente. S\u00e3o eles: pessoas vivendo em institui\u00e7\u00f5es de longa perman\u00eancia, ind\u00edgenas, ribeirinhos, quilombolas, pu\u00e9rperas, trabalhadores da sa\u00fade, pessoas com defici\u00eancia permanente, pessoas com comorbidades, pessoas privadas de liberdade, funcion\u00e1rios do sistema de priva\u00e7\u00e3o de liberdade, adolescentes e jovens cumprindo medidas socioeducativas, pessoas em situa\u00e7\u00e3o de rua e trabalhadores dos Correios.<\/p>\n<p>&#13;<\/p>\n<p style=\"text-align: justify;\">FEBRE AMARELA<\/p>\n<p>&#13;<\/p>\n<p style=\"text-align: justify;\">&#8211; Crian\u00e7as a partir de 9 meses de idade que ainda n\u00e3o foram vacinadas e aquelas que n\u00e3o completaram o esquema vacinal de duas doses.<\/p>\n<p>&#13;<\/p>\n<p style=\"text-align: justify;\">&#8211; Pessoas que receberam apenas uma dose antes de completar 5 anos de idade dever\u00e3o tomar a dose adicional, independentemente da idade.<\/p>\n<p>&#13;<\/p>\n<p style=\"text-align: justify;\">&#8211; Pessoas de qualquer idade que n\u00e3o sabem se j\u00e1 foram vacinadas.<\/p>\n<p>&#13;<\/p>\n<p style=\"text-align: justify;\">&#8211; Pessoas com 60 anos ou mais devem apresentar recomenda\u00e7\u00e3o m\u00e9dica por escrito para receber a vacina.<\/p>\n<p>&#13;<br \/>\n&#13;<br \/>\n&#13;<br \/>\n&#13;<\/p>\n<article class=\"conteudo-relacionado no-print\">&#13;<br \/>\n        &#13;<br \/>\n&#13;<br \/>\n        &#13;<br \/>\n    <\/article>\n<p>&#13;<br \/>\n&#13;\n                <\/p><\/div>\n<p><br \/>\n<br \/><a href=\"https:\/\/limeira.sp.gov.br\/ubs-dores-2-e-parque-cidade-recebem-plantao-de-vacinacao-neste-sabado-27\" rel=\"noopener\">Informa\u00e7\u00f5es da PML <\/a><\/p>\n","protected":false},"excerpt":{"rendered":"<p>&#13; &#13; &#13; &#13; &#13; &#13; &#13; &#13; &#13; &#13; A Prefeitura de Limeira realiza neste s\u00e1bado (27), das 8h \u00e0s 13h mais uma a\u00e7\u00e3o de vacina\u00e7\u00e3o com o objetivo de ampliar a cobertura vacinal e facilitar o acesso da popula\u00e7\u00e3o aos imunizantes. A iniciativa integra as a\u00e7\u00f5es de promo\u00e7\u00e3o da sa\u00fade e preven\u00e7\u00e3o de [&hellip;]<\/p>\n","protected":false},"author":1,"featured_media":70172,"comment_status":"","ping_status":"open","sticky":false,"template":"","format":"standard","meta":{"_jetpack_newsletter_access":"","_jetpack_dont_email_post_to_subs":false,"_jetpack_newsletter_tier_id":0,"_jetpack_memberships_contains_paywalled_content":false,"_mbp_banners":[],"_jetpack_feature_clip_id":0,"_jetpack_memberships_contains_paid_content":false,"footnotes":"","jetpack_publicize_message":"","jetpack_publicize_feature_enabled":true,"jetpack_social_post_already_shared":true,"jetpack_social_options":{"image_generator_settings":{"template":"highway","default_image_id":0,"font":"","enabled":false},"version":2},"jetpack_post_was_ever_published":false},"categories":[16],"tags":[],"class_list":["post-70171","post","type-post","status-publish","format-standard","has-post-thumbnail","category-local"],"jetpack_publicize_connections":[],"jetpack-related-posts":[],"jetpack_shortlink":"https:\/\/wp.me\/p7Eq1F-ifN","jetpack_sharing_enabled":true,"jetpack_featured_media_url":"https:\/\/i0.wp.com\/guialimeira.com.br\/news\/wp-content\/uploads\/2026\/06\/m_137_0_1_24062026143926.jpg?fit=1024%2C681&ssl=1","_links":{"self":[{"href":"https:\/\/guialimeira.com.br\/news\/wp-json\/wp\/v2\/posts\/70171","targetHints":{"allow":["GET"]}}],"collection":[{"href":"https:\/\/guialimeira.com.br\/news\/wp-json\/wp\/v2\/posts"}],"about":[{"href":"https:\/\/guialimeira.com.br\/news\/wp-json\/wp\/v2\/types\/post"}],"author":[{"embeddable":true,"href":"https:\/\/guialimeira.com.br\/news\/wp-json\/wp\/v2\/users\/1"}],"replies":[{"embeddable":true,"href":"https:\/\/guialimeira.com.br\/news\/wp-json\/wp\/v2\/comments?post=70171"}],"version-history":[{"count":0,"href":"https:\/\/guialimeira.com.br\/news\/wp-json\/wp\/v2\/posts\/70171\/revisions"}],"wp:featuredmedia":[{"embeddable":true,"href":"https:\/\/guialimeira.com.br\/news\/wp-json\/wp\/v2\/media\/70172"}],"wp:attachment":[{"href":"https:\/\/guialimeira.com.br\/news\/wp-json\/wp\/v2\/media?parent=70171"}],"wp:term":[{"taxonomy":"category","embeddable":true,"href":"https:\/\/guialimeira.com.br\/news\/wp-json\/wp\/v2\/categories?post=70171"},{"taxonomy":"post_tag","embeddable":true,"href":"https:\/\/guialimeira.com.br\/news\/wp-json\/wp\/v2\/tags?post=70171"}],"curies":[{"name":"wp","href":"https:\/\/api.w.org\/{rel}","templated":true}]}}