{"id":70163,"date":"2026-06-24T13:42:54","date_gmt":"2026-06-24T16:42:54","guid":{"rendered":"https:\/\/guialimeira.com.br\/governo-de-sp-inaugura-cidade-saude-e-amplia-oferta-de-procedimentos-especializados-na-regiao-de-campinas\/"},"modified":"2026-06-24T13:42:54","modified_gmt":"2026-06-24T16:42:54","slug":"governo-de-sp-inaugura-cidade-saude-e-amplia-oferta-de-procedimentos-especializados-na-regiao-de-campinas","status":"publish","type":"post","link":"https:\/\/guialimeira.com.br\/news\/governo-de-sp-inaugura-cidade-saude-e-amplia-oferta-de-procedimentos-especializados-na-regiao-de-campinas\/","title":{"rendered":"Governo de SP inaugura Cidade Sa\u00fade e amplia oferta de procedimentos especializados na regi\u00e3o de Campinas"},"content":{"rendered":"<p> <br \/>\n<\/p>\n<div>\n<p class=\"wp-block-paragraph\">O Governo de S\u00e3o Paulo inaugurou nesta quarta-feira (24) o complexo Cidade Sa\u00fade, em Santa B\u00e1rbara d\u2019Oeste. O novo equipamento municipal recebeu cerca de R$ 25 milh\u00f5es em investimentos para constru\u00e7\u00e3o e aquisi\u00e7\u00e3o de equipamentos e vai ampliar a oferta de exames e procedimentos especializados na regi\u00e3o metropolitana de Campinas, beneficiando mais de 3 milh\u00f5es de moradores de 19 munic\u00edpios.<\/p>\n<p>O Estado est\u00e1 investindo mais de R$ 2 milh\u00f5es para amplia\u00e7\u00e3o da assist\u00eancia oferecida pelo Cidade Sa\u00fade. Os recursos s\u00e3o destinados \u00e0 compra de equipamentos para realiza\u00e7\u00e3o de exames como densitometria \u00f3ssea, tomografia de coer\u00eancia \u00f3ptica e aparelhos para a realiza\u00e7\u00e3o de procedimentos oftalmol\u00f3gicos, incluindo cirurgias de catarata.<\/p>\n<p>Al\u00e9m dos recursos para a nova unidade, o Estado tamb\u00e9m anunciou o repasse de R$ 1 milh\u00e3o para a Santa Casa de Miseric\u00f3rdia de Santa B\u00e1rbara d\u2019Oeste para a implanta\u00e7\u00e3o de dez novos leitos de UTI pedi\u00e1tricos na unidade. O recurso ser\u00e1 utilizado para a finaliza\u00e7\u00e3o das obras dos leitos.\u2028<\/p>\n<figure class=\"wp-block-image size-large\"><img data-recalc-dims=\"1\" fetchpriority=\"high\" decoding=\"async\" width=\"696\" height=\"464\" src=\"https:\/\/i0.wp.com\/www.agenciasp.sp.gov.br\/wp-content\/uploads\/2026\/06\/Cidade-Saude-descerramento-de-placa-1024x683.jpg?resize=696%2C464&#038;ssl=1\" alt=\"\" class=\"wp-image-154711 lazy\" srcset=\"https:\/\/www.agenciasp.sp.gov.br\/wp-content\/uploads\/2026\/06\/Cidade-Saude-descerramento-de-placa-1024x683.jpg 1024w, https:\/\/www.agenciasp.sp.gov.br\/wp-content\/uploads\/2026\/06\/Cidade-Saude-descerramento-de-placa-300x200.jpg 300w, https:\/\/www.agenciasp.sp.gov.br\/wp-content\/uploads\/2026\/06\/Cidade-Saude-descerramento-de-placa-768x512.jpg 768w, https:\/\/www.agenciasp.sp.gov.br\/wp-content\/uploads\/2026\/06\/Cidade-Saude-descerramento-de-placa-1536x1024.jpg 1536w, https:\/\/www.agenciasp.sp.gov.br\/wp-content\/uploads\/2026\/06\/Cidade-Saude-descerramento-de-placa-2048x1365.jpg 2048w, https:\/\/www.agenciasp.sp.gov.br\/wp-content\/uploads\/2026\/06\/Cidade-Saude-descerramento-de-placa-150x100.jpg 150w\" data-sizes=\"(max-width: 1024px) 100vw, 1024px\"\/><figcaption class=\"wp-element-caption\">Al\u00e9m dos recursos para a nova unidade, o Estado tamb\u00e9m anunciou o repasse de R$ 1 milh\u00e3o para a Santa Casa de Miseric\u00f3rdia de Santa B\u00e1rbara d\u2019Oeste. Foto: Igor do Vale\/Governo do Estado SP<br \/><\/figcaption><\/figure>\n<p>\u201cA concep\u00e7\u00e3o da Cidade Sa\u00fade \u00e9 muito acertada porque concentra, em um \u00fanico espa\u00e7o, os principais servi\u00e7os de sa\u00fade do munic\u00edpio. O cidad\u00e3o faz o exame, recebe o diagn\u00f3stico, inicia o tratamento e tem acesso aos medicamentos no mesmo lugar, com todo o acompanhamento necess\u00e1rio. O Governo de S\u00e3o Paulo contribui para fortalecer essa estrutura com recursos para equipamentos, exames e cirurgias. Al\u00e9m disso, estamos investindo a abertura de leitos de UTI pedi\u00e1trica na Santa Casa do munic\u00edpio\u201d, afirmou o governador Tarc\u00edsio de Freitas.<\/p>\n<p class=\"wp-block-paragraph\">\u201cEssa entrega marca um novo cap\u00edtulo para a sa\u00fade p\u00fablica de Santa B\u00e1rbara d\u2019Oeste e de toda a Regi\u00e3o Metropolitana de Campinas, com uma estrutura moderna e que ampliar\u00e1 o acesso \u00e0 sa\u00fade de toda essa popula\u00e7\u00e3o\u201d, refor\u00e7ou a coordenadora do Programa Sa\u00fade Digital Paulista, Cristina Balestrin.\u00a0<\/p>\n<p class=\"wp-block-paragraph\">Atualmente, o munic\u00edpio realiza 8.600 procedimentos por m\u00eas e chegar\u00e1 a 13 mil procedimentos com a inaugura\u00e7\u00e3o do Cidade Sa\u00fade, ampliando a capacidade de atendimento nas especialidades de cardiologia, oftalmologia, ortopedia e otorrinolaringologia, geriatria, endocrinologia, neurologia e neuropediatria.\u00a0<\/p>\n<p class=\"wp-block-paragraph\">O novo complexo se tornou a maior estrutura da rede municipal de sa\u00fade de Santa B\u00e1rbara d\u2019Oeste, reunindo um centro de especialidades, a central de regula\u00e7\u00e3o municipal, a coordena\u00e7\u00e3o da Aten\u00e7\u00e3o B\u00e1sica, a vigil\u00e2ncia em sa\u00fade, a farm\u00e1cia integrada, o centro de procedimentos ambulatoriais, servi\u00e7os oftalmol\u00f3gicos, laborat\u00f3rio de an\u00e1lise de \u00e1guas e um moderno espa\u00e7o para estoque de vacinas em c\u00e2mara fria.A nova estrutura contar\u00e1 ainda com um Ambulat\u00f3rio de Feridas voltado ao acompanhamento de pacientes com casos de maior complexidade.\u00a0<\/p>\n<h2 class=\"wp-block-heading\">Novo modelo de atendimento<\/h2>\n<p class=\"wp-block-paragraph\">O Cidade Sa\u00fade inaugura um novo modelo de atendimento especializado, com a implanta\u00e7\u00e3o da Oferta de Cuidados Integrados. A proposta reorganiza o fluxo tradicional para que, ap\u00f3s a consulta m\u00e9dica, o paciente n\u00e3o precise ingressar em filas separadas para cada exame ou procedimento. Nesse novo formato, as etapas s\u00e3o reunidas em uma linha de cuidado, com consulta especializada, exames necess\u00e1rios e retorno m\u00e9dico realizados dentro de um prazo definido.\u00a0<\/p>\n<p class=\"wp-block-paragraph\">O projeto come\u00e7ou a ser constru\u00eddo em 2022, ao lado do terminal leste, na regi\u00e3o central do munic\u00edpio, para facilitar o acesso e deslocamento da popula\u00e7\u00e3o ao servi\u00e7o de sa\u00fade. O empreendimento possui quatro pavimentos e 3,6 mil metros quadrados de \u00e1rea constru\u00edda.\u00a0<\/p>\n<p class=\"wp-block-paragraph\">Al\u00e9m dos moradores de Santa B\u00e1rbara d\u2019Oeste, a nova estrutura fortalecer\u00e1 a assist\u00eancia \u00e0 popula\u00e7\u00e3o de Americana, Artur Nogueira, Campinas, Cosm\u00f3polis, Engenheiro Coelho, Holambra, Hortol\u00e2ndia, Indaiatuba, Itatiba, Jaguari\u00fana, Monte Mor, Morungaba, Nova Odessa, Paul\u00ednia, Pedreira, Santo Ant\u00f4nio de Posse, Sumar\u00e9 e Valinhos.<\/p>\n<p class=\"wp-block-paragraph\">Projetado com foco em sustentabilidade e efici\u00eancia energ\u00e9tica, o complexo conta com ilumina\u00e7\u00e3o e ventila\u00e7\u00e3o naturais, l\u00e2mpadas de LED, sistema de climatiza\u00e7\u00e3o e pain\u00e9is solares fotovoltaicos.<\/p>\n<\/p><\/div>\n<p><br \/>\n<br \/><a href=\"https:\/\/www.agenciasp.sp.gov.br\/governo-de-sp-inaugura-cidade-saude-e-amplia-oferta-de-procedimentos-especializados-na-regiao-de-campinas\/\" rel=\"noopener\">Informa\u00e7\u00f5es GOV.SP<\/a><\/p>\n","protected":false},"excerpt":{"rendered":"<p>O Governo de S\u00e3o Paulo inaugurou nesta quarta-feira (24) o complexo Cidade Sa\u00fade, em Santa B\u00e1rbara d\u2019Oeste. O novo equipamento municipal recebeu cerca de R$ 25 milh\u00f5es em investimentos para constru\u00e7\u00e3o e aquisi\u00e7\u00e3o de equipamentos e vai ampliar a oferta de exames e procedimentos especializados na regi\u00e3o metropolitana de Campinas, beneficiando mais de 3 milh\u00f5es [&hellip;]<\/p>\n","protected":false},"author":1,"featured_media":70164,"comment_status":"","ping_status":"open","sticky":false,"template":"","format":"standard","meta":{"_jetpack_newsletter_access":"","_jetpack_dont_email_post_to_subs":false,"_jetpack_newsletter_tier_id":0,"_jetpack_memberships_contains_paywalled_content":false,"_mbp_banners":[],"_jetpack_feature_clip_id":0,"_jetpack_memberships_contains_paid_content":false,"footnotes":"","jetpack_publicize_message":"","jetpack_publicize_feature_enabled":true,"jetpack_social_post_already_shared":true,"jetpack_social_options":{"image_generator_settings":{"template":"highway","default_image_id":0,"font":"","enabled":false},"version":2},"jetpack_post_was_ever_published":false},"categories":[21],"tags":[],"class_list":["post-70163","post","type-post","status-publish","format-standard","has-post-thumbnail","category-sp-news"],"jetpack_publicize_connections":[],"jetpack-related-posts":[],"jetpack_shortlink":"https:\/\/wp.me\/p7Eq1F-ifF","jetpack_sharing_enabled":true,"jetpack_featured_media_url":"https:\/\/i0.wp.com\/guialimeira.com.br\/news\/wp-content\/uploads\/2026\/06\/Governo-de-SP-inaugura-Cidade-Saude-e-amplia-oferta-de.jpg?fit=1024%2C683&ssl=1","_links":{"self":[{"href":"https:\/\/guialimeira.com.br\/news\/wp-json\/wp\/v2\/posts\/70163","targetHints":{"allow":["GET"]}}],"collection":[{"href":"https:\/\/guialimeira.com.br\/news\/wp-json\/wp\/v2\/posts"}],"about":[{"href":"https:\/\/guialimeira.com.br\/news\/wp-json\/wp\/v2\/types\/post"}],"author":[{"embeddable":true,"href":"https:\/\/guialimeira.com.br\/news\/wp-json\/wp\/v2\/users\/1"}],"replies":[{"embeddable":true,"href":"https:\/\/guialimeira.com.br\/news\/wp-json\/wp\/v2\/comments?post=70163"}],"version-history":[{"count":0,"href":"https:\/\/guialimeira.com.br\/news\/wp-json\/wp\/v2\/posts\/70163\/revisions"}],"wp:featuredmedia":[{"embeddable":true,"href":"https:\/\/guialimeira.com.br\/news\/wp-json\/wp\/v2\/media\/70164"}],"wp:attachment":[{"href":"https:\/\/guialimeira.com.br\/news\/wp-json\/wp\/v2\/media?parent=70163"}],"wp:term":[{"taxonomy":"category","embeddable":true,"href":"https:\/\/guialimeira.com.br\/news\/wp-json\/wp\/v2\/categories?post=70163"},{"taxonomy":"post_tag","embeddable":true,"href":"https:\/\/guialimeira.com.br\/news\/wp-json\/wp\/v2\/tags?post=70163"}],"curies":[{"name":"wp","href":"https:\/\/api.w.org\/{rel}","templated":true}]}}