{"id":70154,"date":"2026-06-24T12:37:15","date_gmt":"2026-06-24T15:37:15","guid":{"rendered":"https:\/\/guialimeira.com.br\/patio-limeira-shopping-recebe-feira-de-orquideas\/"},"modified":"2026-06-24T12:37:15","modified_gmt":"2026-06-24T15:37:15","slug":"patio-limeira-shopping-recebe-feira-de-orquideas","status":"publish","type":"post","link":"https:\/\/guialimeira.com.br\/news\/patio-limeira-shopping-recebe-feira-de-orquideas\/","title":{"rendered":"P\u00e1tio Limeira Shopping recebe Feira de Orqu\u00eddeas"},"content":{"rendered":"<p> <br \/>\n<\/p>\n<div data-id=\"626ab9d\" data-element_type=\"widget\" data-e-type=\"widget\" data-widget_type=\"theme-post-content.default\">\n<p class=\"wp-block-paragraph\"><strong>P\u00e1tio Limeira Shopping recebe Feira de Orqu\u00eddeas neste fim de semana<\/strong><\/p>\n<p class=\"wp-block-paragraph\"><em>Evento gratuito re\u00fane centenas de flores e mudas ornamentais<\/em><\/p>\n<p class=\"wp-block-paragraph\">No pr\u00f3ximo final de semana, dias 27 e 28 de junho, o P\u00e1tio Limeira Shopping receber\u00e1 mais uma edi\u00e7\u00e3o da Feira das Orqu\u00eddeas. O evento gratuito ser\u00e1 no piso t\u00e9rreo e reunir\u00e1 mais de 150 exemplares de orqu\u00eddeas, al\u00e9m de mudas de outras esp\u00e9cies ornamentais.<\/p>\n<p class=\"wp-block-paragraph\">A feira \u00e9 uma oportunidade para quem deseja conhecer diferentes variedades de plantas, adquirir exemplares para cultivo e obter orienta\u00e7\u00f5es sobre cuidados e manuten\u00e7\u00e3o das esp\u00e9cies. O evento tamb\u00e9m busca aproximar o p\u00fablico da natureza e oferecer uma experi\u00eancia que combina lazer, bem-estar e contato com a natureza.<\/p>\n<p class=\"wp-block-paragraph\">Essa \u00e9 a quinta edi\u00e7\u00e3o do evento e, de acordo com a coordenadora de marketing do P\u00e1tio Limeira Shopping, Sibelly Paganotti, a Feira das Orqu\u00eddeas j\u00e1 se consolidou como uma das atra\u00e7\u00f5es mais aguardadas pelos clientes. \u201cA Feira de Orqu\u00eddeas sempre desperta muito interesse do p\u00fablico, tanto de colecionadores quanto de pessoas que est\u00e3o come\u00e7ando a cultivar plantas em casa. \u00c9 um evento que encanta pela beleza e pela diversidade das esp\u00e9cies expostas, al\u00e9m de proporcionar uma experi\u00eancia agrad\u00e1vel para toda a fam\u00edlia\u201d, destaca.<\/p>\n<p class=\"wp-block-paragraph\">O evento \u00e9 gratuito e ser\u00e1 realizado no s\u00e1bado, dia 27, das 10h \u00e0s 22h e, no domingo, dia 28, 14h \u00e0s 20h.<\/p>\n<p class=\"wp-block-paragraph\"><strong>Sobre o P\u00e1tio Limeira Shopping<\/strong><\/p>\n<p class=\"wp-block-paragraph\">Com 64 mil m\u00b2 de \u00e1rea constru\u00edda, o P\u00e1tio Limeira Shopping possui mais de 150 opera\u00e7\u00f5es, sendo cinco lojas-\u00e2ncoras (Marisa, C&amp;A, Riachuelo, Lojas Americanas e Renner), seis megalojas (Ri Happy, Centauro, Di Gaspi, Polo Wear, Kalunga e Lojas 1a99), mais de 30 opera\u00e7\u00f5es de alimenta\u00e7\u00e3o e quatro restaurantes (Outback, Coco Bambu, Pizza Hut e Sr. Boteco) e o cinema Arcoplex, com cinco salas, sendo uma 3D. Anexo ao P\u00e1tio Limeira Shopping est\u00e1 o P\u00e1tio Office, torre comercial com dez andares e 160 salas modulares. Localizado na regi\u00e3o central de Limeira, o empreendimento \u00e9 um importante local de compras, lazer e entretenimento para adultos e crian\u00e7as da cidade e regi\u00e3o, oferecendo excelentes op\u00e7\u00f5es com seguran\u00e7a e estacionamento coberto para mil ve\u00edculos, com sinalizadores.<\/p>\n<p class=\"wp-block-paragraph\">Site: <a href=\"http:\/\/www.patiolimeira.com.br\" rel=\"noopener\">www.patiolimeira.com.br<\/a><\/p>\n<p class=\"wp-block-paragraph\">Instagram: P\u00e1tio Limeira Shopping<\/p>\n<p class=\"wp-block-paragraph\">Facebook: P\u00e1tio Limeira Shopping<\/p>\n<\/div>\n<p><br \/>\n<br \/><a href=\"https:\/\/dinamuscomunicacao.com.br\/patio-limeira-shopping-recebe-feira-de-orquideas-neste-fim-de-semana\/\" rel=\"noopener\"> Informa\u00e7\u00f5es: D\u00ednamus Comunica\u00e7\u00e3o <\/a><\/p>\n","protected":false},"excerpt":{"rendered":"<p>P\u00e1tio Limeira Shopping recebe Feira de Orqu\u00eddeas neste fim de semana Evento gratuito re\u00fane centenas de flores e mudas ornamentais No pr\u00f3ximo final de semana, dias 27 e 28 de junho, o P\u00e1tio Limeira Shopping receber\u00e1 mais uma edi\u00e7\u00e3o da Feira das Orqu\u00eddeas. O evento gratuito ser\u00e1 no piso t\u00e9rreo e reunir\u00e1 mais de 150 [&hellip;]<\/p>\n","protected":false},"author":1,"featured_media":70155,"comment_status":"","ping_status":"open","sticky":false,"template":"","format":"standard","meta":{"_jetpack_newsletter_access":"","_jetpack_dont_email_post_to_subs":false,"_jetpack_newsletter_tier_id":0,"_jetpack_memberships_contains_paywalled_content":false,"_mbp_banners":[],"_jetpack_feature_clip_id":0,"_jetpack_memberships_contains_paid_content":false,"footnotes":"","jetpack_publicize_message":"","jetpack_publicize_feature_enabled":true,"jetpack_social_post_already_shared":true,"jetpack_social_options":{"image_generator_settings":{"template":"highway","default_image_id":0,"font":"","enabled":false},"version":2},"jetpack_post_was_ever_published":false},"categories":[16],"tags":[],"class_list":["post-70154","post","type-post","status-publish","format-standard","has-post-thumbnail","category-local"],"jetpack_publicize_connections":[],"jetpack-related-posts":[],"jetpack_shortlink":"https:\/\/wp.me\/p7Eq1F-ifw","jetpack_sharing_enabled":true,"jetpack_featured_media_url":"https:\/\/i0.wp.com\/guialimeira.com.br\/news\/wp-content\/uploads\/2026\/06\/WhatsApp-Image-2026-06-23-at-14.35.39.jpeg?fit=1200%2C721&ssl=1","_links":{"self":[{"href":"https:\/\/guialimeira.com.br\/news\/wp-json\/wp\/v2\/posts\/70154","targetHints":{"allow":["GET"]}}],"collection":[{"href":"https:\/\/guialimeira.com.br\/news\/wp-json\/wp\/v2\/posts"}],"about":[{"href":"https:\/\/guialimeira.com.br\/news\/wp-json\/wp\/v2\/types\/post"}],"author":[{"embeddable":true,"href":"https:\/\/guialimeira.com.br\/news\/wp-json\/wp\/v2\/users\/1"}],"replies":[{"embeddable":true,"href":"https:\/\/guialimeira.com.br\/news\/wp-json\/wp\/v2\/comments?post=70154"}],"version-history":[{"count":0,"href":"https:\/\/guialimeira.com.br\/news\/wp-json\/wp\/v2\/posts\/70154\/revisions"}],"wp:featuredmedia":[{"embeddable":true,"href":"https:\/\/guialimeira.com.br\/news\/wp-json\/wp\/v2\/media\/70155"}],"wp:attachment":[{"href":"https:\/\/guialimeira.com.br\/news\/wp-json\/wp\/v2\/media?parent=70154"}],"wp:term":[{"taxonomy":"category","embeddable":true,"href":"https:\/\/guialimeira.com.br\/news\/wp-json\/wp\/v2\/categories?post=70154"},{"taxonomy":"post_tag","embeddable":true,"href":"https:\/\/guialimeira.com.br\/news\/wp-json\/wp\/v2\/tags?post=70154"}],"curies":[{"name":"wp","href":"https:\/\/api.w.org\/{rel}","templated":true}]}}