{"id":70147,"date":"2026-06-24T11:41:24","date_gmt":"2026-06-24T14:41:24","guid":{"rendered":"https:\/\/guialimeira.com.br\/turismo-de-sp-leva-produtores-artesanais-para-a-feicorte-2026\/"},"modified":"2026-06-24T11:41:24","modified_gmt":"2026-06-24T14:41:24","slug":"turismo-de-sp-leva-produtores-artesanais-para-a-feicorte-2026","status":"publish","type":"post","link":"https:\/\/guialimeira.com.br\/news\/turismo-de-sp-leva-produtores-artesanais-para-a-feicorte-2026\/","title":{"rendered":"Turismo de SP leva produtores artesanais para a Feicorte 2026"},"content":{"rendered":"<p> <br \/>\n<br \/><img data-recalc-dims=\"1\" decoding=\"async\" src=\"https:\/\/i0.wp.com\/www.agenciasp.sp.gov.br\/wp-content\/uploads\/2026\/06\/WhatsApp-Image-2026-06-24-at-11.04.33.jpeg?w=696&#038;ssl=1\" \/><\/p>\n<div>\n<p class=\"wp-block-paragraph\">A Secretaria de Turismo e Viagens do Estado de S\u00e3o Paulo (Setur-SP) participa da Feicorte \u2013 Feira Internacional da Cadeia Produtiva da Carne 2026, uma das principais feiras de agropecu\u00e1ria do Brasil e do mundo, que acontece no Recinto de Exposi\u00e7\u00f5es Jacob Tosello, em Presidente Prudente. A secretaria participa com um espa\u00e7o de produtores artesanais de 100 m\u00b2 no qual promove quatro empreendedores da regi\u00e3o de Presidente Prudente. Nos queijos, h\u00e1 dois representantes: Queijos Monte Alegre, de Adamantina, e B\u00fafalas S\u00e3o Jo\u00e3o \u2013 Queijos Artesanais, de Paragua\u00e7u Paulista.<\/p>\n<p class=\"wp-block-paragraph\">Nos antepastos e geleias, a Danega Conservas, de Presidente Prudente, apresenta diversos sabores. J\u00e1 o Api\u00e1rio Noite Negra, tamb\u00e9m do munic\u00edpio de Anhumas, leva o mel que produzem. Por sua vez, cacharias que fazem parte das Rotas da Cacha\u00e7a tamb\u00e9m marcam presen\u00e7a no espa\u00e7o por meio da Secretaria de Agricultura e Abastecimento do Estado de S\u00e3o Paulo (SAA).<\/p>\n<p class=\"wp-block-paragraph\"><strong>LEIA TAMB\u00c9M: <a href=\"https:\/\/www.agenciasp.sp.gov.br\/festas-juninas-devem-movimentar-economia\/\" rel=\"noopener\">Festas juninas e temporada de inverno devem movimentar quase R$ 450 milh\u00f5es para o turismo de SP<\/a><\/strong><\/p>\n<h3 class=\"wp-block-heading\">Roteiros tur\u00edsticos<\/h3>\n<p class=\"wp-block-paragraph\">Al\u00e9m disso, a Secretaria tamb\u00e9m participa com um estande institucional de 24 m\u00b2 no qual apresenta alguns roteiros tur\u00edsticos como a <a href=\"https:\/\/www.agenciasp.sp.gov.br\/circuito-das-aguas-paulista-conheca-roteiros-para-observar-passaros\/\" data-type=\"link\" data-id=\"https:\/\/www.agenciasp.sp.gov.br\/circuito-das-aguas-paulista-conheca-roteiros-para-observar-passaros\/\" rel=\"noopener\">Rotas da \u00c1guas<\/a>, composto pelos munic\u00edpios de Iepe, Jurere Nacional, Martin\u00f3polis, Presidente Epit\u00e1cio, Presidente Prudente, Panorama, Paulic\u00e9ia, Rancharia, Rosana, Sandovalina e Taciba. Eles promovem seus atrativos para os visitantes da feira. A <a href=\"https:\/\/www.agenciasp.sp.gov.br\/turismo-religioso-em-sao-paulo-conheca-os-roteiros-do-estado\/\" data-type=\"link\" data-id=\"https:\/\/www.agenciasp.sp.gov.br\/turismo-religioso-em-sao-paulo-conheca-os-roteiros-do-estado\/\" rel=\"noopener\">Rota Religiosa<\/a> Pastur, de Presidente Prudente; a Cadeia Produtiva Local Destino Oeste Paulista de Turismo Rural, e o Destino Oeste Paulista tamb\u00e9m divulgam suas atra\u00e7\u00f5es. J\u00e1 no artesanato, Marta Bedin, Maria Mesquita, Silmara, da Mia Bolsas, e Marciany, da Badulaque Presentes, exp\u00f5em seus produtos. Todos os artes\u00e3os s\u00e3o de Presidente Prudente.<\/p>\n<p class=\"wp-block-paragraph\">\u201cEstamos falando de um dos maiores eventos de agropecu\u00e1ria do Brasil e do mundo. Ent\u00e3o, essa \u00e9 uma \u00f3tima oportunidade para divulgar produtores artesanais paulistas, que v\u00e3o apresentar seus produtos para um p\u00fablico diversificado. Com isso, fomentamos o turismo rural e gastron\u00f4mico do Estado de S\u00e3o Paulo\u201d, disse Ana Biselli, secret\u00e1ria estadual de Turismo e Viagens de S\u00e3o Paulo.<\/p>\n<p class=\"wp-block-paragraph\"><strong>LEIA TAMB\u00c9M: <a href=\"https:\/\/www.agenciasp.sp.gov.br\/rotas-de-sao-paulo-impulsionam-economia-regional-e-ampliam-turismo-de-experiencia\/\" rel=\"noopener\">Rotas de S\u00e3o Paulo impulsionam economia regional e ampliam turismo de experi\u00eancia<\/a><\/strong><\/p>\n<p class=\"wp-block-paragraph\">A Feicorte foi retomada em 2024 ap\u00f3s uma d\u00e9cada sem edi\u00e7\u00f5es. Desde o retorno, o evento tem crescido em p\u00fablico e expositores. Em 2024, recebeu mais de 8 mil visitantes e 100 expositores. Em 2025, passou de 16,5 mil visitantes e mais de 140 expositores. A edi\u00e7\u00e3o de 2026 marca a terceira vez consecutiva que a feira acontece em Presidente Prudente. A feira \u00e9 organizada pela empresa Verum em conjunto com o Instituto Brasileiro de Inova\u00e7\u00e3o, Cultura e Qualidade do Agro e Pecu\u00e1ria (IBIQPEC).<\/p>\n<\/p><\/div>\n<p><br \/>\n<br \/><a href=\"https:\/\/www.agenciasp.sp.gov.br\/turismo-de-sp-leva-produtores-artesanais-para-a-feicorte-2026\/\" rel=\"noopener\">Informa\u00e7\u00f5es GOV.SP<\/a><\/p>\n","protected":false},"excerpt":{"rendered":"<p>A Secretaria de Turismo e Viagens do Estado de S\u00e3o Paulo (Setur-SP) participa da Feicorte \u2013 Feira Internacional da Cadeia Produtiva da Carne 2026, uma das principais feiras de agropecu\u00e1ria do Brasil e do mundo, que acontece no Recinto de Exposi\u00e7\u00f5es Jacob Tosello, em Presidente Prudente. A secretaria participa com um espa\u00e7o de produtores artesanais [&hellip;]<\/p>\n","protected":false},"author":1,"featured_media":70148,"comment_status":"","ping_status":"open","sticky":false,"template":"","format":"standard","meta":{"_jetpack_newsletter_access":"","_jetpack_dont_email_post_to_subs":false,"_jetpack_newsletter_tier_id":0,"_jetpack_memberships_contains_paywalled_content":false,"_mbp_banners":[],"_jetpack_feature_clip_id":0,"_jetpack_memberships_contains_paid_content":false,"footnotes":"","jetpack_publicize_message":"","jetpack_publicize_feature_enabled":true,"jetpack_social_post_already_shared":true,"jetpack_social_options":{"image_generator_settings":{"template":"highway","default_image_id":0,"font":"","enabled":false},"version":2},"jetpack_post_was_ever_published":false},"categories":[21],"tags":[],"class_list":["post-70147","post","type-post","status-publish","format-standard","has-post-thumbnail","category-sp-news"],"jetpack_publicize_connections":[],"jetpack-related-posts":[],"jetpack_shortlink":"https:\/\/wp.me\/p7Eq1F-ifp","jetpack_sharing_enabled":true,"jetpack_featured_media_url":"https:\/\/i0.wp.com\/guialimeira.com.br\/news\/wp-content\/uploads\/2026\/06\/Turismo-de-SP-leva-produtores-artesanais-para-a-Feicorte-2026.jpeg?fit=1600%2C1059&ssl=1","_links":{"self":[{"href":"https:\/\/guialimeira.com.br\/news\/wp-json\/wp\/v2\/posts\/70147","targetHints":{"allow":["GET"]}}],"collection":[{"href":"https:\/\/guialimeira.com.br\/news\/wp-json\/wp\/v2\/posts"}],"about":[{"href":"https:\/\/guialimeira.com.br\/news\/wp-json\/wp\/v2\/types\/post"}],"author":[{"embeddable":true,"href":"https:\/\/guialimeira.com.br\/news\/wp-json\/wp\/v2\/users\/1"}],"replies":[{"embeddable":true,"href":"https:\/\/guialimeira.com.br\/news\/wp-json\/wp\/v2\/comments?post=70147"}],"version-history":[{"count":0,"href":"https:\/\/guialimeira.com.br\/news\/wp-json\/wp\/v2\/posts\/70147\/revisions"}],"wp:featuredmedia":[{"embeddable":true,"href":"https:\/\/guialimeira.com.br\/news\/wp-json\/wp\/v2\/media\/70148"}],"wp:attachment":[{"href":"https:\/\/guialimeira.com.br\/news\/wp-json\/wp\/v2\/media?parent=70147"}],"wp:term":[{"taxonomy":"category","embeddable":true,"href":"https:\/\/guialimeira.com.br\/news\/wp-json\/wp\/v2\/categories?post=70147"},{"taxonomy":"post_tag","embeddable":true,"href":"https:\/\/guialimeira.com.br\/news\/wp-json\/wp\/v2\/tags?post=70147"}],"curies":[{"name":"wp","href":"https:\/\/api.w.org\/{rel}","templated":true}]}}