{"id":70139,"date":"2026-06-24T10:47:15","date_gmt":"2026-06-24T13:47:15","guid":{"rendered":"https:\/\/guialimeira.com.br\/prefeitura-de-limeira-abre-inscricoes-para-curso-gratuito-de-processamento-caseiro-de-frutas-e-vegetais\/"},"modified":"2026-06-24T10:47:15","modified_gmt":"2026-06-24T13:47:15","slug":"prefeitura-de-limeira-abre-inscricoes-para-curso-gratuito-de-processamento-caseiro-de-frutas-e-vegetais","status":"publish","type":"post","link":"https:\/\/guialimeira.com.br\/news\/prefeitura-de-limeira-abre-inscricoes-para-curso-gratuito-de-processamento-caseiro-de-frutas-e-vegetais\/","title":{"rendered":"Prefeitura de Limeira abre inscri\u00e7\u00f5es para curso gratuito de processamento caseiro de frutas e vegetais"},"content":{"rendered":"<p> <br \/>\n<\/p>\n<div id=\"\">&#13;<br \/>\n                    &#13;<br \/>\n&#13;<br \/>\n&#13;<br \/>\n&#13;<\/p>\n<header class=\"list-header\">&#13;<br \/>\n    &#13;<br \/>\n&#13;<\/p>\n<nav class=\"breadcrumbs__container no-print\">&#13;<br \/>\n    <a class=\"breadcrumbs__item\" href=\"https:\/\/limeira.sp.gov.br\/\" rel=\"noopener\">In\u00edcio<\/a>&#13;<br \/>\n&#13;<br \/>\n&#13;<br \/>\n&#13;<br \/>\n<\/nav>\n<p>&#13;<br \/>\n&#13;<br \/>\n    &#13;<br \/>\n&#13;<\/p>\n<p class=\"page-description\">&#13;<br \/>\n            Capacita\u00e7\u00e3o tem 15 vagas e ensina t\u00e9cnicas artesanais para produ\u00e7\u00e3o de doces, conservas e geleias; aulas acontecem em julho no NAC&#13;\n        <\/p>\n<p>&#13;<br \/>\n&#13;<br \/>\n    &#13;<br \/>\n<\/header>\n<p>&#13;<br \/>\n&#13;<br \/>\n    <img data-recalc-dims=\"1\" decoding=\"async\" src=\"https:\/\/i0.wp.com\/ecrie.com.br\/sistema\/conteudos\/imagem\/m_137_0_1_24062026104604.jpg?w=696&#038;ssl=1\" alt=\"Prefeitura de Limeira abre inscri\u00e7\u00f5es para curso gratuito de processamento caseiro de frutas e vegetais\"\/>&#13;<br \/>\n&#13;<br \/>\n&#13;<\/p>\n<p class=\"font-claude-response-body break-words whitespace-normal\">A Secretaria de Promo\u00e7\u00e3o Social (Seprosom) abre nesta quarta-feira (24) as inscri\u00e7\u00f5es para o curso gratuito &#8220;Processamento caseiro de frutas e vegetais&#8221;. A capacita\u00e7\u00e3o \u00e9 realizada em parceria com o Servi\u00e7o Nacional de Aprendizagem Rural (Senar) e ensina t\u00e9cnicas artesanais para aproveitamento de frutas e vegetais, com foco na redu\u00e7\u00e3o do desperd\u00edcio de alimentos e na gera\u00e7\u00e3o de renda.<\/p>\n<p>&#13;<\/p>\n<p class=\"font-claude-response-body break-words whitespace-normal\">As aulas acontecem nos dias 1, 2 e 3 de julho, das 8h \u00e0s 17h, na cozinha do N\u00facleo de Atendimento ao Cidad\u00e3o (NAC), na Avenida Dr. Lauro Corr\u00eaa da Silva, 3.800. A carga hor\u00e1ria total \u00e9 de 24 horas.<\/p>\n<p>&#13;<\/p>\n<p class=\"font-claude-response-body break-words whitespace-normal\">S\u00e3o 15 vagas, preenchidas por ordem de inscri\u00e7\u00e3o. Para participar, \u00e9 preciso residir em Limeira, ter ao menos 18 anos e ser alfabetizado. As inscri\u00e7\u00f5es podem ser feitas pelo formul\u00e1rio on-line (<a class=\"underline underline underline-offset-2 decoration-1 decoration-current\/40 hover:decoration-current focus:decoration-current\" href=\"https:\/\/forms.gle\/abiwyFhdBBvx27jc6\" rel=\"noopener\">https:\/\/forms.gle\/abiwyFhdBBvx27jc6<\/a>) ou presencialmente no NAC.<\/p>\n<p>&#13;<\/p>\n<p class=\"font-claude-response-body break-words whitespace-normal\">O curso aborda a produ\u00e7\u00e3o artesanal de doces, geleias, compotas, pimentas e outras receitas, sempre com orienta\u00e7\u00f5es sobre boas pr\u00e1ticas de higiene e manipula\u00e7\u00e3o de alimentos. A a\u00e7\u00e3o est\u00e1 alinhada ao Objetivo de Desenvolvimento Sustent\u00e1vel (ODS) 8 da ONU, que trata do trabalho decente e do crescimento econ\u00f4mico inclusivo.<\/p>\n<p>&#13;<\/p>\n<p class=\"font-claude-response-body break-words whitespace-normal\"><strong>SERVI\u00c7O<\/strong><br \/>Curso gratuito de Processamento Caseiro de Frutas e Vegetais<br \/><strong>Datas:<\/strong> 1, 2 e 3\/7 (ter\u00e7a, quarta e quinta-feira)<br \/><strong>Hor\u00e1rio:<\/strong> das 8h \u00e0s 17h<br \/><strong>Local:<\/strong> NAC \u2014 Av. Dr. Lauro Corr\u00eaa da Silva, 3.800<br \/><strong>Inscri\u00e7\u00f5es:<\/strong> on-line pelo link <a class=\"underline underline underline-offset-2 decoration-1 decoration-current\/40 hover:decoration-current focus:decoration-current\" href=\"https:\/\/forms.gle\/Zs7AqBL69nE3Btcc7\" rel=\"noopener\">https:\/\/forms.gle\/Zs7AqBL69nE3Btcc7<\/a> ou presencialmente no NAC<br \/><strong>Informa\u00e7\u00f5es:<\/strong> canal do Nisp no WhatsApp \u2014 <a class=\"underline underline underline-offset-2 decoration-1 decoration-current\/40 hover:decoration-current focus:decoration-current\" href=\"https:\/\/www.whatsapp.com\/channel\/0029VamHf0GIN9isteGu5l3N\" rel=\"noopener\">https:\/\/www.whatsapp.com\/channel\/0029VamHf0GIN9isteGu5l3N<\/a><\/p>\n<p>&#13;<br \/>\n&#13;<br \/>\n&#13;<br \/>\n&#13;<\/p>\n<article class=\"conteudo-relacionado no-print\">&#13;<\/p>\n<header class=\"list-header\">&#13;<\/p>\n<h4>Conte\u00fados Relacionados<\/h4>\n<p>&#13;<br \/>\n        <\/header>\n<p>&#13;<br \/>\n&#13;<br \/>\n        &#13;<br \/>\n    <\/article>\n<p>&#13;<br \/>\n&#13;\n                <\/p><\/div>\n<p><br \/>\n<br \/><a href=\"https:\/\/limeira.sp.gov.br\/prefeitura-de-limeira-abre-inscricoes-para-curso-gratuito-de-processamento-caseiro-de-frutas-e-vegetais\" rel=\"noopener\">Informa\u00e7\u00f5es da PML <\/a><\/p>\n","protected":false},"excerpt":{"rendered":"<p>&#13; &#13; &#13; &#13; &#13; &#13; &#13; &#13; &#13; In\u00edcio&#13; &#13; &#13; &#13; &#13; &#13; &#13; &#13; &#13; Capacita\u00e7\u00e3o tem 15 vagas e ensina t\u00e9cnicas artesanais para produ\u00e7\u00e3o de doces, conservas e geleias; aulas acontecem em julho no NAC&#13; &#13; &#13; &#13; &#13; &#13; &#13; &#13; &#13; A Secretaria de Promo\u00e7\u00e3o Social (Seprosom) abre nesta [&hellip;]<\/p>\n","protected":false},"author":1,"featured_media":70140,"comment_status":"","ping_status":"open","sticky":false,"template":"","format":"standard","meta":{"_jetpack_newsletter_access":"","_jetpack_dont_email_post_to_subs":false,"_jetpack_newsletter_tier_id":0,"_jetpack_memberships_contains_paywalled_content":false,"_mbp_banners":[],"_jetpack_feature_clip_id":0,"_jetpack_memberships_contains_paid_content":false,"footnotes":"","jetpack_publicize_message":"","jetpack_publicize_feature_enabled":true,"jetpack_social_post_already_shared":true,"jetpack_social_options":{"image_generator_settings":{"template":"highway","default_image_id":0,"font":"","enabled":false},"version":2},"jetpack_post_was_ever_published":false},"categories":[16],"tags":[],"class_list":["post-70139","post","type-post","status-publish","format-standard","has-post-thumbnail","category-local"],"jetpack_publicize_connections":[],"jetpack-related-posts":[],"jetpack_shortlink":"https:\/\/wp.me\/p7Eq1F-ifh","jetpack_sharing_enabled":true,"jetpack_featured_media_url":"https:\/\/i0.wp.com\/guialimeira.com.br\/news\/wp-content\/uploads\/2026\/06\/m_137_0_1_24062026104604.jpg?fit=1024%2C683&ssl=1","_links":{"self":[{"href":"https:\/\/guialimeira.com.br\/news\/wp-json\/wp\/v2\/posts\/70139","targetHints":{"allow":["GET"]}}],"collection":[{"href":"https:\/\/guialimeira.com.br\/news\/wp-json\/wp\/v2\/posts"}],"about":[{"href":"https:\/\/guialimeira.com.br\/news\/wp-json\/wp\/v2\/types\/post"}],"author":[{"embeddable":true,"href":"https:\/\/guialimeira.com.br\/news\/wp-json\/wp\/v2\/users\/1"}],"replies":[{"embeddable":true,"href":"https:\/\/guialimeira.com.br\/news\/wp-json\/wp\/v2\/comments?post=70139"}],"version-history":[{"count":0,"href":"https:\/\/guialimeira.com.br\/news\/wp-json\/wp\/v2\/posts\/70139\/revisions"}],"wp:featuredmedia":[{"embeddable":true,"href":"https:\/\/guialimeira.com.br\/news\/wp-json\/wp\/v2\/media\/70140"}],"wp:attachment":[{"href":"https:\/\/guialimeira.com.br\/news\/wp-json\/wp\/v2\/media?parent=70139"}],"wp:term":[{"taxonomy":"category","embeddable":true,"href":"https:\/\/guialimeira.com.br\/news\/wp-json\/wp\/v2\/categories?post=70139"},{"taxonomy":"post_tag","embeddable":true,"href":"https:\/\/guialimeira.com.br\/news\/wp-json\/wp\/v2\/tags?post=70139"}],"curies":[{"name":"wp","href":"https:\/\/api.w.org\/{rel}","templated":true}]}}